{"id":87,"date":"2015-08-23T09:18:45","date_gmt":"2015-08-23T07:18:45","guid":{"rendered":"http:\/\/www.studiolegalesenatore.it\/avvocati\/?p=87"},"modified":"2015-08-25T10:26:00","modified_gmt":"2015-08-25T08:26:00","slug":"legalita-sicurezza-e-sviluppo","status":"publish","type":"post","link":"https:\/\/www.studiolegalesenatore.it\/avvocati\/legalita-sicurezza-e-sviluppo\/","title":{"rendered":"Legalit\u00e0. sicurezza e sviluppo"},"content":{"rendered":"<p style=\"text-align: justify;\">20-4-2009<\/p>\n<p style=\"text-align: justify;\">Si svolge a Roma dal 20 al 22 aprile 2009 presso l&#8217;Avvocature Generale dello Stato (Sala Vanvitelli) di\u00a0Via dei Portoghesi &#8211; 12 il Forum Nazionale &#8220;Legalit\u00e0, sicurezza, sviluppo. Le nuove sfide della democrazia&#8221;<\/p>\n<p style=\"text-align: justify;\">Promosso dall&#8217;Osservatorio Nazionale Permanente sulla Sicurezza.<\/p>\n<p style=\"text-align: justify;\">L&#8217;intervento dell&#8217;avvocato Senatore \u00e8 previsto nell&#8217;ambito della prima giornata di lavori (ore 12:00) della tre giorni. La sua relazione affronter\u00e0 il tema: &#8220;<em>Il ruolo dell&#8217;Avvocatura nella societ\u00e0 multietnica<\/em>&#8220;.<\/p>\n<p style=\"text-align: justify;\"><div class=\"su-document su-u-responsive-media-yes\"><iframe src=\"\/\/docs.google.com\/viewer?embedded=true&url=http:\/\/www.studiolegalesenatore.it\/avvocati\/wp-content\/uploads\/2015\/08\/forum_nazionale_senatore.pdf\" width=\"600\" height=\"400\" class=\"su-document\" title=\"\"><\/iframe><\/div>\n","protected":false},"excerpt":{"rendered":"<p>20-4-2009 Si svolge a Roma dal 20 al 22 aprile 2009 presso l&#8217;Avvocature Generale dello Stato (Sala Vanvitelli) di\u00a0Via dei Portoghesi &#8211; 12 il Forum Nazionale &#8220;Legalit\u00e0, sicurezza, sviluppo. Le nuove sfide della democrazia&#8221; Promosso dall&#8217;Osservatorio Nazionale Permanente sulla Sicurezza. L&#8217;intervento dell&#8217;avvocato Senatore \u00e8 previsto nell&#8217;ambito della prima giornata di lavori (ore 12:00) della tre giorni. La sua relazione affronter\u00e0 il tema: &#8220;Il ruolo dell&#8217;Avvocatura nella societ\u00e0 multietnica&#8220;.<\/p>\n","protected":false},"author":1,"featured_media":373,"comment_status":"closed","ping_status":"open","sticky":false,"template":"","format":"standard","meta":[],"categories":[13],"tags":[4,14],"_links":{"self":[{"href":"https:\/\/www.studiolegalesenatore.it\/avvocati\/wp-json\/wp\/v2\/posts\/87"}],"collection":[{"href":"https:\/\/www.studiolegalesenatore.it\/avvocati\/wp-json\/wp\/v2\/posts"}],"about":[{"href":"https:\/\/www.studiolegalesenatore.it\/avvocati\/wp-json\/wp\/v2\/types\/post"}],"author":[{"embeddable":true,"href":"https:\/\/www.studiolegalesenatore.it\/avvocati\/wp-json\/wp\/v2\/users\/1"}],"replies":[{"embeddable":true,"href":"https:\/\/www.studiolegalesenatore.it\/avvocati\/wp-json\/wp\/v2\/comments?post=87"}],"version-history":[{"count":2,"href":"https:\/\/www.studiolegalesenatore.it\/avvocati\/wp-json\/wp\/v2\/posts\/87\/revisions"}],"predecessor-version":[{"id":374,"href":"https:\/\/www.studiolegalesenatore.it\/avvocati\/wp-json\/wp\/v2\/posts\/87\/revisions\/374"}],"wp:featuredmedia":[{"embeddable":true,"href":"https:\/\/www.studiolegalesenatore.it\/avvocati\/wp-json\/wp\/v2\/media\/373"}],"wp:attachment":[{"href":"https:\/\/www.studiolegalesenatore.it\/avvocati\/wp-json\/wp\/v2\/media?parent=87"}],"wp:term":[{"taxonomy":"category","embeddable":true,"href":"https:\/\/www.studiolegalesenatore.it\/avvocati\/wp-json\/wp\/v2\/categories?post=87"},{"taxonomy":"post_tag","embeddable":true,"href":"https:\/\/www.studiolegalesenatore.it\/avvocati\/wp-json\/wp\/v2\/tags?post=87"}],"curies":[{"name":"wp","href":"https:\/\/api.w.org\/{rel}","templated":true}]}}