{"id":521,"date":"2015-08-26T23:20:01","date_gmt":"2015-08-26T21:20:01","guid":{"rendered":"http:\/\/www.studiolegalesenatore.it\/avvocati\/?p=521"},"modified":"2017-01-25T03:22:26","modified_gmt":"2017-01-25T02:22:26","slug":"cuba-morte-e-resurrezione-del-giovane-eroe-napoletano","status":"publish","type":"post","link":"https:\/\/www.studiolegalesenatore.it\/avvocati\/cuba-morte-e-resurrezione-del-giovane-eroe-napoletano\/","title":{"rendered":"Cuba, morte e &#8220;resurrezione&#8221; del giovane eroe napoletano"},"content":{"rendered":"<p><span class=\"dropcap\">F<\/span>rancesco Romanetti Un elogio funebre in suo ricordo venne vergato nel 1898. Commossi e attoniti, amici e parenti versarono a Napoli calde lacrime.<\/p>\n<p><em>Il Mattino, 31\/5\/2010<\/em><\/p>\n<p>Addio, Oreste, sepolto nella lontana Cuba, dall\u2019altra parte dei mari, dove sei andato a combattere e a morire, a soli 22 anni, per liberare l\u2019isola dal giogo coloniale spagnolo. Requiescat in pace. La storia poteva finire l\u00ec. Oreste Ferrara, classe 1876, sarebbe stato ricordato cos\u00ec: giovane eroe romantico di fine secolo, caduto per i suoi ideali anarchici e libertari. E invece no. Non fin\u00ec cos\u00ec. La notizia giunta a Napoli della morte di Oreste era errata. E lui avrebbe avuto tutto il tempo di invecchiare. E, invecchiando, di cambiare, di comandare, di tramare, di arricchirsi. Di tradire. La vita avventurosa, controversa e intensa di Oreste Ferrara si sarebbe conclusa a Roma nel 1972. Aveva 96 anni. L\u2019ex giovane eroe, l\u2019ex anarchico era diventato nel tempo avvocato, uomo d\u2019affari e affarista, docente di Diritto, governatore della provincia cubana di Las Villas, presidente della Camera di Cuba, uomo di fiducia del dittatore Machado, ministro degli Esteri, ministro delle Finanze, ambasciatore a Washington. A raccontare questa vita spericolata \u00e8 ora il libro di Alessandro Senatore L\u2019anarchico elegante (Guida, pagg. 390, euro 15) che recupera una storia dimenticata. Un libro scritto con passione. L\u2019autore, avvocato di professione e presidente dell\u2019Istituto Italia-Cuba, riferisce di aver scoperto per caso l\u2019esistenza di Oreste Ferrara, conosciuto come Orestes Ferrara y Marino. Di famiglia garibaldina, di temperamento ribelle, l\u2019irrequieto Oreste a Napoli aveva stretto amicizia con Arturo Labriola, era rimasto affascinato dall\u2019avvocato anarchico Saverio Merlino e aveva anche scritto qualche cosuccia per \u00abIl Mattino\u00bb di Matilde Serao. Poi Cuba. Quasi una fuga, senza avvertire i genitori. E a Cuba l\u2019epopea della guerra d\u2019indipendenza, al fianco di Maximo Gomez e degli altri leggendari comandanti rivoluzionari. E poi l\u2019evoluzione-involuzione, che lo trasforma in cinico e spregiudicato uomo di potere. Sia quando il potere \u00e8 puro affarismo (il politico Ferrara pensa anche ad accaparrarsi appalti), sia quando \u00e8 coercizione e repressione. Altro che anarchia. Eppure un tratto che continuer\u00e0 a contraddistinguerlo \u00e8 la fiera avversione per le ingerenze di Washington, che lo porter\u00e0 allo scontro aperto con il proconsole yankee, l\u2019ambasciatore Summer Wells. Enigma Ferrara. Comunque per mezzo secolo con un ruolo da protagonista, nel bene e nel male, nella storia di Cuba. Fino al maldestro tentativo di accreditarsi come uomo di tutte le stagioni, dopo il trionfo della rivoluzione di Castro, nel 1959. Non se ne fece nulla. E non a caso Oreste scelse di trasferirsi nella Spagna del dittatore Francisco Franco, per poi spostarsi infine a Roma. Il prematuro necrologio del 1898 aveva pianto un ragazzo eroe. Altri tempi, un altro secolo, un\u2019altra persona.<\/p>\n<p>Tratto dal Mattino e scritto da Francesco Romanetti.<\/p>\n","protected":false},"excerpt":{"rendered":"<p>Francesco Romanetti Un elogio funebre in suo ricordo venne vergato nel 1898. Commossi e attoniti, amici e parenti versarono a Napoli calde lacrime. Il Mattino, 31\/5\/2010 Addio, Oreste, sepolto nella lontana Cuba, dall\u2019altra parte dei mari, dove sei andato a combattere e a morire, a soli 22 anni, per liberare l\u2019isola dal giogo coloniale spagnolo. Requiescat in pace. La storia poteva finire l\u00ec. Oreste Ferrara, classe 1876, sarebbe stato ricordato cos\u00ec: giovane eroe romantico di fine secolo, caduto per i suoi ideali anarchici e libertari. E invece no. Non fin\u00ec cos\u00ec. La notizia giunta a Napoli della morte di Oreste [&hellip;]<\/p>\n","protected":false},"author":1,"featured_media":387,"comment_status":"closed","ping_status":"open","sticky":false,"template":"","format":"standard","meta":[],"categories":[1],"tags":[],"_links":{"self":[{"href":"https:\/\/www.studiolegalesenatore.it\/avvocati\/wp-json\/wp\/v2\/posts\/521"}],"collection":[{"href":"https:\/\/www.studiolegalesenatore.it\/avvocati\/wp-json\/wp\/v2\/posts"}],"about":[{"href":"https:\/\/www.studiolegalesenatore.it\/avvocati\/wp-json\/wp\/v2\/types\/post"}],"author":[{"embeddable":true,"href":"https:\/\/www.studiolegalesenatore.it\/avvocati\/wp-json\/wp\/v2\/users\/1"}],"replies":[{"embeddable":true,"href":"https:\/\/www.studiolegalesenatore.it\/avvocati\/wp-json\/wp\/v2\/comments?post=521"}],"version-history":[{"count":1,"href":"https:\/\/www.studiolegalesenatore.it\/avvocati\/wp-json\/wp\/v2\/posts\/521\/revisions"}],"predecessor-version":[{"id":522,"href":"https:\/\/www.studiolegalesenatore.it\/avvocati\/wp-json\/wp\/v2\/posts\/521\/revisions\/522"}],"wp:featuredmedia":[{"embeddable":true,"href":"https:\/\/www.studiolegalesenatore.it\/avvocati\/wp-json\/wp\/v2\/media\/387"}],"wp:attachment":[{"href":"https:\/\/www.studiolegalesenatore.it\/avvocati\/wp-json\/wp\/v2\/media?parent=521"}],"wp:term":[{"taxonomy":"category","embeddable":true,"href":"https:\/\/www.studiolegalesenatore.it\/avvocati\/wp-json\/wp\/v2\/categories?post=521"},{"taxonomy":"post_tag","embeddable":true,"href":"https:\/\/www.studiolegalesenatore.it\/avvocati\/wp-json\/wp\/v2\/tags?post=521"}],"curies":[{"name":"wp","href":"https:\/\/api.w.org\/{rel}","templated":true}]}}