{"id":456,"date":"2015-09-26T12:16:12","date_gmt":"2015-09-26T10:16:12","guid":{"rendered":"http:\/\/www.studiolegalesenatore.it\/avvocati\/?p=456"},"modified":"2017-02-12T08:35:39","modified_gmt":"2017-02-12T07:35:39","slug":"gemellaggio-avvocati-napoli-madrid-2005","status":"publish","type":"post","link":"https:\/\/www.studiolegalesenatore.it\/avvocati\/gemellaggio-avvocati-napoli-madrid-2005\/","title":{"rendered":"Gemellaggio Avvocati Napoli Madrid 2005"},"content":{"rendered":"<p style=\"text-align: justify;\">L&#8217;incotro di Castel Capuano tra le delegazioni degli avvocati di Napoli e Madrid ha rappresentato un&#8217;occasione di confronto scientifico e scambio culturale tra due citt\u00e0 latine storicamente amiche. Nelle foto l&#8217;avvocato Senatore discute con il Decano di Madrid Luis Mart\u00ec Mingarro. Al termine dell&#8217;incontro \u00e8 stato siglato un accordo di gemellaggio tra le due Avvocature.<\/p>\n<div class=\"su-custom-gallery su-custom-gallery-title-never su-lightbox-gallery\"><div class=\"su-custom-gallery-slide\"><a href=\"https:\/\/www.studiolegalesenatore.it\/avvocati\/wp-content\/uploads\/2015\/08\/011.jpg\" title=\"01\"><img src=\"https:\/\/www.studiolegalesenatore.it\/avvocati\/wp-content\/uploads\/2015\/08\/011-300x170.jpg\" alt=\"01\" width=\"300\" height=\"170\" \/><span class=\"su-custom-gallery-title\">01<\/span><\/a><\/div><div class=\"su-custom-gallery-slide\"><a href=\"https:\/\/www.studiolegalesenatore.it\/avvocati\/wp-content\/uploads\/2015\/08\/111.jpg\" title=\"11\"><img src=\"https:\/\/www.studiolegalesenatore.it\/avvocati\/wp-content\/uploads\/2015\/08\/111-300x170.jpg\" alt=\"11\" width=\"300\" height=\"170\" \/><span class=\"su-custom-gallery-title\">11<\/span><\/a><\/div><div class=\"su-custom-gallery-slide\"><a href=\"https:\/\/www.studiolegalesenatore.it\/avvocati\/wp-content\/uploads\/2015\/08\/091.jpg\" title=\"09\"><img src=\"https:\/\/www.studiolegalesenatore.it\/avvocati\/wp-content\/uploads\/2015\/08\/091-300x170.jpg\" alt=\"09\" width=\"300\" height=\"170\" \/><span class=\"su-custom-gallery-title\">09<\/span><\/a><\/div><div class=\"su-custom-gallery-slide\"><a href=\"https:\/\/www.studiolegalesenatore.it\/avvocati\/wp-content\/uploads\/2015\/08\/08.jpg\" title=\"08\"><img src=\"https:\/\/www.studiolegalesenatore.it\/avvocati\/wp-content\/uploads\/2015\/08\/08-300x170.jpg\" alt=\"08\" width=\"300\" height=\"170\" \/><span class=\"su-custom-gallery-title\">08<\/span><\/a><\/div><div class=\"su-custom-gallery-slide\"><a href=\"https:\/\/www.studiolegalesenatore.it\/avvocati\/wp-content\/uploads\/2015\/08\/071.jpg\" title=\"07\"><img src=\"https:\/\/www.studiolegalesenatore.it\/avvocati\/wp-content\/uploads\/2015\/08\/071-300x170.jpg\" alt=\"07\" width=\"300\" height=\"170\" \/><span class=\"su-custom-gallery-title\">07<\/span><\/a><\/div><div class=\"su-custom-gallery-slide\"><a href=\"https:\/\/www.studiolegalesenatore.it\/avvocati\/wp-content\/uploads\/2015\/08\/06.jpg\" title=\"06\"><img src=\"https:\/\/www.studiolegalesenatore.it\/avvocati\/wp-content\/uploads\/2015\/08\/06-300x170.jpg\" alt=\"06\" width=\"300\" height=\"170\" \/><span class=\"su-custom-gallery-title\">06<\/span><\/a><\/div><div class=\"su-custom-gallery-slide\"><a href=\"https:\/\/www.studiolegalesenatore.it\/avvocati\/wp-content\/uploads\/2015\/08\/041.jpg\" title=\"04\"><img src=\"https:\/\/www.studiolegalesenatore.it\/avvocati\/wp-content\/uploads\/2015\/08\/041-300x170.jpg\" alt=\"04\" width=\"300\" height=\"170\" \/><span class=\"su-custom-gallery-title\">04<\/span><\/a><\/div><div class=\"su-custom-gallery-slide\"><a href=\"https:\/\/www.studiolegalesenatore.it\/avvocati\/wp-content\/uploads\/2015\/08\/021.jpg\" title=\"02\"><img src=\"https:\/\/www.studiolegalesenatore.it\/avvocati\/wp-content\/uploads\/2015\/08\/021-300x170.jpg\" alt=\"02\" width=\"300\" height=\"170\" \/><span class=\"su-custom-gallery-title\">02<\/span><\/a><\/div><div class=\"su-clear\"><\/div><\/div>\n","protected":false},"excerpt":{"rendered":"<p>L&#8217;incotro di Castel Capuano tra le delegazioni degli avvocati di Napoli e Madrid ha rappresentato un&#8217;occasione di confronto scientifico e scambio culturale tra due citt\u00e0 latine storicamente amiche. Nelle foto l&#8217;avvocato Senatore discute con il Decano di Madrid Luis Mart\u00ec Mingarro. Al termine dell&#8217;incontro \u00e8 stato siglato un accordo di gemellaggio tra le due Avvocature.<\/p>\n","protected":false},"author":1,"featured_media":139,"comment_status":"closed","ping_status":"open","sticky":false,"template":"","format":"standard","meta":[],"categories":[21],"tags":[4,22],"_links":{"self":[{"href":"https:\/\/www.studiolegalesenatore.it\/avvocati\/wp-json\/wp\/v2\/posts\/456"}],"collection":[{"href":"https:\/\/www.studiolegalesenatore.it\/avvocati\/wp-json\/wp\/v2\/posts"}],"about":[{"href":"https:\/\/www.studiolegalesenatore.it\/avvocati\/wp-json\/wp\/v2\/types\/post"}],"author":[{"embeddable":true,"href":"https:\/\/www.studiolegalesenatore.it\/avvocati\/wp-json\/wp\/v2\/users\/1"}],"replies":[{"embeddable":true,"href":"https:\/\/www.studiolegalesenatore.it\/avvocati\/wp-json\/wp\/v2\/comments?post=456"}],"version-history":[{"count":3,"href":"https:\/\/www.studiolegalesenatore.it\/avvocati\/wp-json\/wp\/v2\/posts\/456\/revisions"}],"predecessor-version":[{"id":1163,"href":"https:\/\/www.studiolegalesenatore.it\/avvocati\/wp-json\/wp\/v2\/posts\/456\/revisions\/1163"}],"wp:featuredmedia":[{"embeddable":true,"href":"https:\/\/www.studiolegalesenatore.it\/avvocati\/wp-json\/wp\/v2\/media\/139"}],"wp:attachment":[{"href":"https:\/\/www.studiolegalesenatore.it\/avvocati\/wp-json\/wp\/v2\/media?parent=456"}],"wp:term":[{"taxonomy":"category","embeddable":true,"href":"https:\/\/www.studiolegalesenatore.it\/avvocati\/wp-json\/wp\/v2\/categories?post=456"},{"taxonomy":"post_tag","embeddable":true,"href":"https:\/\/www.studiolegalesenatore.it\/avvocati\/wp-json\/wp\/v2\/tags?post=456"}],"curies":[{"name":"wp","href":"https:\/\/api.w.org\/{rel}","templated":true}]}}