{"id":438,"date":"2016-11-26T11:41:05","date_gmt":"2016-11-26T10:41:05","guid":{"rendered":"http:\/\/www.studiolegalesenatore.it\/avvocati\/?p=438"},"modified":"2017-02-10T16:15:42","modified_gmt":"2017-02-10T15:15:42","slug":"congresso-nazionale-oua-napoli-16-18-012014","status":"publish","type":"post","link":"https:\/\/www.studiolegalesenatore.it\/avvocati\/congresso-nazionale-oua-napoli-16-18-012014\/","title":{"rendered":"Congresso Nazionale OUA Napoli 16 &#8211; 18 \/01\/2014"},"content":{"rendered":"<p>Discorso tenuto all&#8217;VIII congresso <em>dell&#8217;OUA (Organismo Unitario Avvocatura)<\/em> in rappresentanza dell&#8217;associazione &#8220;Libera Avvocatura&#8221; &#8211; Movimento di singoli avvocati ed associazioni forenzi aderenti.<\/p>\n<p>&nbsp;<\/p>\n<p>\n<object width=\"470\" height=\"350\" data=\"http:\/\/www.radioradicale.it\/swf\/fp\/flowplayer-3.2.7.swf?30207f&amp;config=http:\/\/www.radioradicale.it\/scheda\/embedcfg\/400604\/2838823\" type=\"application\/x-shockwave-flash\"><param name=\"movie\" value=\"http:\/\/www.radioradicale.it\/swf\/fp\/flowplayer-3.2.7.swf?30207f&amp;config=http:\/\/www.radioradicale.it\/scheda\/embedcfg\/400604\/2838823\" \/><param name=\"allowFullScreen\" value=\"true\" \/><param name=\"allowscriptaccess\" value=\"always\" \/><\/object>\n<\/p>\n<p>&nbsp;<\/p>\n<p>Non siamo degli ingenui e da tempo non ci fidiamo di questa classe politica, fatta di nominati, che non ci rappresenta e non difende i diritti dei cittadini.<\/p>\n<p>Per gli avvocati \u00e8 giunta l\u2019ora di dire basta e di smetterla di giocare sulla difensiva con i governi, mostrando cos\u00ec un \u2018inaccettabile sudditanza psicologica e culturale nei confronti di chi ha portato il Paese alla rovina.<\/p>\n<p>Da troppo tempo siamo costretti a rintuzzare le loro finte riforme, figlie di una concezione autoritaria dello Stato e a lottare contro gli innumerevoli provvedimenti illegittimi e incostituzionali, che hanno fatto scempio di quei \u00a0diritti che i nostri padri ci avevano donato e che avevamo il dovere di custodire.<\/p>\n<p>&nbsp;<\/p>\n<p>Senza alcun timore dobbiamo riaprire un dialogo costruttivo con la cittadinanza, che si \u00e8 sentita tradita da noi, per tornare a svolgere, nei fatti e non a parole , quel ruolo di \u00a0tutela delle libert\u00e0 violate e dei troppi diritti negati \u00a0o non riconosciuti.<\/p>\n<p>Non siamo degli sprovveduti e non pensiamo che questi provvedimenti siano il frutto della casualit\u00e0 o di un ceto politico rozzo ed ignorante che, agendo in maniera inconsapevole, ha in odio gli avvocati, ma sappiamo bene che queste leggi sono il portato di una concezione ormai predominante in Europa che cerca in tutti i modi di contrastare la funzione sociale di contropotere, che la migliore avvocatura ha storicamente svolto, concependo il ruolo dell\u2019 avvocato, al pari di un semplice prestatore di servizi, \u00a0.<\/p>\n<p>E proprio perch\u00e9 non siamo degli sciocchi, sappiamo che i termini reali della partita, che si sta giocando a livello europeo \u00e8 ben noto a tutti , sia a chi &#8211; condizionando le politiche dei vari governi che si sono succeduti, \u00a0cerca di imporre un modello di avvocatura funzionale agli interessi dei potentati economici, sia a chi, in questi anni pur avendo il compito di rappresentare gli interessi dell\u2019avvocatura e il diritto di difesa, \u00a0ha preferito contrattare al ribasso e scendere a compromessi con chi aveva deciso di annientarci e relegarci in un ruolo subordinato.<\/p>\n<p>Ebbene, il tempo degli indugi \u00e8 finito ed \u00e8 \u00a0giunto il momento di avere coraggio e di accettare la sfida Bisogna alzare il livello dello scontro contro i nemici dell\u2019avvocatura e sfidarli apertamente per \u00a0rivendicare una volta per tutte, senza se e senza ma la nostra funzione sociale di custodi del diritto contro gli abusi del potere e stroncare sul nascere ogni tentativo di minacciare la nostra indipendenza ed autonomia<\/p>\n<p>E poich\u00e9 non siamo n\u00e9 ingenui, n\u00e9 sprovveduti n\u00e9 sciocchi e siamo consapevoli che molti di coloro che ci rappresentano non hanno la stessa nostra concezione dell\u2019avvocatura e considerano queste posizione idealiste e superate dai tempi chiediamo che l\u2019OUA ponga al centro del dibattito della prossima conferenza nazionale il tema fondamentale del ruolo e della funzione che l\u2019avvocatura deve svolgere nella societ\u00e0 moderna affinch\u00e9, senza ipocrisie e fraintendimenti ci sia un confronto tra le ha diverse visioni dell\u2019avvocatura.<\/p>\n<p>Perch\u00e9 deve essere chiaro a tutti che la rinascita dell\u2019avvocatura passa necessariamente attraverso il \u00a0superamento della crisi di identit\u00e0 che l\u2019attraversa e il senso di smarrimento che la indebolisce e questa riflessione non pu\u00f2 essere lasciata alla libera interpretazione di ogni singolo avvocato, ma deve essere frutto di elaborazione collettiva che ci coinvolga tutti. Fino a quando non riusciremo a costruire una nuova figura di avvocato saremo fragili e preda dei lupi famelici che governano la societ\u00e0, ostaggi di chi vuole ha un\u2019idea del diritto come merce e della Giustizia come nuovo mercato da conquistare.<\/p>\n<p>Qualunque sia la strada che intendiamo percorrere il nostro primo dovere sar\u00e0 quello di non abbandonare nessuno e respingere l\u2019idea del \u201cmors tua, vita mea\u201d , perch\u00e9 pi\u00f9 l\u2019avvocatura sar\u00e0 divisa e pi\u00f9 sar\u00e0 facile distruggerci. E\u2019 bene dirlo, vogliono fiaccare i nostri spiriti per poi comprarci a basso prezzo, perch\u00e9 \u2013 e loro lo sanno bene- hanno comunque bisogno della nostra professionalit\u00e0, della nostra intelligenza, della nostra cultura.<\/p>\n<p>Vanno infine fatte due brevi considerazioni :<\/p>\n<p>1) \u00a0se \u00e8 vero, come \u00e8 vero, che l\u2019aggressione all\u2019avvocatura \u00e8 su scala mondiale \u00e8 inimmaginabile e folle pensare di respingere gli attacchi alla nostra libert\u00e0 ed indipendenza senza affrontare il problema nei termini di una costante e fitta collaborazione con gli avvocati degli altri paesi e su questo punto invitiamo l\u2019OUA ha intraprendere un\u2019iniziativa forte e decisa che coinvolga quantomeno gli avvocati europei e del bacino del Mediterraneo e sono certo che il Presidente Caia e gli avvocati napoletani vorranno mettere a disposizione dell\u2019OUA , l\u2019esperienza acquisita negli ultimi anni.<\/p>\n<p>2) sappiamo che dobbiamo accettare le sfide della modernit\u00e0 e dare risposte ai cittadini in termini di professionalit\u00e0, economicit\u00e0 e rapidit\u00e0 e siamo pronti ad accettare tutte le sfide che una societ\u00e0 moderna ci impone, a condizione che non sia mai tradita la nostra funzione sociale. Ed \u00e8 proprio in riferimento alle nuove sfide da affrontare e alla necessit\u00e0 di percorrere nuove strade siamo convinti che l\u2019avvocatura deve guardare con fiduciosa attenzione all\u2019arbitrato, che a differenza della conciliazione non mortifica il diritto ed esalta la figura dell\u2019avvocato sia come difensore delle parti sia quale giudice. Gli avvocati devono aprire una seria discussione sul tema e superare le assurde diffidenze su questo storico istituto che oggi \u00e8 appannaggio di pochi ma che se utilizzato correttamente, pu\u00f2 dare risposte rapide ed efficienti ai cittadini e alle imprese.<\/p>\n<p>Poich\u00e9 questo governo, al pari \u00a0degli ultimi che l\u2019hanno preceduto, ha deciso con vergognosa caparbiet\u00e0 di \u00a0perseverare nella scellerate politiche volte ad ostacolare l\u2019accesso dei cittadini alla giustizia e a mortificare il ruolo degli avvocati, mostrando di condividere \u00a0una concezione illiberale del rapporto cittadino e Stato si invita l\u2019OUA a manifestare al governo che le dimissioni del Ministro Cancellieri e il ritiro degli ultimi provvedimenti in materia di giustizia, sono le condizioni necessarie per avviare un confronto.<\/p>\n","protected":false},"excerpt":{"rendered":"<p>Discorso tenuto all&#8217;VIII congresso dell&#8217;OUA (Organismo Unitario Avvocatura) in rappresentanza dell&#8217;associazione &#8220;Libera Avvocatura&#8221; &#8211; Movimento di singoli avvocati ed associazioni forenzi aderenti. &nbsp; &nbsp; Non siamo degli ingenui e da tempo non ci fidiamo di questa classe politica, fatta di nominati, che non ci rappresenta e non difende i diritti dei cittadini. Per gli avvocati \u00e8 giunta l\u2019ora di dire basta e di smetterla di giocare sulla difensiva con i governi, mostrando cos\u00ec un \u2018inaccettabile sudditanza psicologica e culturale nei confronti di chi ha portato il Paese alla rovina. Da troppo tempo siamo costretti a rintuzzare le loro finte riforme, [&hellip;]<\/p>\n","protected":false},"author":1,"featured_media":440,"comment_status":"closed","ping_status":"open","sticky":false,"template":"","format":"standard","meta":[],"categories":[13],"tags":[4,14],"_links":{"self":[{"href":"https:\/\/www.studiolegalesenatore.it\/avvocati\/wp-json\/wp\/v2\/posts\/438"}],"collection":[{"href":"https:\/\/www.studiolegalesenatore.it\/avvocati\/wp-json\/wp\/v2\/posts"}],"about":[{"href":"https:\/\/www.studiolegalesenatore.it\/avvocati\/wp-json\/wp\/v2\/types\/post"}],"author":[{"embeddable":true,"href":"https:\/\/www.studiolegalesenatore.it\/avvocati\/wp-json\/wp\/v2\/users\/1"}],"replies":[{"embeddable":true,"href":"https:\/\/www.studiolegalesenatore.it\/avvocati\/wp-json\/wp\/v2\/comments?post=438"}],"version-history":[{"count":1,"href":"https:\/\/www.studiolegalesenatore.it\/avvocati\/wp-json\/wp\/v2\/posts\/438\/revisions"}],"predecessor-version":[{"id":439,"href":"https:\/\/www.studiolegalesenatore.it\/avvocati\/wp-json\/wp\/v2\/posts\/438\/revisions\/439"}],"wp:featuredmedia":[{"embeddable":true,"href":"https:\/\/www.studiolegalesenatore.it\/avvocati\/wp-json\/wp\/v2\/media\/440"}],"wp:attachment":[{"href":"https:\/\/www.studiolegalesenatore.it\/avvocati\/wp-json\/wp\/v2\/media?parent=438"}],"wp:term":[{"taxonomy":"category","embeddable":true,"href":"https:\/\/www.studiolegalesenatore.it\/avvocati\/wp-json\/wp\/v2\/categories?post=438"},{"taxonomy":"post_tag","embeddable":true,"href":"https:\/\/www.studiolegalesenatore.it\/avvocati\/wp-json\/wp\/v2\/tags?post=438"}],"curies":[{"name":"wp","href":"https:\/\/api.w.org\/{rel}","templated":true}]}}