{"id":316,"date":"2015-08-23T15:33:12","date_gmt":"2015-08-23T13:33:12","guid":{"rendered":"http:\/\/www.studiolegalesenatore.it\/avvocati\/?p=316"},"modified":"2015-08-25T15:39:10","modified_gmt":"2015-08-25T13:39:10","slug":"vi-spiego-perche-noi-avvocati-scendiamo-in-piazza-a-roma","status":"publish","type":"post","link":"https:\/\/www.studiolegalesenatore.it\/avvocati\/vi-spiego-perche-noi-avvocati-scendiamo-in-piazza-a-roma\/","title":{"rendered":"Vi spiego perch\u00e9 noi avvocati scendiamo in piazza a Roma"},"content":{"rendered":"<div style=\"text-align: justify;\" data-canvas-width=\"237.3754889247698\">Oggi \u00e8 una giornata importante per la democrazia del nostro Paese ed \u00e8 per questo che migliaia di avvocati si recheranno a Roma per manifestare la loro indignazione contro gli ultimi provvedimenti in tema di Giustizia, lasciatici in eredit\u00e0 dal governo precedente. Da Napoli partiranno pi\u00f9 di duemila avvocati e non \u00e8 un caso, perch\u00e9 \u00e8 proprio dalla nostra citt\u00e0 che si \u00e8 alzata con pi\u00f9 forza la protesta indignata degli avvocati contro un governo che ha confermato la sudditanza della politica alle logiche dei potentati economici. Su richiesta dell\u2019Ordine di Napoli, agli avvocati italiani hanno manifestato la solidariet\u00e0 la Fbe (Federation des Barreaux d\u2019Europe), l\u2019Uiba (Union Iberoamericana de Colegios de Abogados), gli Ordini di Barcellona, Valencia e Tunisi e altri sono in procinto di farlo.<\/div>\n<p style=\"text-align: justify;\"><em>Corriere del Mezzogiorno Economia, 20\/02\/2014<\/em><\/p>\n<p style=\"text-align: justify;\"><div class=\"su-document su-u-responsive-media-yes\"><iframe src=\"\/\/docs.google.com\/viewer?embedded=true&url=http:\/\/www.studiolegalesenatore.it\/avvocati\/wp-content\/uploads\/2015\/08\/vi_spiego.pdf\" width=\"600\" height=\"400\" class=\"su-document\" title=\"\"><\/iframe><\/div>\n<p style=\"text-align: justify;\">\n","protected":false},"excerpt":{"rendered":"<p>Oggi \u00e8 una giornata importante per la democrazia del nostro Paese ed \u00e8 per questo che migliaia di avvocati si recheranno a Roma per manifestare la loro indignazione contro gli ultimi provvedimenti in tema di Giustizia, lasciatici in eredit\u00e0 dal governo precedente. Da Napoli partiranno pi\u00f9 di duemila avvocati e non \u00e8 un caso, perch\u00e9 \u00e8 proprio dalla nostra citt\u00e0 che si \u00e8 alzata con pi\u00f9 forza la protesta indignata degli avvocati contro un governo che ha confermato la sudditanza della politica alle logiche dei potentati economici. Su richiesta dell\u2019Ordine di Napoli, agli avvocati italiani hanno manifestato la solidariet\u00e0 la [&hellip;]<\/p>\n","protected":false},"author":1,"featured_media":391,"comment_status":"closed","ping_status":"open","sticky":false,"template":"","format":"standard","meta":[],"categories":[19],"tags":[4,20],"_links":{"self":[{"href":"https:\/\/www.studiolegalesenatore.it\/avvocati\/wp-json\/wp\/v2\/posts\/316"}],"collection":[{"href":"https:\/\/www.studiolegalesenatore.it\/avvocati\/wp-json\/wp\/v2\/posts"}],"about":[{"href":"https:\/\/www.studiolegalesenatore.it\/avvocati\/wp-json\/wp\/v2\/types\/post"}],"author":[{"embeddable":true,"href":"https:\/\/www.studiolegalesenatore.it\/avvocati\/wp-json\/wp\/v2\/users\/1"}],"replies":[{"embeddable":true,"href":"https:\/\/www.studiolegalesenatore.it\/avvocati\/wp-json\/wp\/v2\/comments?post=316"}],"version-history":[{"count":1,"href":"https:\/\/www.studiolegalesenatore.it\/avvocati\/wp-json\/wp\/v2\/posts\/316\/revisions"}],"predecessor-version":[{"id":318,"href":"https:\/\/www.studiolegalesenatore.it\/avvocati\/wp-json\/wp\/v2\/posts\/316\/revisions\/318"}],"wp:featuredmedia":[{"embeddable":true,"href":"https:\/\/www.studiolegalesenatore.it\/avvocati\/wp-json\/wp\/v2\/media\/391"}],"wp:attachment":[{"href":"https:\/\/www.studiolegalesenatore.it\/avvocati\/wp-json\/wp\/v2\/media?parent=316"}],"wp:term":[{"taxonomy":"category","embeddable":true,"href":"https:\/\/www.studiolegalesenatore.it\/avvocati\/wp-json\/wp\/v2\/categories?post=316"},{"taxonomy":"post_tag","embeddable":true,"href":"https:\/\/www.studiolegalesenatore.it\/avvocati\/wp-json\/wp\/v2\/tags?post=316"}],"curies":[{"name":"wp","href":"https:\/\/api.w.org\/{rel}","templated":true}]}}