{"id":1514,"date":"2021-03-14T16:12:36","date_gmt":"2021-03-14T15:12:36","guid":{"rendered":"http:\/\/www.studiolegalesenatore.it\/avvocati\/?p=1514"},"modified":"2021-05-13T13:02:40","modified_gmt":"2021-05-13T11:02:40","slug":"oreste-ferrara","status":"publish","type":"post","link":"https:\/\/www.studiolegalesenatore.it\/avvocati\/oreste-ferrara\/","title":{"rendered":"L&#8217;Anarchico Elegante un libro di Alessandro Senatore, un successo giunto alla sua terza edizione."},"content":{"rendered":"<p>&nbsp;<\/p>\n<p><img loading=\"lazy\" class=\"alignnone size-full wp-image-1762\" src=\"http:\/\/www.studiolegalesenatore.it\/avvocati\/wp-content\/uploads\/2021\/03\/varie-edizioni-oreste.jpg\" alt=\"\" width=\"1000\" height=\"405\" srcset=\"https:\/\/www.studiolegalesenatore.it\/avvocati\/wp-content\/uploads\/2021\/03\/varie-edizioni-oreste.jpg 1000w, https:\/\/www.studiolegalesenatore.it\/avvocati\/wp-content\/uploads\/2021\/03\/varie-edizioni-oreste-300x122.jpg 300w, https:\/\/www.studiolegalesenatore.it\/avvocati\/wp-content\/uploads\/2021\/03\/varie-edizioni-oreste-768x311.jpg 768w, https:\/\/www.studiolegalesenatore.it\/avvocati\/wp-content\/uploads\/2021\/03\/varie-edizioni-oreste-148x60.jpg 148w, https:\/\/www.studiolegalesenatore.it\/avvocati\/wp-content\/uploads\/2021\/03\/varie-edizioni-oreste-640x259.jpg 640w\" sizes=\"(max-width: 1000px) 100vw, 1000px\" \/><\/p>\n<h4><strong>&#8220;Napoli fine ottocento. Un giovane anarchico trascinato dalla passione libertaria, decide di partire per Cuba e combattere al fianco degli insorti la guerra d\u2019indipendenza contro l\u2019impero coloniale spagnolo. Trovata la gloria, l\u2019amore e una nuova patria dovr\u00e0 scegliere se difendere i propri ideali o subire l\u2019attrazione fatale del potere &#8220;.<\/strong><\/h4>\n<p>&nbsp;<\/p>\n<a href=\"http:\/\/www.metecalegre.com\/it\/home\/31-l-anarchico-elegante.html\" class=\"su-button su-button-style-default\" style=\"color:#FFFFFF;background-color:#2D89EF;border-color:#246ec0;border-radius:5px;-moz-border-radius:5px;-webkit-border-radius:5px\" target=\"_blank\" rel=\"noopener noreferrer\"><span style=\"color:#FFFFFF;padding:6px 16px;font-size:13px;line-height:20px;border-color:#6cadf4;border-radius:5px;-moz-border-radius:5px;-webkit-border-radius:5px;text-shadow:none;-moz-text-shadow:none;-webkit-text-shadow:none\"><i class=\"sui sui-arrow-right\" style=\"font-size:13px;color:#FFFFFF\"><\/i> Acquista la versione del libro in formato PDF<\/span><\/a>\u00a0 \u00a0 \u00a0<a href=\"https:\/\/www.amazon.it\/sciu%C3%A8-napoletana-maniera-Ernesto-Esposito\/dp\/8899928002\" class=\"su-button su-button-style-default\" style=\"color:#FFFFFF;background-color:#2D89EF;border-color:#246ec0;border-radius:5px;-moz-border-radius:5px;-webkit-border-radius:5px\" target=\"_blank\" rel=\"noopener noreferrer\"><span style=\"color:#FFFFFF;padding:6px 16px;font-size:13px;line-height:20px;border-color:#6cadf4;border-radius:5px;-moz-border-radius:5px;-webkit-border-radius:5px;text-shadow:none;-moz-text-shadow:none;-webkit-text-shadow:none\"><i class=\"sui sui-arrow-right\" style=\"font-size:13px;color:#FFFFFF\"><\/i> Edizione Spagnola disponibile su Amazon<\/span><\/a>\u00a0 \u00a0 \u00a0<a href=\"#\" class=\"su-button su-button-style-default\" style=\"color:#FFFFFF;background-color:#2D89EF;border-color:#246ec0;border-radius:5px;-moz-border-radius:5px;-webkit-border-radius:5px\" target=\"_self\"><span style=\"color:#FFFFFF;padding:6px 16px;font-size:13px;line-height:20px;border-color:#6cadf4;border-radius:5px;-moz-border-radius:5px;-webkit-border-radius:5px;text-shadow:none;-moz-text-shadow:none;-webkit-text-shadow:none\"><i class=\"sui sui-arrow-right\" style=\"font-size:13px;color:#FFFFFF\"><\/i> Per l&#8217;edizione Cartacea\u00a0telefona al +39 081 5784647<\/span><\/a>\n<h2><strong><span style=\"color: #003366;\">La vera storia di Oreste Ferrara<\/span><\/strong><\/h2>\n<p style=\"text-align: justify;\">Il protagonista di questo libro \u00e8 stato l&#8217;italiano che, da Colombo ad oggi, ha inciso maggiormente sulla vita pubblica cubana. Oltre ad essere stato un avvocato di prestigio, professore universitario e scrittore di livello internazionale ha rivestito, nella Cuba dei primi anni del secolo scorso, importanti incarichi quali quello di Presidente della Camera, Ambasciatore e Ministro degli Esteri. Senatore ricostruisce liberamente la figura dell&#8217;avvocato napoletano Oreste Ferrara trascinato in terre lontane dalla sua passione libertaria e convertito poi ad una fede liberista che fece di lui un uomo ricco e famoso con un pericoloso tallone d&#8217;Achille: un &#8216;attrazione fatale per la politica, per la sua parte pi\u00f9 intrigante e pericolosa, il potere. (Dalla Presentazione di Alessandra Riccio)<\/p>\n<p>&nbsp;<\/p>\n<div class=\"su-divider su-divider-style-dashed\" style=\"margin:15px 0;border-width:3px;border-color:#999999\"><\/div>\n<h2 class=\"p1\"><\/h2>\n<h2 id=\"prologo\" class=\"p1\"><span style=\"color: #003366;\"><strong>Prologo<\/strong><\/span><\/h2>\n<div id=\"attachment_1596\" style=\"width: 204px\" class=\"wp-caption alignright\"><img aria-describedby=\"caption-attachment-1596\" loading=\"lazy\" class=\" wp-image-1596\" src=\"http:\/\/www.studiolegalesenatore.it\/avvocati\/wp-content\/uploads\/2021\/03\/ritratto_oreste_ferrara.jpg\" alt=\"\" width=\"194\" height=\"333\" srcset=\"https:\/\/www.studiolegalesenatore.it\/avvocati\/wp-content\/uploads\/2021\/03\/ritratto_oreste_ferrara.jpg 533w, https:\/\/www.studiolegalesenatore.it\/avvocati\/wp-content\/uploads\/2021\/03\/ritratto_oreste_ferrara-175x300.jpg 175w, https:\/\/www.studiolegalesenatore.it\/avvocati\/wp-content\/uploads\/2021\/03\/ritratto_oreste_ferrara-35x60.jpg 35w\" sizes=\"(max-width: 194px) 100vw, 194px\" \/><p id=\"caption-attachment-1596\" class=\"wp-caption-text\">Ritratto di Oreste Ferrara\u00a0esposto al Museo Napoleonico di Cuba gi\u00e0 sua precedente dimora.<\/p><\/div>\n<p><strong>&#8220;Chi ama la storia cerca, nei frammenti del passato<\/strong><br \/>\n<strong>e nella memoria del tempo ormai trascorso, il senso<\/strong><br \/>\n<strong> delle cose ed il significato inafferrabile del nostro destino.&#8221;<\/strong><\/p>\n<p><em><strong>A.S.<\/strong><\/em><\/p>\n<p class=\"p5\">La Repubblica cubana nasce all\u2019inizio del ventesimo secolo dopo una cruenta lotta condotta, per decenni, dal suo popolo contro l\u2019Impero spagnolo ormai in declino.<\/p>\n<p class=\"p5\">Quella vittoria ha un valore storico che va ben oltre le vicende interne di questa splendidaisola, perch\u00e9 segna la fine della dominazione coloniale spagnola in America e l\u2019affermarsi sulla scena politica degli Stati Uniti come potenza mondiale. Saranno, quindi, gli anni a cavallo tra fine Ottocento e i primi del Novecento a delineare i reali rapporti di forza tra l\u2019America anglosassone e quella latina e, pi\u00f9 in generale, tra gli Stati Uniti e l\u2019Europa mediterranea, che colpevole di aver abbandonato al proprio destino i tanti italiani e spagnoli, che avevano colonizzato il Nuovo Continente, subir\u00e0 il suo declino culturale e politico.<\/p>\n<p class=\"p5\"><div class=\"su-spoiler su-spoiler-style-fancy su-spoiler-icon-plus su-spoiler-closed\" data-scroll-offset=\"0\" data-anchor-in-url=\"no\"><div class=\"su-spoiler-title\" tabindex=\"0\" role=\"button\"><span class=\"su-spoiler-icon\"><\/span>Continua a leggere<\/div><div class=\"su-spoiler-content su-u-clearfix su-u-trim\">\n<p class=\"p5\">Stati Uniti che avevano appoggiato la lotta di liberazione dei cubani intervenendo militarmente nell\u2019isola, grazie alla loro vittoria sulla Spagna, in quella<\/p>\n<p class=\"p5\">che fu definita da Theodore Roossevelt \u201cla magnifica piccola guerra\u201d, imporranno subito le proprie scelte economiche e politiche alla nascente Repubblica Cubana, che sar\u00e0 costretta a subire, al pari degli altri Paesi centro americani, la sua politica imperialistica. Ed \u00e8 proprio in questo scenario che Oreste Ferrara, il protagonista di questo romanzo, riuscir\u00e0 a soddisfare i suoi sogni di gloria e dar voce ai suoi ideali.<\/p>\n<div id=\"attachment_1520\" style=\"width: 266px\" class=\"wp-caption alignleft\"><img aria-describedby=\"caption-attachment-1520\" loading=\"lazy\" class=\"wp-image-1520\" src=\"http:\/\/www.studiolegalesenatore.it\/avvocati\/wp-content\/uploads\/2021\/03\/oreste_ferrara_ritratto.jpg\" alt=\"\" width=\"256\" height=\"325\" srcset=\"https:\/\/www.studiolegalesenatore.it\/avvocati\/wp-content\/uploads\/2021\/03\/oreste_ferrara_ritratto.jpg 473w, https:\/\/www.studiolegalesenatore.it\/avvocati\/wp-content\/uploads\/2021\/03\/oreste_ferrara_ritratto-237x300.jpg 237w, https:\/\/www.studiolegalesenatore.it\/avvocati\/wp-content\/uploads\/2021\/03\/oreste_ferrara_ritratto-47x60.jpg 47w\" sizes=\"(max-width: 256px) 100vw, 256px\" \/><p id=\"caption-attachment-1520\" class=\"wp-caption-text\">Ritratto fotografico di Oreste Ferrara<\/p><\/div>\n<p class=\"p5\">Animato da uno spirito garibaldino, questo giovane avvocato napoletano partito nel 1896 alla volta di Cuba per liberarla dal gioco coloniale, parteciper\u00e0 attivamente alla sua guerra di liberazione. Negli anni successivi, Ferrara attraverser\u00e0 quasi sempre da protagonista le vicende politiche della giovane Repubblica cubana e finir\u00e0 con l\u2019essere coinvolto nei suoi drammatici eventi. Fu senza alcun dubbio l\u2019italiano che, da Colombo ad oggi, ha inciso maggiormente sulla vita pubblica cubana, rivestendo importanti incarichi quali quella di Presidente della Camera, Ambasciatore e Ministro degli Esteri e, oltre ad essere un avvocato di prestigio, professore universitario e scrittore storico di livello internazionale<span class=\"s2\">, fu banchiere facoltoso e imprenditore di successo.<\/span><\/p>\n<p class=\"p5\">Al di l\u00e0 del giudizio che ognuno di noi vorr\u00e0 dare su questo controverso personaggio, detestato a Cuba e dimenticato in Italia, ho voluto<\/p>\n<div class=\"mceTemp\"><\/div>\n<p class=\"p5\">raccontare l\u2019affascinante storia di un uomo che ha vissuto intensamente. Spero che le sue avventure e le vicende politiche di cui \u00e8 stato protagonista, appassionino il lettore e che questo libro possa diventare un utile strumento per comprendere la complessit\u00e0 della realt\u00e0 storica e politica dell\u2019America Latina nei primi anni del Novecento. In quei drammatici anni nei quali la vecchia classe dirigente di stampo liberale, pur essendo depositaria di ideali di libert\u00e0 e progresso, verr\u00e0 irrimediabilmente sopraffatta, al pari di quella europea, da governi dittatoriali di stampo fascista. Quella rovinosa decadenza avvenne all\u2019indomani della crisi del 1929 e oggi, nel pieno di una delle pi\u00f9 gravi crisi economiche, che sta interessando i Paesi pi\u00f9 industrializzati del mondo, spaventa la somiglianza tra le classi dirigenti di allora e quelle attuali; entrambe politicamente deboli, prive di progettualit\u00e0, sempre pi\u00f9 distanti dalle esigenze reali delle popolazioni, sensibili solo agli interessi economici e finanziari di un\u2019esigua e insaziabile minoranza che governa le sorti del mondo.<\/p>\n<p class=\"p3\" style=\"text-align: right;\"><i><strong>l\u2019Autore<\/strong><span class=\"Apple-converted-space\">\u00a0<\/span><\/i><\/p>\n<p style=\"text-align: justify;\"><\/div><\/div>\n<div class=\"page\" title=\"Page 21\">\n<div class=\"layoutArea\">\n<div class=\"column\">\n<div class=\"su-spoiler su-spoiler-style-fancy su-spoiler-icon-plus su-spoiler-closed\" data-scroll-offset=\"0\" data-anchor-in-url=\"no\"><div class=\"su-spoiler-title\" tabindex=\"0\" role=\"button\"><span class=\"su-spoiler-icon\"><\/span>Continua a leggere in spagnolo<\/div><div class=\"su-spoiler-content su-u-clearfix su-u-trim\">\n<p>La Repu\u0301blica de Cuba nacio\u0301 en 1902 despue\u0301s de una san- grienta lucha, librada durante de\u0301cadas frente al imperio es- pan\u0303ol en decadencia. Esa victoria tiene un valor histo\u0301rico que va mucho ma\u0301s alla\u0301 de los eventos internos de esta her- mosa isla, porque marca el final de la dominacio\u0301n colonial espan\u0303ola en Ame\u0301rica y la afirmacio\u0301n en la escena poli\u0301tica de los Estados Unidos como una potencia mundial.1 De hecho, entre finales del siglo xix y principios del siglo xx quedara\u0301n delineadas las verdaderas relaciones de fuerza entre Ame\u0301ri- ca anglosajona y latina y, ma\u0301s en general, entre los Estados Unidos y la Europa mediterra\u0301nea, que, culpable de haber abandonado a su suerte a los muchos italianos y espan\u0303oles que habi\u0301an colonizado el Nuevo Continente, sufrira\u0301 su decli- ve cultural y poli\u0301tico.<\/p>\n<p>Los Estados Unidos, que habi\u0301an apoyado la lucha de li- beracio\u0301n cubana interviniendo militarmente en la Isla, gra- cias a su victoria sobre Espan\u0303a en la que fue definida por Theodore Roosevelt como \u201cla pequen\u0303a guerra magni\u0301fica\u201d, impondra\u0301n inmediatamente sus opciones econo\u0301micas y po- li\u0301ticas a la naciente Repu\u0301blica de Cuba, que se encontrara\u0301 obligada a sufrir, como otros pai\u0301ses centroamericanos, su po- li\u0301tica imperialista.<\/p>\n<p>Es justamente en ese escenario que Orestes Ferrara, el protagonista de esta novela, conseguira\u0301 satisfacer sus suen\u0303os<\/p>\n<p>Los acuerdos de paz firmados en Pari\u0301s entre los Estados Unidos y Espan\u0303a marcara\u0301n el fin del imperio espan\u0303ol, con la pe\u0301rdida tambie\u0301n de Puerto Rico y Filipinas en 1898.<\/p>\n<p>de gloria y dar voz a sus ideales. Animado por un espi\u0301ri- tu garibaldino, este joven abogado napolitano salio\u0301 en 1896 para Cuba con el propo\u0301sito de liberarla del yugo colonial y participar activamente en su guerra emancipadora. En los an\u0303os siguientes, Ferrara terminara\u0301 siendo protagonista de los eventos poli\u0301ticos de la joven Repu\u0301blica de Cuba y es- tara\u0301 completamente involucrado en sus drama\u0301ticos eventos. Incluso, lo considero el italiano que, desde Colo\u0301n hasta hoy, ha tenido ma\u0301s influencia en la vida pu\u0301blica cubana, ocupan- do cargos importantes como el de presidente de la Ca\u0301mara de Representantes, embajador y secretario de Estado (mi- nistro de Relaciones Exteriores), adema\u0301s de ser un abogado de prestigio, profesor universitario y escritor de resonancia internacional.<\/p>\n<p>Ma\u0301s alla\u0301 del juicio que cada uno de nosotros podri\u0301a ex- presar sobre este controvertido personaje, detestado en Cuba y olvidado en Italia, quise contar la fascinante historia de un hombre que vivio\u0301 intensamente. Espero que sus aventuras y las vicisitudes poli\u0301ticas de las que fue protagonista apasionen al lector y que este libro pueda convertirse en una herramienta u\u0301til para comprender la complejidad de la realidad histo\u0301rica y poli\u0301tica de Ame\u0301rica Latina a principios del siglo xx.<\/p>\n<p>En aquellos an\u0303os drama\u0301ticos, la vieja clase dominante liberal, a pesar de ser depositaria de los ideales de libertad y progreso, se vera\u0301 irremediablemente abrumada, como la europea, por gobiernos dictatoriales de tipo fascista. Esa ruinosa decadencia se produjo despue\u0301s de la gran depre- sio\u0301n de 1929 y hoy, en medio de una de las crisis econo\u0301- micas ma\u0301s graves que afecta a los pai\u0301ses industrializados del mundo, asusta la similitud entre las clases dominantes de la e\u0301poca y las actuales; ambas poli\u0301ticamente de\u0301biles, carentes de planificacio\u0301n, cada vez ma\u0301s alejadas de las ne- cesidades reales de las poblaciones, sensibles solo a los intereses econo\u0301micos y financieros de una minori\u0301a pequen\u0303a e insaciable que gobierna el destino del mundo.<\/p>\n<p>EL autor<\/p>\n<\/div><\/div>\n<\/div>\n<\/div>\n<\/div>\n<p style=\"text-align: justify;\"><div class=\"su-divider su-divider-style-dashed\" style=\"margin:15px 0;border-width:3px;border-color:#999999\"><\/div>\n<h2 id=\"prefazioneeusebioleal\"><strong><span style=\"color: #003366;\">Prefazione di\u00a0Eusebio Leal Spengler\u00a0<\/span><\/strong><\/h2>\n<div class=\"page\" title=\"Page 8\">\n<div class=\"layoutArea\">\n<div class=\"column\">\n<p>&#8220;Imbriani e Cavallotti, eroici cavalieri, senza macchia e senza paura, Fratti, campione gentile di galanteria italiana, caduto sui campi di battaglia della Grecia, e Bovio, gloria della filosofia moderna&#8230; L&#8217;Italia non poteva trovare uomini migliori per segnalare la causa di Cuba al mondo civile!&#8221;<\/p>\n<\/div>\n<\/div>\n<div class=\"layoutArea\">\n<div class=\"column\">\n<p><em>Salvador Cisneros Betancourt, ex presidente della Repubblica di Cuba in armi<\/em><\/p>\n<\/div>\n<\/div>\n<div class=\"layoutArea\">\n<div class=\"column\">\n<p>Oreste Ferrara y Marino, il protagonista di questo libro, e\u0300 una delle figure piu\u0300 controverse della storia di\u00a0Cuba de<img loading=\"lazy\" class=\"wp-image-1908 alignright\" src=\"http:\/\/www.studiolegalesenatore.it\/avvocati\/wp-content\/uploads\/2021\/03\/Leal.jpeg\" alt=\"\" width=\"198\" height=\"132\" srcset=\"https:\/\/www.studiolegalesenatore.it\/avvocati\/wp-content\/uploads\/2021\/03\/Leal.jpeg 360w, https:\/\/www.studiolegalesenatore.it\/avvocati\/wp-content\/uploads\/2021\/03\/Leal-300x200.jpeg 300w\" sizes=\"(max-width: 198px) 100vw, 198px\" \/>l periodo repubblicano. Per alcuni storici, la sua unicita\u0300 sta nel fatto che, pur essendo italiano, sia riuscito ad arrivare al vertice del potere politico della societa\u0300 cubana. Per altri, invece, la sua doppia veste di intellettuale e uomo d\u2019azione, fino a diventare un diplomatico di primo piano, risulta essere l\u2019aspetto piu\u0300 affascinante. Comunque sia, il napoletano riusci\u0300 a diventare un uomo ricco e famoso fuori dalla sua terra natale e gia\u0300 questo fatto basterebbe da solo a giustificare la scrittura di una sua biografia. Cosa che ha fatto, ampiamente, l\u2019illustre dottore Alessandro Senatore in &#8220;L&#8217;anarchico elegante&#8221;, la cui prima edizione in castigliano viene adesso pubblicata dalla nostra Casa Editrice Bolon\u0303a.<\/p>\n<\/div>\n<\/div>\n<div class=\"layoutArea\">\n<div class=\"column\">\n<div class=\"su-spoiler su-spoiler-style-fancy su-spoiler-icon-plus su-spoiler-closed\" data-scroll-offset=\"0\" data-anchor-in-url=\"no\"><div class=\"su-spoiler-title\" tabindex=\"0\" role=\"button\"><span class=\"su-spoiler-icon\"><\/span>Continua a leggere la prefazione di Eusebio Leal Spengler <\/div><div class=\"su-spoiler-content su-u-clearfix su-u-trim\">Appena conclusa la lotta per l&#8217;indipendenza contro il dominio coloniale spagnolo, il popolo cubano, a seguito del primo intervento americano del 1898, si ritrovo\u0300 nella condizione di dover forgiare il suo proprio destino. Non si puo\u0300 capire la Cuba Repubblicana \u2013 e, di conseguenza, la vita di Ferrara \u2013 senza una riflessione su quell&#8217;avvenimento funesto che, per oltre trent\u2019anni, condiziono\u0300 pesantemente la lotta di liberazione di Cuba. E\u0300 fuor di dubbio che il processo indipendentista cubano ebbe la stessa aura romantica e liberale del Risorgimento italiano nel suo impegno per l&#8217;unita\u0300 della penisola italica. Ed essendo Ferrara, nel suo intimo, un \u201cgaribaldino\u201d sarebbe stato naturalmente portato ad essere la personificazione proprio di quelle due qualita\u0300: un romantico e un liberale, ma le circostanze politiche ne plasmarono il carattere e determinarono il destino. Gli ideali proclamati da Giuseppe Garibaldi attraversarono i mari e giunsero a Cuba proprio nel momento in cui era in atto l\u2019inasprimento del regime coloniale spagnolo. Abbiamo le prove della visita dell\u2019eroe italiano a L\u2019Avana, dove arrivo\u0300 nel 1850, con lo pseudonimo di Giuseppe Pane, lo stesso utilizzato in &#8220;La Giovane Italia&#8221;, a bordo del piroscafo Geor- gia. Vi rimase diversi giorni e tutto sembra indicare che sia rius- cito anche a riunirsi con i cospiratori italiani in una farmacia, sita tra le vie Obrapi\u0301a e San Ignacio. E\u0300 nota l\u2019influenza garibaldina sui ribelli cubani. Jose\u0301 Marti\u0301 a questo proposito scrisse: \u201cDa una patria, come da una madre, nascono gli uomini; la Liberta\u0300, patria umana, ebbe un figlio, e fu Garibaldi\u201d. Fu pero\u0300 solo con la insurrezione di Carlos Manuel de Ce\u0301spedes y del Castillo, il 10 ottobre del 1868, che si verifico\u0300 \u201cl\u2019acco- glimento\u201d da parte del movimento anti-schiavitu\u0300 dell\u2019Europa e degli Stati Uniti, della causa cubana. De Ce\u0301spedes, difatti, lancia, insieme alla lotta per la liberazione degli schiavi, un proclama il cui contenuto e\u0300 eminentemente liberale, in linea con l&#8217;ascesa di quella corrente politica. Promulga, tra gli altri principi, l&#8217;uguaglianza degli uomini, il suffragio universale, la graduale, a seguito di indennizzo, emancipazione dalla schiavitu\u0300, il libero scambio tra nazioni amiche e il rispetto della vita e delle proprieta\u0300 di tutti i cittadini pacifici&#8221; anche nel caso fossero spagnoli, purche\u0301 residenti nel territorio&#8221;. La causa di Cuba scateno\u0300 un movimento di solidarieta\u0300 tanto intenso quanto quello provocato, a suo tempo, dalla causa greca, con Lord Byron come personaggio simbolo. E come, a suo tempo, l\u2019Italia aveva dato inizio, in Europa, al \u201cRinascimento\u201d, allo stesso modo i patrioti cubani non avrebbero mai smesso di lottare per conquistare la liberta\u0300. Tuttavia, dopo dieci ardui anni di guerra sanguinosa, vari fattori ne impedirono il trionfo e, nel 1878, venne firmata la Pace di Zanjo\u0301n. Due anni prima, a Napoli, da una potente famiglia era nato Oreste. Il 7 dicembre del 1896, peri\u0300 in battaglia il tenente generale Antonio Maceo, avvenimento che ebbe un enorme impatto internazionale. A seguito dell\u2019intenso impegno profuso da Falco, insieme ad altri deputati, il Parlamento italiano dedico\u0300 all\u2019eroe cubano diverse veglie e un minuto di silenzio in suo onore. Sicuramente quella campagna per la democrazia ebbe una grande influenza sulla scelta che fecero decine di giovani italiani di imbarcarsi nelle spedizioni che partivano per Cuba. Ed e\u0300 cosi\u0300 che, nell\u2019ultima fase della lotta, \u201cl\u2019anima italiana\u201d s\u2019incrocio\u0300 con gli ideali indipendentisti cubani. In quegli anni, tra il 1895 e il 1896, Ferrara studiava alla Facolta\u0300 di Giurisprudenza di Napoli e non e\u0300 affatto strano che le sue prime simpatie politiche andassero ai libertari che sfidavano il potere di qualsiasi Stato costituito. Fino a quando, imbevuto di spirito garibaldino, non decise che era giunto il momento di impegnarsi in uno dei due conflitti bellici in cor- so: andare nell&#8217;isola di Creta per combattere contro i turchi, o in quell&#8217;altra lontana isola dei Caraibi per affrontare il colonizzatore spagnolo. L\u2019egregio dottore Senatore ricostruisce dettagliatamente le peripezie della vita di Ferrara, comprese quelle prima dell\u2019arruo- lamento nella spedizione e, nel 1897, dello sbarco, a bordo del piroscafo Dauntless, in terra cubana, passando per la localita\u0300 Punta Brava, nel territorio di Camagu\u0308ey. Comincia come soldato semplice, si distingue poi nei combattimenti, aumenta di grado e riesce finanche ad esaudire il suo desiderio di conoscere il Generalissimo Ma\u0301ximo Go\u0301mez. Quest&#8217;ultimo, diffidente, a causa delle caratteristiche del personaggio, ordina di inserirlo nelle prime linee di cavalleria. Il giovane Oreste pare che abbia esclamato, successivamente: &#8220;Questo non si fa ad un amico&#8221;. Termina la guerra come colonnello e, al seguito di colui che era stato il suo ultimo comandante, il generale Jose\u0301 Miguel Go\u0301mez, si da\u0300 alla vita politica nazionale, divenendo uno dei fondatori del Partito Liberale e uno dei piu\u0300 importanti leader del liberalismo storico. La sua appartenenza al cosiddetto &#8220;Gruppo Villaren\u0303o&#8221; risulta poi decisiva per la sua ascesa politica in quella Repubblica nata sotto la tutela degli Stati Uniti. Abile avvocato e polemista, va poi via via occupando posizioni sempre piu\u0300 di rilievo nel corso della nostra storia, fino a diventare Segretario di Stato durante la presidenza del dittatore Gerardo Machado, . Ed e\u0300 a causa di questo ruolo svolto nel corso della sua carriera politica che Ferrara viene letteralmente \u201cdemonizzato\u201d dalla storiografia repubblicana. Cio\u0300 nonostante, la sua partecipazione ai dibattimenti per la Costituente del 1940, nella quale il suo nome occupa uno degli scranni principali, deve essere tenuta in debito conto. Sarebbe impossibile evocare quell&#8217;esercizio di democrazia senza ricordare l&#8217;ironia, l&#8217;accento napoletano e il carattere sibillino di questo cavaliere d&#8217;altri tempi. L\u2019eleganza dei suoi vestiti, che richiamava potentemente l\u2019attenzione, era tale \u2013 come sottolinea Senatore \u2013 da farlo sembrare sempre pronto per andare a un ballo, all\u2019opera o a una qualunque delle rappresentazioni teatrali di quella Avana la cui monumenta- lita\u0300 deve tanto agli artisti italiani. La sua bella casa in stile rinascimentale fiorentino, situata sulle pendici della Collina Universitaria, presenta, incisa sulle magnifiche pietre della sua facciata, la scritta Dolce Dimo- ra. E, indubbiamente, di tutte le proprieta\u0300 che Ferrara perse quando la vecchia societa\u0300 crollo\u0300 ai piedi dei trepidanti cavalli della Rivoluzione del 1959, fu quella che lui piu\u0300 rimpianse. Entrando nell&#8217;atrio di questo piccolo palazzo appare ancora oggi il suo ritratto, tale e quale a come lo ha descritto il nostro amico Senatore, come se si materializzasse tra quelle luci e ombre che hanno misteriosamente suggellato il suo destino. Cosa che lo stesso Ferrara sottolinea nelle sue memorie, scritte dopo esser stato destituito dal ruolo di ambasciatore di Cuba presso l&#8217;Unesco nel 1959, quando, lamentandosene, si definisce l&#8217;ultimo \u201clibertador\u201d al servizio della Repubblica.<\/p>\n<p>Eusebio Leal Spengler, 10 ottobre 2019<\/p>\n<\/div>\n<\/div>\n<\/div>\n<div class=\"page\" title=\"Page 12\">\n<div class=\"layoutArea\">\n<div class=\"column\">\n<\/div><\/div>\n<\/div>\n<h2><\/h2>\n<div class=\"page\" title=\"Page 7\">\n<div class=\"layoutArea\">\n<div class=\"column\">\n<div class=\"su-spoiler su-spoiler-style-fancy su-spoiler-icon-plus su-spoiler-closed\" data-scroll-offset=\"0\" data-anchor-in-url=\"no\"><div class=\"su-spoiler-title\" tabindex=\"0\" role=\"button\"><span class=\"su-spoiler-icon\"><\/span><strong>Prefazione di Eusebio Leal Spengler - versione Spagnola<\/strong><\/div><div class=\"su-spoiler-content su-u-clearfix su-u-trim\">\n<p>\u201cImbriani y Cavallotti, heroicos caballeros, sin miedo y sin tacha, Fratti, campeo\u0301n gentil de la caballerosidad italiana, muriendo en los campos de Grecia, y Bovio, gloria de la filosofi\u0301a moderna&#8230; \u00a1No podri\u0301a Italia con mejores hombres recomendar la causa de Cuba a la civilizacio\u0301n!\u201d<\/p>\n<p>Salvador Cisneros Betancourt, expresidente de la Repu\u0301blica de Cuba en Armas<\/p>\n<p>Orestes Ferrara y Marino, el protagonista de este libro, es una de las figuras ma\u0301s pole\u0301micas de la historia de Cuba en la etapa republicana. Para algunos historiadores, su singularidad radi- ca en que, siendo italiano, haya conseguido escalar a la cima del poder poli\u0301tico en la sociedad cubana. Para otros, resul- ta ma\u0301s atrayente su doble faceta de intelectual y hombre de accio\u0301n, hasta llegar a convertirse en un diploma\u0301tico de recia estirpe. Como quiera que sea, el napolitano llego\u0301 a ser un hom- bre rico y famoso fuera de su patria. Bastari\u0301a esto u\u0301ltimo para escribir su biografi\u0301a. Es lo que ha logrado con creces el ilustre doctor Alessandro Senatore en El anarquista elegante, que en su primera edicio\u0301n en castellano publica ahora nuestro sello editorial Bolon\u0303a.<\/p>\n<p>Recie\u0301n concluida la lucha por la independencia contra el dominio colonial espan\u0303ol, el pueblo cubano se vio obli- gado a labrarse su propio destino, luego de sufrir la primera intervencio\u0301n norteamericana en 1898. No puede entenderse la etapa republicana \u2013y, por ende, la vida de Ferrara\u2013, sin reflexionar sobre este suceso aciago que lastro\u0301 ma\u0301s de treinta an\u0303os de lucha por la libertad. Puede afirmarse que el proceso independentista cubano tuvo el mismo halo roma\u0301ntico y liberal del Risorgimento en su empen\u0303o por la unidad de la peni\u0301nsula ita\u0301lica. Siendo un \u201cgaribaldino\u201d en su fuero interno, Ferrara encarnari\u0301a esas dos cualidades: roma\u0301ntico y liberal, pero las circunstancias poli\u0301ticas moldeari\u0301an su cara\u0301cter y determinari\u0301an su destino. Los ideales enarbolados por Giuseppe Garibaldi trascen- dieron los mares y se hicieron sentir en Cuba, cuando se pro- duci\u0301a el recrudecimiento del re\u0301gimen colonial espan\u0303ol. Hay constancia de que el pro\u0301cer italiano estuvo en La Habana, adonde llego\u0301 en 1850 a bordo del vapor Georgia, con el seudo\u0301- nimo de Giuseppe Pane, el mismo que utilizo\u0301 en la agrupacio\u0301n Joven Italia. Aqui\u0301 permanecio\u0301 varios di\u0301as y, todo hace indicar, logro\u0301 reunirse con conspiradores cubanos en la farmacia sita entre Obrapi\u0301a y San Ignacio. La influencia garibaldina fue no- toria sobre los rebeldes cubanos. Al evocarla, Jose\u0301 Marti\u0301 escri- bio\u0301: \u201cDe una patria, como de una madre, nacen los hombres; la Libertad, patria humana, tuvo un hijo, y fue Garibaldi\u201d. Pero no es hasta el levantamiento de Carlos Manuel de Ce\u0301spedes y del Castillo, el 10 de octubre de 1868, que la causa cubana es saludada por el movimiento antiesclavista en Europa y los Estados Unidos. Junto a la liberacio\u0301n de los esclavos, aquel lanzo\u0301 una proclama cuyo contenido es eminentemente liberal, a tenor con el auge de esa corriente poli\u0301tica. Entre otros principios, promulga la igualdad de los hombres; el sufragio universal; la emancipacio\u0301n gradual y bajo indemnizacio\u0301n de la esclavitud; el libre cambio entre las naciones amigas; y el respeto de las vidas y propiedades de todos los ciudadanos paci\u0301ficos, \u201caunque sean los mis- mos espan\u0303oles, residentes en este territorio\u201d. La causa de Cuba desato\u0301 un movimiento de solidaridad tan intenso como, en su momento, lo habi\u0301a producido la cau- sa de Grecia, que tuvo como si\u0301mbolo a Lord Byron. Como mismo Italia inauguro\u0301 en Europa una e\u0301poca llamada del \u201cRenacimiento\u201d, igualmente los patriotas cubanos no ceja- ri\u0301an en su empen\u0303o por conquistar la libertad. Sin embargo, tras diez arduos an\u0303os de cruenta guerra, diversos factores impidieron que se obtuviera el triunfo y, en 1878, se firma la Paz del Zanjo\u0301n. Dos an\u0303os antes habi\u0301a nacido Orestes en Na\u0301poles, hijo de una familia potentada.<\/p>\n<p>El 7 de diciembre de 1896 cae en combate el lugarte- niente general Antonio Maceo, suceso que tendra\u0301 enorme repercusio\u0301n internacional. Al calor de las intensas gestio- nes de Falco y otros diputados, se dedican varias veladas al he\u0301roe cubano en el Parlamento italiano, donde se guarda un minuto de silencio en su honor. Aquella campan\u0303a de la democracia debio\u0301 influir tremendamente en que decenas de jo\u0301venes italianos decidieran embarcarse en las expediciones con destino a Cuba. Es asi\u0301 que el \u00abalma italiana\u00bb se imbrica con los ideales independentistas cubanos en la u\u0301ltima etapa.<\/p>\n<p>Por aquellos an\u0303os, entre 1895 y 1896, Ferrara estudiaba en la Facultad de Derecho, y no es para nada extran\u0303o que sus pri- meras inclinaciones coincidieran con los a\u0301cratas que de- safiaban el poder de cualquier Estado constituido. Hasta que, imbuido por el espi\u0301ritu garibaldino, decide involucrarse en cualquiera de las dos contiendas be\u0301licas que entonces se libra- ban: dirigirse a la isla de Creta para pelear contra los turcos, o a aquella otra lejana isla del Caribe para enfrentar al co- lonizador espan\u0303ol.<\/p>\n<p>El egregio doctor Senatore ha reconstruido pormenorizada- mente el periplo vital de Ferrara, incluso antes de alistarse como expedicionario a bordo del vapor Dauntless y desembarcar en tierra cubana por Punta Brava, Camagu\u0308ey, en 1897. Inicia\u0301n- dose como un soldado de filas, se destaca en los combates, asciende de grados y consigue cumplir su deseo de conocer al Generali\u0301simo Ma\u0301ximo Go\u0301mez. Este u\u0301ltimo, desconfiado de las caracteri\u0301sticas del personaje, ordeno\u0301 colocarlo en las primeras li\u0301neas de caballeri\u0301a. El joven Orestes exclamari\u0301a luego: \u201cEso no se hace con un amigo\u201d. Termina la contienda siendo ya coronel y, afiliado a quien fuera su u\u0301ltimo jefe, el general Jose\u0301 Miguel Go\u0301mez, se inicia en la vida poli\u0301tica nacional como uno de los fundadores del Partido Liberal y uno de los ma\u0301s importantes li\u0301deres del liberalismo histo\u0301rico. Su pertenencia al llamado \u201cGrupo villaren\u0303o\u201d resultari\u0301a de- terminante en su ascendente trayectoria poli\u0301tica en aquella Repu\u0301blica nacida bajo la tutela de los Estados Unidos.<\/p>\n<p>Ha\u0301bil abogado y polemista, ocupari\u0301a notables cargos a lo largo de nuestro devenir, hasta convertirse en secretario de Estado durante la presidencia del dictador Gerardo Macha- do. Por este episodio de su carrera poli\u0301tica, Ferrara ha sido literalmente \u201csatanizado\u201d por la historiografi\u0301a republicana.<\/p>\n<p>No obstante, debe tenerse en cuenta su participacio\u0301n en los debates de la Constituyente de 1940, donde su nom- bre ocupo\u0301 uno de los escan\u0303os principales. Seri\u0301a imposible evocar aquel ejercicio democra\u0301tico sin recordar la ironi\u0301a, el acento napolitano y el cara\u0301cter sibilino de este caballero de otros tiempos. La elegancia de su vestuario llamaba po- derosamente la atencio\u0301n, a tal punto que \u2013como sen\u0303ala Se- natore\u2013 pareceri\u0301a todo el tiempo acicalado para asistir a los salones de baile, la o\u0301pera o cualquier representacio\u0301n teatral en aquella Habana, cuya monumentalidad debe tanto a los artistas italianos.<\/p>\n<p>Situada a un costado de la Colina Universitaria, su bella casa de estilo florentino renacentista tiene inscrito el ti\u0301tulo Dolce Dimora sobre las magni\u0301ficas piedras de su fachada. Sin dudas, era la ma\u0301s an\u0303orada de todas las propiedades que perdio\u0301, cuando se derrumbo\u0301 la vieja sociedad al pie de los trepidantes caballos de la Revolucio\u0301n en 1959.<\/p>\n<p>Al ingresar en el atrio de aquel pequen\u0303o palacio apare- ce todavi\u0301a su retrato, tal y como lo describe nuestro amigo el doctor Senatore, como si saliera de las luces y las som- bras que sellaron misteriosamente su destino. Asi\u0301 lo sen\u0303ala, quejumbroso, el propio Ferrara en sus memorias, escritas al ser destituido como embajador de Cuba ante la Unesco en 1959, considera\u0301ndose \u201cel u\u0301ltimo libertador al servicio de la Repu\u0301blica\u201d.<\/p>\n<p>Eusebio Leal Spengler, 10 de octubre de 2019<\/p>\n<\/div>\n<\/div>\n<\/div>\n<p>&nbsp;<\/p>\n<\/div><\/div>\n\n\t\t<style type=\"text\/css\">\n\t\t\t#gallery-1 {\n\t\t\t\tmargin: auto;\n\t\t\t}\n\t\t\t#gallery-1 .gallery-item {\n\t\t\t\tfloat: left;\n\t\t\t\tmargin-top: 10px;\n\t\t\t\ttext-align: center;\n\t\t\t\twidth: 100%;\n\t\t\t}\n\t\t\t#gallery-1 img {\n\t\t\t\tborder: 2px solid #cfcfcf;\n\t\t\t}\n\t\t\t#gallery-1 .gallery-caption {\n\t\t\t\tmargin-left: 0;\n\t\t\t}\n\t\t\t\/* see gallery_shortcode() in wp-includes\/media.php *\/\n\t\t<\/style>\n\t\t<div id='gallery-1' class='gallery galleryid-1514 gallery-columns-1 gallery-size-full'><dl class='gallery-item'>\n\t\t\t<dt class='gallery-icon landscape'>\n\t\t\t\t<a href='https:\/\/www.studiolegalesenatore.it\/avvocati\/wp-content\/uploads\/2021\/03\/eusebio-letteras.jpg'><img width=\"2500\" height=\"1200\" src=\"https:\/\/www.studiolegalesenatore.it\/avvocati\/wp-content\/uploads\/2021\/03\/eusebio-letteras.jpg\" class=\"attachment-full size-full\" alt=\"\" loading=\"lazy\" aria-describedby=\"gallery-1-1968\" srcset=\"https:\/\/www.studiolegalesenatore.it\/avvocati\/wp-content\/uploads\/2021\/03\/eusebio-letteras.jpg 2500w, https:\/\/www.studiolegalesenatore.it\/avvocati\/wp-content\/uploads\/2021\/03\/eusebio-letteras-300x144.jpg 300w, https:\/\/www.studiolegalesenatore.it\/avvocati\/wp-content\/uploads\/2021\/03\/eusebio-letteras-768x369.jpg 768w, https:\/\/www.studiolegalesenatore.it\/avvocati\/wp-content\/uploads\/2021\/03\/eusebio-letteras-1024x492.jpg 1024w, https:\/\/www.studiolegalesenatore.it\/avvocati\/wp-content\/uploads\/2021\/03\/eusebio-letteras-640x307.jpg 640w\" sizes=\"(max-width: 2500px) 100vw, 2500px\" \/><\/a>\n\t\t\t<\/dt>\n\t\t\t\t<dd class='wp-caption-text gallery-caption' id='gallery-1-1968'>\n\t\t\t\tCopia delle email intercorse tra Eusebio Leal e Alessandro Senatore\n\t\t\t\t<\/dd><\/dl><br style=\"clear: both\" \/>\n\t\t<\/div>\n\n<\/div>\n<\/div>\n<div class=\"su-divider su-divider-style-dashed\" style=\"margin:15px 0;border-width:3px;border-color:#999999\"><\/div>\n<h2 id=\"presentazionealessandrariccio\" class=\"p1\"><span style=\"color: #003366;\"><strong>Presentazione del libro a cura di Alessandra Riccio\u00a0<\/strong><\/span><\/h2>\n<h4 class=\"p2\"><i>Un napoletano all\u2019Avana<\/i><\/h4>\n<p class=\"p2\">Il personaggio di cui ci narra Alessandro Senatore in questo libro, \u00e8 certamente un personaggio rilevante<img loading=\"lazy\" class=\"wp-image-1793 alignright\" src=\"http:\/\/www.studiolegalesenatore.it\/avvocati\/wp-content\/uploads\/2021\/03\/Schermata-2021-03-18-alle-22.44.37.png\" alt=\"\" width=\"175\" height=\"223\" srcset=\"https:\/\/www.studiolegalesenatore.it\/avvocati\/wp-content\/uploads\/2021\/03\/Schermata-2021-03-18-alle-22.44.37.png 922w, https:\/\/www.studiolegalesenatore.it\/avvocati\/wp-content\/uploads\/2021\/03\/Schermata-2021-03-18-alle-22.44.37-236x300.png 236w, https:\/\/www.studiolegalesenatore.it\/avvocati\/wp-content\/uploads\/2021\/03\/Schermata-2021-03-18-alle-22.44.37-804x1024.png 804w, https:\/\/www.studiolegalesenatore.it\/avvocati\/wp-content\/uploads\/2021\/03\/Schermata-2021-03-18-alle-22.44.37-768x978.png 768w, https:\/\/www.studiolegalesenatore.it\/avvocati\/wp-content\/uploads\/2021\/03\/Schermata-2021-03-18-alle-22.44.37-47x60.png 47w\" sizes=\"(max-width: 175px) 100vw, 175px\" \/> per intraprendenza, per coraggio, per cultura, per determinazione e per autostima, quest\u2019ultima dote in dosi massicce e senza tentennamenti; ma costituisce anche un caso rilevante per la storia della nostra citt\u00e0 giacch\u00e9 questo napoletano ha saputo portare in terre straniere non soltanto le sue doti naturali, alle quali va aggiunta l\u2019eleganza e una certa prestanza fisica, ma soprattutto una formazione culturale e giuridica nutrita delle migliori essenze della celebre scuola forense napoletana post unitaria e dell\u2019eredit\u00e0 filosofica della Magna Grecia della cui passione speculativa, da alunni del sole, Oreste Ferrara \u00e8 stato un seguace e, a suo modo, un maestro in quella lontana mediterraneit\u00e0 che \u00e8 il Caribe delle isole e specialmente della pi\u00f9<span class=\"Apple-converted-space\">\u00a0 <\/span>grande delle Antille, Cuba.<\/p>\n<p class=\"p2\"><div class=\"su-spoiler su-spoiler-style-fancy su-spoiler-icon-plus su-spoiler-closed\" data-scroll-offset=\"0\" data-anchor-in-url=\"no\"><div class=\"su-spoiler-title\" tabindex=\"0\" role=\"button\"><span class=\"su-spoiler-icon\"><\/span>Continua a leggere<\/div><div class=\"su-spoiler-content su-u-clearfix su-u-trim\">Le ragioni che spinsero questo aitante e scapestrato giovane di buona famiglia garibaldina ad abbandonare la casa di via dei Carrozzieri, dove era nato nel 1876, e le ville estive di San Giorgio e di Portici per affrontare i pericoli di un lungo viaggio e della cruenta guerra che gli insorti cubani combattevano contro il dominante esercito della Spagna colonizzatrice, erano la diretta eredit\u00e0 di quell\u2019empito generoso e ideale che per decenni aveva nutrito il volontarismo dei combattenti per l\u2019Unit\u00e0 d\u2019Italia e per l\u2019ideale repubblicano e che continuavano a sentire l\u2019insoddisfazione per quella Unit\u00e0 sotto la scettro del Re di Sardegna, della Casa Savoia, che lasciava l\u2019amaro in bocca, anche alla luce di pi\u00f9 radicali ideali anarcoidi e ribelli.<\/p>\n<p class=\"p2\">Comincia cos\u00ec la vicenda di Ferrara che vuol mettere le sue energie a disposizione dell\u2019 indipendenza di Creta proprio quando \u2013 anche l\u00ec \u2013 la ragion di Stato antepone il realismo politico al trionfo degli ideali. Fu cos\u00ec che, persa Creta, gli occhi di socialisti, anarchici, sognatori e ribelli si volsero verso l\u2019ultima guerra di indipendenza: quella sostenuta dagli insorti cubani contro la vecchia e tenace dominazione di una decadente monarchia spagnola.<\/p>\n<p class=\"p2\">Non aveva ancora venti anni quando aveva risalito fortunosamente la penisola fino in Svizzera per unirsi, a Parigi, agli altri spedizionari. Insieme all\u2019amico napoletano Petriccione, riesce ad arrivare a Cuba in tempi relativamente rapidi anche grazie alla sua intraprendenza che lo vede lanciarsi nelle acque della Florida per abbordare, a qualunque costo, la nave in partenza per l\u2019isola insorta. Combatte nelle dure condizioni offerte dalla guerriglia e dall\u2019inclemente clima tropicale e trova anche il tempo per dotte conversazioni alla luce dei fal\u00f2 degli accampamenti, sulla impostazione giuridica dello stato che sta per nascere e sulla visione di un mondo che, all\u2019estinguersi del secolo, presentava stimolanti proposte di novit\u00e0 nel campo delle idee. Senatore ci accompagna sui campi di battaglia, nelle ritirate, nei momenti vittoriosi, quando Ferrara, a volte con Petriccione, a volte con una guida locale o un attendente che lo cura durante una misteriosa e grave malattia, in una serie di avventure degne della migliore picaresca, fino alla vittoriosa conclusione di quella guerra nel 1898. Sconfitta la monarchia spagnola, anche grazie al non richiesto intervento nordamericano, Ferrara resta sull\u2019isola dove esercita la professione di avvocato, \u00e8 professore all\u2019universit\u00e0, vice governatore della provincia di Las Villas.<\/p>\n<p class=\"p2\">Proprio nell\u2019anno della promulgazione della Repubblica, ha sposato la donna che lo accompagner\u00e0 per tutta la vita, \u00e8 tornato in Europa, a Napoli dove ha concluso gli studi, \u00e8 stato a Parigi per l\u2019Esposizione Universale ed ha anche avuto il primo scontro violento con il rappresentante del Governo degli Stati Uniti, in pratica un proconsole con pieni poteri, dopo l\u2019intervento nordamericano negli ultimi mesi della guerra d\u2019indipendenza, un vero e proprio \u201cscippo\u201d alla sovranit\u00e0 degli insorti, perpetuato poi con l\u2019imposizione di quel comma della costituzione della Repubblica di Cuba noto come Emendamento Platt, grazie al quale gli Stati Uniti si riservavano il diritto di intervenire negli affari interni di Cuba ove ne ravvisassero la necessit\u00e0 a loro insindacabile giudizio.<\/p>\n<p class=\"p2\">Ferrara, che si era ben adattato alle turbolenze dell\u2019incipiente vita politica della neonata repubblica, si \u00e8 dimostrato sempre del tutto intollerante di fronte alla pesantezza dell\u2019ingerenza nordamericana. Lui che non si scandalizzava di fronte alle manovre di una politicheria spesso losca, che sapeva entrare nell\u2019agone politico con sufficiente cinismo e senso della realt\u00e0, che era stato Presidente della Camera proprio per le sue doti di mediazione spregiudicata, lui che aveva perfino partecipato all\u2019incendio del Municipio di Las Villas, per mandare in fumo le schede elettorali \u2013 forse falsificate \u2013 che avrebbero dato la vittoria del bando nemico, lui che volentieri risolveva le questioni che lo riguardavano sfidando a singolar tenzone i suoi rivali (furono dodici i duelli che lo videro protagonista), non ha mai tollerato l\u2019ingerenza statunitense negli affari di Cuba. Eppure gli Stati Uniti erano stati generosi con lui che vi si era recato in varie occasioni, che vi aveva aperto un prestigioso studio legale e dove intraprese speculazioni finanziarie che gli andarono molto bene. Nel 1926, il Presidente Machado lo manda a Washington come ambasciatore della Repubblica, incarico che dura fino al 1932 quando l\u2019impresentabile e sanguinario Presidente lo nomina Ministro degli Esteri e lo richiama all\u2019Avana. Il breve periodo del suo Ministero, fino a quando deve fuggire dall\u2019isola per salvare la pelle, getta sulla figura dell\u2019avvocato napoletano una luce sinistra, nonostante la simpatia che ispira questo personaggio guascone e colto, raffinato e ormai cinico, in quanto stretto collaboratore di un tiranno crudele e impresentabile. Si apre qui un enigma non ancora chiarito: Ferrara sperava di poter diventare Presidente della Repubblica, nonostante il fatto di non essere un cubano di nascita e per questo manovrava per ottenere le dimissioni di Machado solo dopo essersene garantito la successione, o fu il suo senso di servitore dello stato a mantenerlo a fianco del dittatore e a prolungarne il potere? Impossibile andare al di l\u00e0 di semplici speculazioni. Interessa di pi\u00f9 riprendere il filo della sua avversione per la pesantezza della presenza nordamericana nella politica interna cubana.<\/p>\n<p class=\"p2\">L\u2019ambasciatore de signato da Roosevelt, Summers Wells, dotato di pieni poteri, invece di fungere da mediatore, manovra per ottenere il risultato che il suo Governo gli indica. Ferrara sfida e si scontra con Wells, perde \u2013 come era prevedibile \u2013 e deve lasciare l\u2019isola fortunosamente sotto i colpi di fucili e revolvers nemici. \u00c8 qui che Alessandro Senatore lo lascia, mentre, insieme all\u2019inseparabile Maria Luisa, nel caldo agosto del 1933, abbandona l\u2019isola alla cui indipendenza aveva contribuito a rischio della vita, alla promulgazione della cui Repubblica aveva partecipato con spregiudicatezza ma anche con competenza politica, delle cui piacevolezze aveva partecipato con gusto da intenditore.<\/p>\n<p class=\"p2\">Ma la sua vita non si concluse in quello struggente scenario: un idrovolante che decolla coraggiosamente sotto una gragnuola di pallottole. La sua lunga vita (\u00e8 morto quasi centenario) ce lo mostra di nuovo a New York, finanziere, avvocato, consulente politico, amico del dittatore di Santo Domingo, Le\u00f3nidas Trujillo come lo sar\u00e0 anche di Fulgencio Batista e di Francisco Franco. Alla fine degli anni trenta ritorna a Cuba e nel 1940 \u00e8 uno dei membri della Costituente ma, pochi mesi dopo resta vittima di un attentato: il taxi su cui viaggiava viene crivellato di pallottole, muore l\u2019autista, muore il poliziotto di scorta e Ferrara \u00e8 costretto in ospedale per due mesi, ma non appena \u00e8 in condizioni di farlo, torna ai lavori della Costituzione che trova quasi terminati.<\/p>\n<p class=\"p2\">Non \u00e8 pi\u00f9 amato a Cuba e forse anche lui non ama pi\u00f9 quelle battaglie. Accetta volentieri l\u2019incarico di Ambasciatore per gli Affari Economici in Europa, un titolo acconciato proprio per consentire a Ferrara di vivere a Madrid dove ancora le relazioni diplomatiche fra la Cuba che aveva sostenuto la Repubblica Spagnola, e il governo del golpista Francisco Franco non erano state normalizzate. Ormai cinquantenne, Ferrara trova nella tragica tranquillit\u00e0 della Spagna franchista, la quiete necessaria per trovare pace, per dedicarsi alla scrittura dei circa cinquanta testi di storia, biografie, saggi politici e contemporaneamente essere presente nel mondo della diplomazia. Nel 1946, nel contesto delle Nazioni Unite, quando fu inaugurata l\u2019Unesco, Ferrara fu nominato rappresentate per Cuba. Si dedic\u00f2 anche alla fondazione dell\u2019Unione Latina. Si trova bene a Madrid, insieme a Maria Luisa e ai suoi libri; hanno fatto qualche viaggio a Cuba, spesso si recano a Napoli dove ancora numerosa \u00e8 la famiglia di Oreste ma l\u2019agguato della storia, ancora una volta, non doveva risparmiarlo. Nel gennaio del 1959 i ribelli guidati da Fidel Castro hanno scacciato il dittatore Batista e si sono impossessati del potere. Spudoratamente, Ferrara manda un telegramma al Ministero degli Esteri dicendosi sicuro che l\u2019Unesco manterr\u00e0 la relazione con Cuba e-sembra di capire- aspettandosi una riconferma che invece non verr\u00e0. L\u2019anziana coppia Ferrari fa di nuovo le valige, stavolta per Roma dove Maria Luisa morir\u00e0 nel 1969 e Oreste nel 1972. Dal 1959 al 1968 aveva dedicato le sue energie e il suo lavoro alle Memorias.Una mirada sobre tres siglos, la sua monumentale autobiografia, pubblicata postuma, in cui riafferma il suo amore per Cuba: \u201cSono rimasto cubano nella disgrazia come nei tempi buoni. Ho la stessa fiducia in Cuba che avevo quando ho combattuto nei boscosi campi dell\u2019isola\u2026\u201d.<\/p>\n<p class=\"p2\">Quando scrive queste parole, nell\u2019isola da lui tanto amata \u00e8 in atto gi\u00e0 da dieci anni una rivoluzione radicale, ma le memorie dell\u2019anziano testimone si fermano al 1959, e non \u00e8 un caso. Su queste memorie si \u00e8 basato Alessandro Senatore per ricostruire liberamente la figura dell\u2019avvocato napoletano trascinato in terre lontane dalla sua passione libertaria e convertito poi ad una fede liberista che fece di lui un uomo ricco e famoso con un pericoloso tallone d\u2019Achille: un\u2019attrazione fatale per la politica e, soprattutto, per la sua parte pi\u00f9 intrigante e pericolosa, il potere.<\/p>\n<p class=\"p2\">A Senatore costa doversi congedare dal giovane brillante e avventuroso, forse anche dal brillante avvocato e finanziere, dall\u2019elegante uomo di mondo per affrontare il cinico uomo politico che resta a fianco dell\u2019impresentabile Gerardo Machado. Cerca ragionevoli giustificazioni per l\u2019anarchico elegante ma non ne trova: \u201cMi sono chiesto pi\u00f9 volte a cosa serve studiare, ricercare, apprendere e comprendere, se poi gli intellettuali finiscono col porsi al servizio di potenti ignoranti, e qual\u2019\u00e8 il meccanismo che fa scattare la sudditanza psicologica in chi, forte del prestigio dato dal suo sapere, dovrebbe, al contrario,esercitare la sua influenza su di loro\u201d.<\/p>\n<p class=\"p2\">Senatore \u00e8 stato preso dal fascino per le vicende della vita avventurosa di Oreste Ferrara, ne ha voluto ricostruire la vita \u2013 o almeno quella parte che gli \u00e8 parsa pi\u00f9 significativa \u2013, i luoghi, i personaggi, gli intrighi, ed \u00e8 con grande dispiacere che deve confessare al lettore: \u201cMa se di Ferrara mi affascina la sua instancabile voglia di vivere e la sua inesauribile capacit\u00e0 di mettersi alla prova per affrontare con sempre pi\u00f9 entusiasmo nuove esaltanti esperienze, nondimeno non posso non esprimere la mia delusione per un uomo che, pur seguendo legittimamente la sua natura, ha scelto di continuare a giocare con la vita, rinunciando per\u00f2 a lottare per migliorare le condizioni di esistenza degli altri\u201d. Ed \u00e8 cos\u00ec, fra passione e delusione, che la figura di Ferrara prende corpo, torna nella Napoli della sua giovent\u00f9, attraversa oceani, combatte, duella, polemizza, intriga grazie alla penna di Alessandro Senatore che vuole, ma non pu\u00f2, riconciliare la figura del giovane, generoso combattente con quella del maturo, ardito e cinico Ministro degli Esteri della Repubblica di Cuba.<\/p>\n<p class=\"p2\"><em><strong>Alessandra Riccio &#8211; Ispanista Co-direttrice della rivista Latinoamerica<\/strong> <\/em><\/div><\/div>\n<div class=\"page\" title=\"Page 13\">\n<div class=\"layoutArea\">\n<div class=\"column\">\n<div class=\"su-spoiler su-spoiler-style-fancy su-spoiler-icon-plus su-spoiler-closed\" data-scroll-offset=\"0\" data-anchor-in-url=\"no\"><div class=\"su-spoiler-title\" tabindex=\"0\" role=\"button\"><span class=\"su-spoiler-icon\"><\/span>Leggi la presentazione in spagnolo<\/div><div class=\"su-spoiler-content su-u-clearfix su-u-trim\"> Personaje del que narra Alessandro Senatore en una bio-grafi\u0301a novelada recie\u0301n publicada en Italia, es sin duda un per- sonaje relevante por su coraje, valor, cultura, determinacio\u0301n y autoestima, esta u\u0301ltima en dosis masivas y sin vacilaciones. Constituye tambie\u0301n un caso notable para la historia de su ciu- dad natal, ya que este napolitano supo llevar a tierras extranje- ras no solamente sus dotes naturales, a las cuales hay que an\u0303adir la elegancia y cierta prestancia fi\u0301sica, sino, sobre todo, una formacio\u0301n cultural y juri\u0301dica alimentada por las mejores esencias de la ce\u0301lebre Facultad de Derecho napolitana y de la herencia filoso\u0301fica de la Magna Grecia, de cuya pasio\u0301n espe- culativa Orestes Ferrara fue un seguidor y, a su manera, un maestro en aquella lejana mediterraneidad que es el Caribe de las islas y particularmente de la mayor de las Antillas.<\/p>\n<p>Las razones que empujaron a este elegante e inquieto joven de generosa familia garibaldina a abandonar su casa de la via dei Carrozzieri, donde habi\u0301a nacido en 1876, y las bellas villas de veraneo en San Giorgio y en Portici, para enfrentar los peligros de un largo viaje y de la encarnizada guerra que los insurrectos cubanos protagonizaban contra el dominante eje\u0301rcito de la Espan\u0303a colonizadora, eran una he- rencia directa de aquel impulso generoso e ideal que durante de\u0301cadas habi\u0301a alimentado el voluntarismo de los combatien- tes por la Unidad de Italia y por el ideal republicano. Esos hombres au\u0301n padeci\u0301an la insatisfaccio\u0301n por aquella Unidad<\/p>\n<p>1 Se refiere a: L\u2019anarchico elegante, Guida Editore, Napoli, Italia, 2010.<\/p>\n<p>bajo el cetro del rey de Cerden\u0303a, de la dinasti\u0301a de los Saboya, que dejaba un sabor amargo sobre todo frente a los ma\u0301s radi- cales ideales republicanos, anarquistas y rebeldes.<\/p>\n<p>Con estas motivaciones comienza la historia de Ferrara, quien quiere poner sus energi\u0301as a disposicio\u0301n de la inde- pendencia de Creta justo cuando \u2013alli\u0301 tambie\u0301n\u2013 la razo\u0301n de Estado aconseja acogerse al realismo poli\u0301tico en vez de a los ideales. Fue de esta manera que, perdida Creta, la mirada de socialistas, anarquistas, son\u0303adores y rebeldes se volteo\u0301 hacia la u\u0301ltima guerra de independencia: aquella que estaban en- frentando los insurrectos cubanos contra la vieja y obstinada dominacio\u0301n de una decadente monarqui\u0301a espan\u0303ola.<\/p>\n<p>No acababa de cumplir veinte an\u0303os, cuando habi\u0301a logra- do cruzar azarosamente la peni\u0301nsula ita\u0301lica hasta llegar a Suiza para, desde alli\u0301, juntarse en Pari\u0301s con los dema\u0301s expe- dicionarios. Con Petriccione, el amigo napolitano, logra llegar a Cuba en tiempo relativamente breve, en buena medida gra- cias a su actitud temeraria, ya que no duda en lanzarse a las aguas de la Florida para abordar \u2013costara lo que costara\u2013 el buque listo para salir hacia la isla rebelde e inalcanzable, retrasado por el mal tiempo.<\/p>\n<p>Combate en las duras condiciones ofrecidas por la gue- rrilla y por la inclemencia del clima tropical, y encuentra tambie\u0301n el tiempo para doctas conversaciones a la luz de las hogueras de los campamentos, relativas a la impostacio\u0301n juri\u0301dica del Estado que va a nacer y sobre la visio\u0301n de un mundo que, al finalizar el siglo, presentaba estimulantes pro- puestas de novedades en el a\u0301mbito de las ideas.<\/p>\n<p>En los campos de batalla, en las retiradas, en los momentos victoriosos, el autor de este libro, Alessandro Senatore, secun- da al valiente Ferrara, a veces acompan\u0303ado por Petriccione, a veces por un pra\u0301ctico de la zona o con un lugarteniente leal y abnegado, que lo atiende y cuida durante una misteriosa y grave enfermedad. Se trata de una serie de aventuras dignas de la mejor picaresca, hasta llegar a la conclusio\u0301n de aquella gesta en 1898. Derrotada la monarqui\u0301a espan\u0303ola, gracias tam- bie\u0301n a la intervencio\u0301n no solicitada de los estadounidenses, Ferrara se queda en la isla donde ejerce la profesio\u0301n de abo- gado; es profesor en la universidad y, gracias a las amistades conquistadas en la campan\u0303a militar, llegara\u0301 a ser secretario de Gobierno de la provincia de Las Villas.<\/p>\n<p>En el mismo an\u0303o en que fue promulgada la Repu\u0301blica (1902), se ha casado con la mujer que lo acompan\u0303ara\u0301 duran- te toda su vida: Mari\u0301a Luisa Sa\u0301nchez; ha vuelto a Europa, a Na\u0301poles, donde concluye sus estudios; ha ido a Pari\u0301s para la Exposicio\u0301n Universal y ha tenido tambie\u0301n su primer enfren- tamiento violento con el representante del gobierno de los Estados Unidos, en realidad un proco\u0301nsul con todos los po- deres. Despue\u0301s de la intervencio\u0301n norteamericana, sobrevino una verdadera rapin\u0303a a la soberani\u0301a de los insurgentes, con- firmada luego por la imposicio\u0301n a la Constitucio\u0301n de aquel ape\u0301ndice ominoso conocido como Enmienda Platt, median- te la cual los Estados Unidos se atribui\u0301an el derecho de in- tervenir en los asuntos internos de Cuba siempre y cuando, a su juicio exclusivo, lo juzgaran necesario.<\/p>\n<p>Ferrara, quien se habi\u0301a acostumbrado fa\u0301cilmente a las turbulencias de la incipiente vida poli\u0301tica de la recie\u0301n naci- da Repu\u0301blica, se ha mostrado siempre intolerante frente al peso de la injerencia norteamericana. E\u0301l, que no se indigna- ba frente a las maniobras de la politiqueri\u0301a mayoritariamente deshonesta, que sabi\u0301a entrar en la lucha poli\u0301tica con suficiente cinismo y sentido de la realidad, que habi\u0301a sido presidente del Parlamento precisamente por sus dotes de mediacio\u0301n atre- vida; e\u0301l, que incluso habi\u0301a participado en el incendio del municipio en Las Villas, para hacer humo de las papeletas electorales \u2013supuestamente falsificadas\u2013 que le habri\u0301an otorgado la victoria al bando enemigo; e\u0301l, que con entusias- mo resolvi\u0301a las cuestiones que le interesaban en lo perso- nal, aunque precisara desafiar a sus rivales (fueron doce los duelos que lo tuvieron como protagonista), no se decidio\u0301 jama\u0301s a tolerar la intromisio\u0301n estadounidense en los asuntos de Cuba. Y todo ello, a pesar de que los Estados Unidos se habi\u0301an mostrado generosos con e\u0301l, que habi\u0301a viajado alli\u0301 en diferentes ocasiones, que habi\u0301a fundado un prestigioso bufe- te, donde habi\u0301a vivido y donde se habi\u0301a dedicado con mucha suerte a especulaciones financieras.<\/p>\n<p>En 1926, el presidente Machado lo envi\u0301a a Washington como embajador de la Repu\u0301blica, cargo que mantiene hasta 1932, cuando el sanguinario dictador lo nombra se- cretario de Estado y lo trae de vuelta a La Habana. El corto peri\u0301odo de su ministerio \u2013en efecto, pronto tiene que huir de la Isla para salvar su vida\u2013 recubre a la figura del abogado napolitano de una luz siniestra, contraria a la simpati\u0301a que por lo general inspiraba este personaje guasco\u0301n y culto, refi- nado y finalmente ci\u0301nico, en cuanto estricto colaborador de un tirano cruel e impresentable.<\/p>\n<p>En este punto de su vida se abre un enigma que todavi\u0301a \u2013a juicio de Alessandro Senatore\u2013 no parece haber sido es- clarecido: \u00bfFerrara esperaba poder convertirse en presidente de la Repu\u0301blica, pese al factor determinante de no ser cuba- no de nacimiento, y con este propo\u0301sito maniobro\u0301 hasta con- seguir la dimisio\u0301n de Machado, pero solo despue\u0301s de haber garantizado su sucesio\u0301n? \u00bfO fue su sentimiento de servidor del Estado el que lo mantuvo al lado del dictador, prolongando, en efecto, su poder?<\/p>\n<p>Imposible ir ma\u0301s lejos que estas especulaciones. Probable- mente interesa ma\u0301s retomar el hilo de su repulsio\u0301n para con lo insoportable del peso de la presencia norteamericana en la poli\u0301tica interior cubana. El embajador designado por Roosevelt, Sumner Welles, investido de todos los poderes, en vez de ac- tuar como mediador, maniobra para obtener el resultado que su gobierno le indica. Ferrara desafi\u0301a y se enfrenta a Welles, pierde \u2013como era de esperar\u2013 y tiene que dejar la Isla bajo el tiroteo de los fusiles y los revo\u0301lveres enemigos.<\/p>\n<p>Alessandro Senatore deja aqui\u0301 a su he\u0301roe, en el momento en que, junto a su fiel y entran\u0303able Mari\u0301a Luisa, en el caliente agosto de 1933, abandona la isla a cuya independencia habi\u0301a contribuido poniendo en riesgo su vida, a la promulgacio\u0301n de cuya Repu\u0301blica se involucro\u0301 libre de prejuicios y con competencia poli\u0301tica, y de cuyos placeres habi\u0301a participa- do con gusto de entendedor. Sin embargo, su vida no concluyo\u0301 en aquel drama\u0301tico contexto, cuando un hidroavio\u0301n despego\u0301 atrevidamente en la bahi\u0301a de La Habana, acosado por ra\u0301fa- gas de balas. Su larga vida (murio\u0301 casi centenario) nos lo pre- senta otra vez en Nueva York, en Wall Street, abogado, asesor poli\u0301tico, amigo y hue\u0301sped privilegiado del dictador de Santo Domingo, Rafael Leo\u0301nidas Trujillo, igual a como lo sera\u0301 de Fulgencio Batista y de Francisco Franco.<\/p>\n<p>A finales de los an\u0303os treinta vuelve a Cuba y en 1940 es uno de los miembros de la Convencio\u0301n Constituyente, a cuya formulacio\u0301n pretende contribuir, pero, a los pocos meses, es blanco de un atentado: el taxi donde viajaba es acribillado a balazos, muere el conductor, muere el polici\u0301a de escolta, y Ferrara se ve obligado a permanecer en el hospital durante dos meses. Cuando le dan de alta, quiere regresar de inme- diato a la Constituyente, casi este\u0301ril empen\u0303o, ya que, entre tanto, pra\u0301cticamente habi\u0301an acabado las sesiones.<\/p>\n<p>Ya no le aman en Cuba, y posiblemente e\u0301l tampoco sigue amando aquellas batallas. Acepta como una manera digna de salir de escena con honor, el cargo de embajador para los Asuntos Econo\u0301micos en Europa, un ti\u0301tulo creado a propo\u0301sito para permitirle a Ferrara vivir en Madrid, cuando (debido a la participacio\u0301n solidaria y decidida de Cuba en apoyo a la Repu\u0301blica Espan\u0303ola) todavi\u0301a no se habi\u0301an reanudado las correctas relaciones diploma\u0301ticas entre la Isla y el gobierno del golpista Francisco Franco.<\/p>\n<p>Entrado ya en la edad madura, Ferrara busca en la tra\u0301gica tranquilidad de la Espan\u0303a franquista la paz que necesita, la quietud necesaria para dedicarse a la escritura de cerca de cincuenta volu\u0301menes de historia, biografi\u0301as y ensayos poli\u0301ti- cos, y al mismo tiempo seguir actuando (y disfrutando) en el mundo de la diplomacia. En 1946, en el contexto de las Nacio- nes Unidas, cuando acababa de instituirse la Unesco, Ferrara logro\u0301 que se le nombrara representante de Cuba. Se dedico\u0301 tambie\u0301n a la fundacio\u0301n de la Unio\u0301n Latina, quiza\u0301s por su sin- cera conviccio\u0301n sobre la importancia de la cultura de la cual procedi\u0301a, frente a la agresiva avanzada del mundo anglosajo\u0301n.<\/p>\n<p>En Madrid se encuentra a sus anchas, junto con Mari\u0301a Luisa y sus libros; ha viajado de vez en cuando a Cuba; a menudo han vuelto a Na\u0301poles, donde reside todavi\u0301a la numerosa familia de Orestes; pero su vida feliz y apacible no estaba destinada a durar, y la historia, una vez ma\u0301s, pre- paraba su trampa: en enero de 1959 los rebeldes guiados por Fidel Castro liberan al pai\u0301s de la dictadura de Batista y conquistan el poder. El desvergonzado de Ferrara se hace el tonto: manda un cable al Ministerio de Estado dicie\u0301ndose convencido de que la Unesco va a mantener sus relaciones con Cuba, y \u2013eso parece\u2013 espera una confirmacio\u0301n del cargo que no llegara\u0301 nunca. La anciana pareja, una vez ma\u0301s, se ve forzada a preparar las maletas, ahora rumbo a Roma, donde Mari\u0301a Luisa muere en 1969, y Oreste en 1972.<\/p>\n<p>Entre 1959 y 1968 habi\u0301a dedicado sus energi\u0301as y sus ma\u0301s productivas horas de trabajo a la redaccio\u0301n de Una mirada sobre tres siglos. Memorias, copiosa autobiografi\u0301a, publicada po\u0301stuma, donde reafirma su amor por Cuba: \u201cHe quedado cubano en la desgracia como en los buenos tiempos. Tengo la misma fe en Cuba que teni\u0301a cuando luche\u0301 en los selva\u0301ticos campos de la isla&#8230;\u201d Cuando escribe estas palabras, en la tierra que tanto amaba, transcurri\u0301an los primeros diez an\u0303os de una revolucio\u0301n radical que se afianzaba; sin embargo, las \u201cmemorias\u201d del anciano testigo terminan en 1959 y no es una casualidad. En estas monumentales pa\u0301ginas se ha ba- sado Alessandro Senatore para reconstruir libremente la fi- gura del abogado napolitano arrastrado a tierras lejanas por su pasio\u0301n libertaria, y convertido luego a una doctrina liberal que hizo de e\u0301l un hombre rico y famoso con un peligroso ta- lo\u0301n de Aquiles: la atraccio\u0301n fatal por la poli\u0301tica y, sobre todo, por su parte ma\u0301s seductora y peligrosa: el poder.<\/p>\n<p>A Senatore le cuesta tener que despedirse del joven bri- llante y aventurero; posiblemente, le cuesta tambie\u0301n des- pedirse del brillante abogado y especulador financiero, del elegante miembro de la alta sociedad, para enfrentarse con el inescrupuloso poli\u0301tico que se mantiene al lado del abomi- nable Gerardo Machado. Busca justificiones razonables para su anarquista elegante, pero no logra encontrarlas: \u201cMe he preguntado muchas veces de que\u0301 sirve estudiar, investigar, aprender y comprender, si luego los intelectuales acaban po- nie\u0301ndose al servicio de ignorantes que detentan el poder, y cua\u0301l es el mecanismo que lleva a aceptar una servidumbre psicolo\u0301gica en quien, en virtud del prestigio que procede de su saber, tendri\u0301a, por lo contrario, que ejercer su influencia sobre aquellos\u201d.<\/p>\n<p>Senatore se ha dejado cautivar por el encanto de las vici- situdes de la vida aventurera de Orestes Ferrara, ha querido reconstruir su vida \u2013o por lo menos aquella parte que le ha parecido de mayor significacio\u0301n\u2013, los lugares, los persona- jes, las intrigas&#8230;, pero, con pesar, finalmente ha tenido que confesar al lector: \u201cSin embargo, si Ferrara me cautiva con su incansable gana de vivir y con su inagotable capacidad de ponerse a prueba para enfrentar con siempre ma\u0301s entusias- mo nuevas experiencias arrebatadoras, de todas formas no puedo evitar expresar mi desilusio\u0301n hacia un hombre que, aun siguiendo legitimamente su naturaleza, ha escogido con- tinuar a jugar con la vida, pero renunciando a luchar para mejorar las condiciones de existencia de los dema\u0301s\u201d. De esta manera, entre pasio\u0301n y desilusio\u0301n, la figura de Ferra- ra vuelve a tomar cuerpo: regresa al Na\u0301poles de su juventud, cruza oce\u0301anos, lucha, se bate en duelo, polemiza, intriga; todo ello gracias a la pluma de Alessandro Senatore que quiere, pero no puede, reconciliar la figura del joven, generoso com- batiente, con la del maduro, atrevido y ci\u0301nico secretario de Estado de la Repu\u0301blica de Cuba en tiempos de Machado.<\/p>\n<p><strong>Alessandra riccio<\/strong><\/div><\/div>\n<\/div>\n<\/div>\n<\/div>\n<div class=\"page\" title=\"Page 19\">\n<div class=\"layoutArea\">\n<div class=\"column\">\n<p>&nbsp;<\/p>\n<\/div>\n<\/div>\n<\/div>\n<p class=\"p3\"><b><\/b><div class=\"su-divider su-divider-style-dashed\" style=\"margin:15px 0;border-width:3px;border-color:#999999\"><\/div>\n<h2 id=\"televisione\" class=\"p1\"><span style=\"color: #003366;\"><strong>L&#8217;Anarchico Elegante va in televisione<\/strong><\/span><\/h2>\n\t\t\t\t<link rel=\"stylesheet\" type=\"text\/css\" href=\"https:\/\/www.studiolegalesenatore.it\/avvocati\/wp-content\/plugins\/gallery-videos\/Includes\/..\/CSS\/totalsoft.css\">\r\n\t\t\t\t   <link href=\"https:\/\/fonts.googleapis.com\/css?family=Abadi MT Condensed Light|Abadi MT Condensed Light\" >\r\n\t\t\t  <style type=\"text\/css\">\r\n      .TotalSoft_GV_SG_Website_497, .TotalSoft_GV_SG_Website_497 * {\r\n          margin: 0;\r\n          padding: 0;\r\n          box-sizing: border-box;\r\n          -webkit-box-sizing: border-box;\r\n          -moz-box-sizing: border-box;\r\n          line-height: 1;\r\n      }\r\n\r\n      .TotalSoft_GV_SG_Grid_497 {\r\n          display:flex;\r\n          flex-wrap: wrap;\r\n          -webkit-column-gap: 10px;\r\n          -moz-column-gap: 10px;\r\n          column-gap: 10px;\r\n       -webkit-perspective: 1000px;\r\n          -moz-perspective: 1000px;\r\n          perspective: 1000px;\r\n       float: left !important;\r\n          width: 100%;\r\n      }\r\n\r\n      @media (max-width: 850px) {\r\n          .TotalSoft_GV_SG_Grid_497 {\r\n              -webkit-column-count: 2;\r\n              -moz-column-count: 2;\r\n              column-count: 2;\r\n          }\r\n      }\r\n\r\n      @media (max-width: 600px) {\r\n          .TotalSoft_GV_SG_Grid_497 {\r\n              -webkit-column-count: 1;\r\n              -moz-column-count: 1;\r\n              column-count: 1;\r\n          }\r\n      }\r\n\r\n      .TotalSoft_GV_SG_Item_497 {\r\n          -webkit-column-break-inside: avoid;\r\n          page-break-inside: avoid;\r\n          break-inside: avoid;\r\n          will-change: transform;\r\n          opacity: 0;\r\n          width: calc(100% \/ 3 - 10px) !important;\r\n          margin-bottom: 10px;\r\n          position: relative;\r\n       -webkit-transform: translateZ(0);\r\n          -moz-transform: translateZ(0);\r\n          transform: translateZ(0);\r\n            }\r\n\r\n      .TotalSoft_GV_SG_Videodiv_497 {\r\n          width: 100%;\r\n          padding-top: 56.25%;\r\n          position: relative;\r\n      }\r\n\r\n      .TotalSoft_GV_SG_Imagediv_497 {\r\n          width: 100%;\r\n          display: block;\r\n          text-align: center;\r\n          position: relative;\r\n      }\r\n\r\n      .TotalSoft_GV_SG_Imagediv_497 img {\r\n          width: 100%;\r\n          height: auto;\r\n          margin: 0 auto !important;\r\n      }\r\n\r\n      .TotalSoft_GV_SG_Item_497 .TotalSoft_GV_SG_VideoTitle_497 {\r\n          position: relative;\r\n          display: block;\r\n          padding: 5px 10px;\r\n          font-size: 16px;\r\n          font-family: Abadi MT Condensed Light;\r\n          text-align: center;\r\n          color: #000000;\r\n       background: rgba(255,255,255,0.1);\r\n          background: -webkit-linear-gradient(left, rgba(255,255,255,0.1), #ffffff);\r\n          background: -o-linear-gradient(right, rgba(255,255,255,0.1), #ffffff);\r\n          background: -moz-linear-gradient(right, rgba(255,255,255,0.1), #ffffff);\r\n          background: linear-gradient(to right, rgba(255,255,255,0.1), #ffffff);\r\n            }\r\n\r\n            .TotalSoft_GV_SG_Item_497 .TotalSoft_GV_SG_VideoPMspan_497 {\r\n          position: relative;\r\n          display: block;\r\n          padding: 3px 0 0 0;\r\n          cursor: pointer;\r\n      }\r\n\r\n      .TotalSoft_GV_SG_VideoPM_497 {\r\n          padding: 10px;\r\n          cursor: pointer;\r\n          background-color: #f4f4f4;\r\n          color: #898989;\r\n          font-family: Abadi MT Condensed Light;\r\n          font-size: 16px;\r\n          text-align: center;\r\n          text-decoration: none;\r\n          -webkit-tap-highlight-color: transparent;\r\n          display: block;\r\n          vertical-align: middle;\r\n          -webkit-transform: translateZ(0);\r\n          transform: translateZ(0);\r\n          box-shadow: 0 0 1px transparent;\r\n          -webkit-backface-visibility: hidden;\r\n          backface-visibility: hidden;\r\n          -moz-osx-font-smoothing: grayscale;\r\n          position: relative;\r\n          -webkit-transition-property: color;\r\n          transition-property: color;\r\n          -webkit-transition-duration: 0.3s;\r\n          transition-duration: 0.3s;\r\n      }\r\n\r\n      .TotalSoft_GV_SG_VideoPM_497:before {\r\n          content: \"\";\r\n          position: absolute;\r\n          z-index: -1;\r\n          top: 0;\r\n          left: 0;\r\n          right: 0;\r\n          bottom: 0;\r\n          background: #ffffff;\r\n          -webkit-transform: scaleY(0);\r\n          transform: scaleY(0);\r\n          -webkit-transform-origin: 50% 0;\r\n          transform-origin: 50% 0;\r\n          -webkit-transition-property: transform;\r\n          transition-property: transform;\r\n          -webkit-transition-duration: 0.3s;\r\n          transition-duration: 0.3s;\r\n          -webkit-transition-timing-function: ease-out;\r\n          transition-timing-function: ease-out;\r\n          backface-visibility: hidden;\r\n          -webkit-backface-visibility: hidden;\r\n          -moz-backface-visibility: hidden;\r\n      }\r\n\r\n      .TotalSoft_GV_SG_VideoPMspan_497:hover .TotalSoft_GV_SG_VideoPM_497, .TotalSoft_GV_SG_VideoPMspan_497:focus .TotalSoft_GV_SG_VideoPM_497, .TotalSoft_GV_SG_VideoPMspan_497:active .TotalSoft_GV_SG_VideoPM_497 {\r\n          color: #000000;\r\n      }\r\n\r\n      .TotalSoft_GV_SG_VideoPMspan_497:hover .TotalSoft_GV_SG_VideoPM_497:before {\r\n          -webkit-transform: scaleY(1);\r\n          -moz-transform: scaleY(1);\r\n          transform: scaleY(1);\r\n      }\r\n\r\n            .TotalSoft_GV_SG_VideoPMicon_497 {\r\n       margin-left: 5px;\r\n       font-size: 18px;\r\n      }\r\n\r\n      .TotalSoft_GV_SG_Item_497 iframe, .TotalSoft_GV_SG_Item_497 video {\r\n          position: absolute;\r\n          width: 100%;\r\n          height: 100%;\r\n          top: 0;\r\n          left: 0;\r\n      }\r\n\r\n      @-webkit-keyframes animtr {\r\n          0% {\r\n              -webkit-transform: translateY(100px);\r\n              -moz-transform: translateY(100px);\r\n              transform: translateY(100px);\r\n          }\r\n          70% {\r\n              -webkit-transform: translateY(0px);\r\n              -moz-transform: translateY(0px);\r\n              transform: translateY(0px);\r\n          }\r\n          100% {\r\n              opacity: 1;\r\n          }\r\n      }\r\n\r\n      @-moz-keyframes animtr {\r\n          0% {\r\n              -moz-transform: translateY(100px);\r\n              -moz-transform: translateY(100px);\r\n              -moz-transform: translateY(100px);\r\n          }\r\n          70% {\r\n              -moz-transform: translateY(0px);\r\n              -moz-transform: translateY(0px);\r\n              -moz-transform: translateY(0px);\r\n          }\r\n          100% {\r\n              opacity: 1;\r\n          }\r\n      }\r\n\r\n      @keyframes animtr {\r\n          0% {\r\n              -webkit-transform: translateY(100px);\r\n              -moz-transform: translateY(100px);\r\n              transform: translateY(100px);\r\n          }\r\n          70% {\r\n              -webkit-transform: translateY(0px);\r\n              -moz-transform: translateY(0px);\r\n              transform: translateY(0px);\r\n          }\r\n          100% {\r\n              opacity: 1;\r\n          }\r\n      }\r\n\r\n      @-webkit-keyframes animsc {\r\n          0% {\r\n              -webkit-transform: scale(0.7);\r\n              -moz-transform: scale(0.7);\r\n              transform: scale(0.7);\r\n          }\r\n          50% {\r\n              -webkit-transform: scale(1.2);\r\n              -moz-transform: scale(1.2);\r\n              transform: scale(1.2);\r\n          }\r\n          70% {\r\n              -webkit-transform: scale(1);\r\n              -moz-transform: scale(1);\r\n              transform: scale(1);\r\n          }\r\n          100% {\r\n              opacity: 1;\r\n          }\r\n      }\r\n\r\n      @-moz-keyframes animsc {\r\n          0% {\r\n              -moz-transform: scale(0.7);\r\n              -moz-transform: scale(0.7);\r\n              -moz-transform: scale(0.7);\r\n          }\r\n          50% {\r\n              -moz-transform: scale(1.2);\r\n              -moz-transform: scale(1.2);\r\n              -moz-transform: scale(1.2);\r\n          }\r\n          70% {\r\n              -moz-transform: scale(1);\r\n              -moz-transform: scale(1);\r\n              -moz-transform: scale(1);\r\n          }\r\n          100% {\r\n              opacity: 1;\r\n          }\r\n      }\r\n\r\n      @keyframes animsc {\r\n          0% {\r\n              -webkit-transform: scale(0.7);\r\n              -moz-transform: scale(0.7);\r\n              transform: scale(0.7);\r\n          }\r\n          50% {\r\n              -webkit-transform: scale(1.2);\r\n              -moz-transform: scale(1.2);\r\n              transform: scale(1.2);\r\n          }\r\n          70% {\r\n              -webkit-transform: scale(1);\r\n              -moz-transform: scale(1);\r\n              transform: scale(1);\r\n          }\r\n          100% {\r\n              opacity: 1;\r\n          }\r\n      }\r\n\r\n      @-webkit-keyframes animno {\r\n          0% {\r\n              opacity: 0;\r\n          }\r\n          50% {\r\n              opacity: 0.5;\r\n          }\r\n          70% {\r\n              opacity: 0.7;\r\n          }\r\n          100% {\r\n              opacity: 1;\r\n          }\r\n      }\r\n\r\n      @-moz-keyframes animno {\r\n          0% {\r\n              opacity: 0;\r\n          }\r\n          50% {\r\n              opacity: 0.5;\r\n          }\r\n          70% {\r\n              opacity: 0.7;\r\n          }\r\n          100% {\r\n              opacity: 1;\r\n          }\r\n      }\r\n\r\n      @keyframes animno {\r\n          0% {\r\n              opacity: 0;\r\n          }\r\n          50% {\r\n              opacity: 0.5;\r\n          }\r\n          70% {\r\n              opacity: 0.7;\r\n          }\r\n          100% {\r\n              opacity: 1;\r\n          }\r\n      }\r\n\r\n      .TS_GV_SG_Div_Full_497 {\r\n          max-width:3000px !important;\r\n          position: fixed;\r\n          width: 0%;\r\n          height: 0%;\r\n          top: 50%;\r\n          left: 50%;\r\n          background: rgba(0, 0, 0, 0.1);\r\n          z-index: 10000000;\r\n          cursor: pointer;\r\n      }\r\n\r\n      .TS_GV_SG_Div_box_497 {\r\n          max-width:3000px !important;\r\n          position: fixed;\r\n          display: none;\r\n          width: 100%;\r\n          top: 50%;\r\n          left: 0;\r\n          z-index: 10000001;\r\n          transform: translateY(-50%);\r\n          -webkit-transform: translateY(-50%);\r\n          -moz-transform: translateY(-50%);\r\n      }\r\n\r\n      .TS_GV_SG_Div_box_div1_497 {\r\n          position: relative;\r\n          margin: 0 25%;\r\n          width: 50%;\r\n          height: inherit;\r\n          display: none;\r\n          height: 100%;\r\n          transition: transform 1s;\r\n          -webkit-transition: transform 1s;\r\n          -moz-transition: transform 1s;\r\n          transition-delay: 1s;\r\n          -webkit-transition-delay: 1s;\r\n          -moz-transition-delay: 1s;\r\n          transform: translateX(0);\r\n          -webkit-transform: translateX(0%);\r\n          -moz-transform: translateX(0%);\r\n      }\r\n\r\n      .TS_GV_SG_Div_box_div1_a_497 {\r\n          transition-delay: 0s;\r\n          -webkit-transition-delay: 0s;\r\n          -moz-transition-delay: 0s;\r\n          transform: translateX(-25%);\r\n          -webkit-transform: translateX(-25%);\r\n          -moz-transform: translateX(-25%);\r\n      }\r\n\r\n      .TS_GV_SG_Div_video_497 {\r\n          position: relative;\r\n          padding-top: 56.25%;\r\n          width: 100%;\r\n          z-index: 2;\r\n          border: 0px solid#000000;\r\n          background: #000000;\r\n          overflow: hidden;\r\n          backface-visibility: hidden;\r\n      }\r\n\r\n      .TS_GV_SG_Div_video_497 iframe {\r\n          position: absolute;\r\n          top: 0;\r\n          left: 0;\r\n          width: 100% !important;\r\n          height: 100%;\r\n          transform: translateZ(0);\r\n          -moz-transform: translateZ(0);\r\n          -webkit-transform: translateZ(0);\r\n      }\r\n\r\n      .TS_GV_SG_Div_video_497 img {\r\n          position: absolute;\r\n          top: 0;\r\n          left: 50%;\r\n          width: auto;\r\n          margin: 0 !important;\r\n          height: 100%;\r\n          transform: translateZ(0) translateX(-50%);\r\n          -moz-transform: translateZ(0) translateX(-50%);\r\n          -webkit-transform: translateZ(0) translateX(-50%);\r\n      }\r\n\r\n      .TS_GV_SG_Div_box_div2_497 {\r\n          position: absolute;\r\n          height: 50px;\r\n          width: 50px;\r\n          background: #ffffff;\r\n          top: 50%;\r\n          right: 0px;\r\n          border: 0px solid#000000;\r\n          transform: rotate(45deg) translate(0px, -36px) translate3d(0, 0, 0);\r\n          -webkit-transform: rotate(45deg) translate(0px, -36px) translate3d(0, 0, 0);\r\n          -moz-transform: rotate(45deg) translate(0px, -36px) translate3d(0, 0, 0);\r\n          perspective: 800px;\r\n          transition-delay: 1s;\r\n          -webkit-transition-delay: 1s;\r\n          -moz-transition-delay: 1s;\r\n          transition-duration: 1s;\r\n          -webkit-transition-duration: 1s;\r\n          -moz-transition-duration: 1s;\r\n          cursor: pointer;\r\n          z-index: 1;\r\n      }\r\n\r\n      .TS_GV_SG_Div_box_div2_a_497 {\r\n          transition-duration: 1s;\r\n          -webkit-transition-duration: 1s;\r\n          -moz-transition-duration: 1s;\r\n          transition-delay: 0s;\r\n          -webkit-transition-delay: 0s;\r\n          -moz-transition-delay: 0s;\r\n          transform: rotate(45deg) translate(-25px, -10px);\r\n          -webkit-transform: rotate(45deg) translate(-25px, -10px);\r\n          -moz-transform: rotate(45deg) translate(-25px, -10px);\r\n      }\r\n\r\n      .TotalSoft_GV_SG_Info_497 {\r\n          position: absolute;\r\n          top: 50%;\r\n          left: 50%;\r\n          transform: translate(20%, -100%) rotate(-45deg);\r\n          -webkit-transform: translate(20%, -100%) rotate(-45deg);\r\n          -moz-transform: translate(20%, -100%) rotate(-45deg);\r\n          color: #000000;\r\n      }\r\n\r\n      .TotalSoft_GV_SG_Info_1_497 {\r\n          position: absolute;\r\n          top: 50%;\r\n          left: 50%;\r\n          transform: translate(20%, -100%) rotate(-45deg);\r\n          -webkit-transform: translate(20%, -100%) rotate(-45deg);\r\n          -moz-transform: translate(20%, -100%) rotate(-45deg);\r\n          color: #000000;\r\n      }\r\n\r\n      .TS_GV_SG_Div_box_div3_497 {\r\n          position: absolute;\r\n          height: 100%;\r\n          width: 50%;\r\n          background: #ffffff;\r\n          padding: 10px 10px 10px 45px;\r\n          top: 0;\r\n          right: 0;\r\n          border: 0px solid#000000;\r\n          border-left: none;\r\n          cursor: pointer;\r\n          transition: transform 2s;\r\n          -webkit-transition: transform 2s;\r\n          -moz-transition: transform 2s;\r\n          transition-delay: 0s;\r\n          -webkit-transition-delay: 0s;\r\n          -moz-transition-delay: 0s;\r\n          transform: translateX(0%);\r\n          -webkit-transform: translateX(0%);\r\n          -moz-transform: translateX(0%);\r\n          overflow-y: auto;\r\n          box-sizing: border-box;\r\n          -moz-box-sizing: border-box;\r\n          -webkit-box-sizing: border-box;\r\n          backface-visibility: hidden;\r\n          -moz-backface-visibility: hidden;\r\n          -webkit-backface-visibility: hidden;\r\n      }\r\n\r\n      .TS_GV_SG_Div_box_div3_a_497 {\r\n          transition-delay: 1s;\r\n          -webkit-transition-delay: 1s;\r\n          -moz-transition-delay: 1s;\r\n          transform: translateX(99%);\r\n          -webkit-transform: translateX(99%);\r\n          -moz-transform: translateX(99%);\r\n      }\r\n\r\n      @media (max-width: 1000px) {\r\n          .TS_GV_SG_Div_box_div1_497 {\r\n              transform: translateY(0%);\r\n              -webkit-transform: translateY(0%);\r\n              -moz-transform: translateY(0%);\r\n          }\r\n\r\n          .TS_GV_SG_Div_box_div1_a_497 {\r\n              transform: translateY(-25%);\r\n              -webkit-transform: translateY(-25%);\r\n              -moz-transform: translateY(-25%);\r\n          }\r\n\r\n          .TS_GV_SG_Div_box_div2_497 {\r\n              top: 100%;\r\n              right: 50%;\r\n              transform: rotate(45deg) translate(0px, -36px);\r\n              -webkit-transform: rotate(45deg) translate(0px, -36px);\r\n              -moz-transform: rotate(45deg) translate(0px, -36px);\r\n              transition-delay: 1s;\r\n              -webkit-transition-delay: 1s;\r\n              -moz-transition-delay: 1s;\r\n              transition-duration: 1s;\r\n              -webkit-transition-duration: 1s;\r\n              -moz-transition-duration: 1s;\r\n          }\r\n\r\n          .TS_GV_SG_Div_box_div2_a_497 {\r\n              transition-duration: 1s;\r\n              -webkit-transition-duration: 1s;\r\n              -moz-transition-duration: 1s;\r\n              transition-delay: 0s;\r\n              -webkit-transition-delay: 0s;\r\n              -moz-transition-delay: 0s;\r\n              transform: rotate(45deg) translate(-25px, -62px);\r\n              -webkit-transform: rotate(45deg) translate(-25px, -62px);\r\n              -moz-transform: rotate(45deg) translate(-25px, -62px);\r\n          }\r\n\r\n          .TotalSoft_GV_SG_Info_497 {\r\n              transform: translate(20%, 0%) rotate(45deg);\r\n              -webkit-transform: translate(20%, 0%) rotate(45deg);\r\n              -moz-transform: translate(20%, 0%) rotate(45deg);\r\n          }\r\n\r\n          .TotalSoft_GV_SG_Info_1_497 {\r\n              transform: translate(20%, 0%) rotate(45deg);\r\n              -webkit-transform: translate(20%, 0%) rotate(45deg);\r\n              -moz-transform: translate(20%, 0%) rotate(45deg);\r\n          }\r\n\r\n          .TS_GV_SG_Div_box_div3_497 {\r\n              height: 50%;\r\n              width: 100%;\r\n              padding: 35px 10px 10px 10px;\r\n              top: 50%;\r\n              left: 0;\r\n              border: 0px solid#000000;\r\n              border-top: none;\r\n              transform: translateY(0%);\r\n              -webkit-transform: translateY(0%);\r\n              -moz-transform: translateY(0%);\r\n          }\r\n\r\n          .TS_GV_SG_Div_box_div3_a_497 {\r\n              transform: translateY(99%);\r\n              -webkit-transform: translateY(99%);\r\n              -moz-transform: translateY(99%);\r\n          }\r\n      }\r\n\r\n      @media (max-width: 600px) {\r\n          .TS_GV_SG_Div_box_div1_497 {\r\n              width: 90%;\r\n              margin: 0 5%;\r\n              transform: translateY(-20%);\r\n              -webkit-transform: translateY(-20%);\r\n              -moz-transform: translateY(-20%);\r\n          }\r\n\r\n          .TS_GV_SG_Div_box_div1_a_497 {\r\n              transform: translateY(-20%);\r\n              -webkit-transform: translateY(-20%);\r\n              -moz-transform: translateY(-20%);\r\n          }\r\n\r\n          .TS_GV_SG_Div_box_div2_497 {\r\n              display: none;\r\n          }\r\n\r\n          .TS_GV_SG_Div_box_div2_a_497 {\r\n              display: none;\r\n          }\r\n\r\n          .TS_GV_SG_Div_box_div3_497 {\r\n              height: 45%;\r\n              padding: 10px 10px 10px 10px;\r\n              transform: translateY(99%);\r\n              -webkit-transform: translateY(99%);\r\n              -moz-transform: translateY(99%);\r\n          }\r\n\r\n          .TS_GV_SG_Div_box_div3_a_497 {\r\n              transform: translateY(99%);\r\n              -webkit-transform: translateY(99%);\r\n              -moz-transform: translateY(99%);\r\n          }\r\n\r\n          .TotalSoft_GV_SG_CIcon_497 {\r\n              transform: translate(-50%, -50%) !important;\r\n              -webkit-transform: translate(-50%, -50%) !important;\r\n              -moz-transform: translate(-50%, -50%) !important;\r\n          }\r\n      }\r\n\r\n      @media (max-width: 400px) {\r\n          .TS_GV_SG_Div_box_div1_497 {\r\n              width: 98%;\r\n              margin: 0 1%;\r\n              transform: translateY(-25%);\r\n              -webkit-transform: translateY(-25%);\r\n              -moz-transform: translateY(-25%);\r\n          }\r\n\r\n          .TS_GV_SG_Div_box_div1_a_497 {\r\n              transform: translateY(-25%);\r\n              -webkit-transform: translateY(-25%);\r\n              -moz-transform: translateY(-25%);\r\n          }\r\n\r\n          .TS_GV_SG_Div_box_div2_497 {\r\n              display: none;\r\n          }\r\n\r\n          .TS_GV_SG_Div_box_div2_a_497 {\r\n              display: none;\r\n          }\r\n\r\n          .TS_GV_SG_Div_box_div3_497 {\r\n              top: 20%;\r\n              height: 80%;\r\n              padding: 10px 10px 10px 10px;\r\n              transform: translateY(99%);\r\n              -webkit-transform: translateY(99%);\r\n              -moz-transform: translateY(99%);\r\n          }\r\n\r\n          .TS_GV_SG_Div_box_div3_a_497 {\r\n              transform: translateY(99%);\r\n              -webkit-transform: translateY(99%);\r\n              -moz-transform: translateY(99%);\r\n          }\r\n\r\n          .TotalSoft_GV_SG_CIcon_497 {\r\n              transform: translate(0%, -100%) !important;\r\n              -webkit-transform: translate(0%, -100%) !important;\r\n              -moz-transform: translate(0%, -100%) !important;\r\n          }\r\n      }\r\n\r\n      .TS_GV_SG_Div_box_div3_497::-webkit-scrollbar {\r\n          width: 6px;\r\n      }\r\n\r\n      .TS_GV_SG_Div_box_div3_497::-webkit-scrollbar-track {\r\n          -webkit-box-shadow: inset 0 0 6px#000000;\r\n      }\r\n\r\n      .TS_GV_SG_Div_box_div3_497::-webkit-scrollbar-thumb {\r\n          background-color: #000000;\r\n          outline: #000000;\r\n      }\r\n\r\n      .TS_GV_SG_Div_box_div3_Title_497 {\r\n          font-size: 16px;\r\n          font-family: Abadi MT Condensed Light;\r\n          color: #000000;\r\n          display: block;\r\n          text-align: center;\r\n          padding: 7px 0;\r\n      }\r\n\r\n      .TS_GV_SG_Div_box_div3_LAT_497 {\r\n          position: relative;\r\n          padding: 10px 0;\r\n      }\r\n\r\n      .TS_GV_SG_Div_box_div3_LAT_497 span {\r\n          width: 80%;\r\n          height: 1px;\r\n          background: #e0e0e0;\r\n          display: block;\r\n       margin: 0 auto;\r\n            }\r\n\r\n      .TS_GV_SG_Div_box_div3_497 * {\r\n          line-height: 1;\r\n      }\r\n\r\n      .TS_GV_SG_Div_box_div3_497 p {\r\n          margin: 0;\r\n          padding: 0;\r\n      }\r\n\r\n      .TotalSoft_GV_SG_Link_497 {\r\n          padding: 5px 10px;\r\n          display: block;\r\n          border: 1px solid#939393;\r\n          border-radius: 20px;\r\n          text-decoration: none;\r\n          box-shadow: none !important;\r\n          -moz-box-shadow: none !important;\r\n          -webkit-box-shadow: none !important;\r\n          line-height: 1 !important;\r\n          background-color: #ffffff;\r\n          color: #939393;\r\n          text-align: center;\r\n       font-family: Abadi MT Condensed Light;\r\n          font-size: 15px;\r\n      }\r\n\r\n      .TotalSoft_GV_SG_Link_497:hover {\r\n          text-decoration: none !important;\r\n          background-color: #ffffff !important;\r\n          color: #000000 !important;\r\n          box-shadow: none !important;\r\n          -moz-box-shadow: none !important;\r\n          -webkit-box-shadow: none !important;\r\n      }\r\n\r\n      .TotalSoft_GV_SG_Link_497:focus {\r\n          box-shadow: none !important;\r\n          -moz-box-shadow: none !important;\r\n          -webkit-box-shadow: none !important;\r\n          outline: none !important;\r\n      }\r\n\r\n      .TotalSoft_GV_SG_Link_Icon_497 {\r\n          font-size: 15px;\r\n          color: #939393;\r\n      }\r\n\r\n      .TotalSoft_GV_SG_Link_497:hover .TotalSoft_GV_SG_Link_Icon_497 {\r\n          color: #000000;\r\n      }\r\n\r\n      .TotalSoft_GV_SG_CIcon_497 {\r\n          position: absolute;\r\n          top: 0;\r\n          left: 0;\r\n          z-index: 3;\r\n          font-size: 32px;\r\n          color: #ffffff;\r\n          transform: translate(-50%, -50%);\r\n          -webkit-transform: translate(-50%, -50%);\r\n          -moz-transform: translate(-50%, -50%);\r\n          cursor: pointer;\r\n      }\r\n\r\n      .TS_GV_SG_Pagination_497 {\r\n          list-style: none;\r\n          display: inline-block;\r\n          padding: 0;\r\n          cursor: pointer;\r\n      }\r\n\r\n      .TS_GV_SG_Pagination_497 li {\r\n          display: inline;\r\n          text-align: center;\r\n          margin-left: 0 !important;\r\n      }\r\n\r\n      .TS_GV_SG_Pagination_497 span {\r\n          float: left;\r\n          display: block;\r\n          font-size: 16px;\r\n          text-decoration: none;\r\n          padding: 5px 12px;\r\n          color: #b5b5b5;\r\n          margin-left: -1px;\r\n          border: 1px solid transparent;\r\n          line-height: 1.5 !important;\r\n      }\r\n\r\n      .TS_GV_SG_Pagination_497 span:active {\r\n          outline: none;\r\n      }\r\n\r\n            .TS_GV_SG_Pagination_497 li:first-child span {\r\n          -moz-border-radius: 6px 0 0 6px;\r\n          -webkit-border-radius: 6px;\r\n          border-radius: 6px 0 0 6px;\r\n      }\r\n\r\n      .TS_GV_SG_Pagination_497 li:last-child span {\r\n          -moz-border-radius: 0 6px 6px 0;\r\n          -webkit-border-radius: 0;\r\n          border-radius: 0 6px 6px 0;\r\n      }\r\n\r\n      .TS_GV_SG_Pagination_497 span {\r\n          border-color: #b5b5b5;\r\n          background: #ffffff;\r\n      }\r\n\r\n      .TS_GV_SG_Pagination_497 span:hover:not(.active) {\r\n          background-color: #b5b5b5;\r\n          color: #ffffff;\r\n      }\r\n\r\n      .TS_GV_SG_Pagination_497 span.active, .TS_GV_SG_Pagination_497 span:active {\r\n          background-color: #b5b5b5;\r\n          color: #ffffff;\r\n      }\r\n\r\n            .TS_GV_SG_LoadMore_497 {\r\n          background-color: #ffffff;\r\n          color: #b5b5b5;\r\n          font-size: 16px;\r\n          border: 1px solid#b5b5b5;\r\n          cursor: pointer;\r\n          display: inline-block;\r\n          padding: 0.3em 1em !important;\r\n          line-height: 1 !important;\r\n      }\r\n\r\n      .TS_GV_SG_LoadMore_497:hover {\r\n          background-color: #b5b5b5;\r\n          color: #ffffff;\r\n      }\r\n\r\n      .TS_GV_SG_Loading_497 {\r\n          position: absolute;\r\n          left: 0;\r\n          top: 0;\r\n          width: 100%;\r\n          height: 100%;\r\n          background: rgba(0,0,0,0.2);\r\n          z-index: 10;\r\n          padding: 0;\r\n          overflow: hidden !important;\r\n          text-align: center;\r\n      }\r\n\r\n      .TS_GV_SG_Loading_497 img {\r\n          margin: 0 auto !important;\r\n          position: relative;\r\n          top: 50%;\r\n          transform: translateY(-50%);\r\n          -moz-transform: translateY(-50%);\r\n          -webkit-transform: translateY(-50%);\r\n      }\r\n  <\/style>\r\n  <script type=\"text\/javascript\">\r\n    <!--\r\n    function TotalSoft_GV_SG_OPop497(SG_ID, SG_V_NUM) {\r\n      jQuery('.TS_GV_SG_Div_Full_' + SG_ID).animate({'width': '100%', 'height': '100%', 'top': '0', 'left': '0'}, 500);\r\n      setTimeout(function() {\r\n        var TotalSoftGallery_Video_ShowType497 =jQuery(\".TotalSoftGallery_Video_ShowType497\").val();\r\n        var iframesource497=\"\";\r\n        if(TotalSoftGallery_Video_ShowType497 ==\"All\") {\r\n          iframesource497 =jQuery('.TotalSoft_GV_SG_Item_' + SG_ID + '_' + SG_V_NUM + ' iframe').attr('src');\r\n          if(!iframesource497) {\r\n            iframesource497 =jQuery('.TotalSoft_GV_SG_Item_' + SG_ID + '_' + SG_V_NUM + ' video source').attr('src');\r\n          }\r\n          if(!iframesource497) {\r\n            imagesource497 =jQuery('.TotalSoft_GV_SG_Item_' + SG_ID + '_' + SG_V_NUM + ' img').attr('src');\r\n          }\r\n        }\r\n        else {\r\n          iframesource497 =jQuery('.TotalSoft_GV_SG_Item_' + SG_ID + '_' + (SG_V_NUM + 1) + ' iframe').attr('src');\r\n          if(!iframesource497) {\r\n            iframesource497 =jQuery('.TotalSoft_GV_SG_Item_' + SG_ID + '_' + (SG_V_NUM + 1) + ' video source').attr('src');\r\n          }\r\n          if(!iframesource497) {\r\n            imagesource497 =jQuery('.TotalSoft_GV_SG_Item_' + SG_ID + '_' + SG_V_NUM + ' img').attr('src');\r\n          }\r\n        }\r\n        if(!iframesource497) {\r\n          jQuery('.TS_GV_SG_Div_box_div1_' + SG_ID + '_' + SG_V_NUM + ' iframe').css('display', 'none');\r\n          jQuery('.TS_GV_SG_Div_box_div1_' + SG_ID + '_' + SG_V_NUM + ' img').attr('src', imagesource497);\r\n        }\r\n        else {\r\n          jQuery('.TS_GV_SG_Div_box_div1_' + SG_ID + '_' + SG_V_NUM + ' iframe').attr('src', iframesource497);\r\n          jQuery('.TS_GV_SG_Div_box_div1_' + SG_ID + '_' + SG_V_NUM + ' img').css('display', 'none');\r\n        }\r\n        jQuery('.TS_GV_SG_Div_box_' + SG_ID).css({'display': 'block', 'display': '-webkit-flex'});\r\n        jQuery('.TS_GV_SG_Div_box_div1_' + SG_ID).css('display', 'none');\r\n        jQuery('.TS_GV_SG_Div_box_div1_' + SG_ID + '_' + SG_V_NUM).css({'display': 'block'});\r\n      }, 500)\r\n    }\r\n\r\n    function TotalSoft_GV_SG_CPop497(SG_ID) {\r\n      jQuery('.TS_GV_SG_Div_box_' + SG_ID).css({'display': 'none'});\r\n      jQuery('.TS_GV_SG_Div_box_div1_' + SG_ID).css('display', 'none');\r\n      jQuery('.TS_GV_SG_Div_box_div1_' + SG_ID + ' iframe').attr('src', '');\r\n      jQuery('.TS_GV_SG_Div_box_div1_' + SG_ID + ' img').attr('src', '');\r\n      jQuery('.TS_GV_SG_Div_box_div1_' + SG_ID + ' video source').attr('src', '');\r\n      jQuery('.TS_GV_SG_Div_Full_' + SG_ID).animate({'width': '0%', 'height': '0%', 'top': '50%', 'left': '50%'}, 500);\r\n    }\r\n\r\n    function TotalSoft_GV_SG_IPop497(SG_ID, SG_V_NUM) {\r\n      jQuery('.TS_GV_SG_Div_box_div3_' + SG_ID + '_' + SG_V_NUM).addClass('TS_GV_SG_Div_box_div3_a_' + SG_ID);\r\n      jQuery('.TS_GV_SG_Div_box_div1_' + SG_ID + '_' + SG_V_NUM).addClass('TS_GV_SG_Div_box_div1_a_' + SG_ID);\r\n      jQuery('.TS_GV_SG_Div_box_div1_' + SG_ID + '_' + SG_V_NUM + ' .TS_GV_SG_Div_box_div2_1_' + SG_ID).addClass('TS_GV_SG_Div_box_div2_a_' + SG_ID);\r\n      jQuery('.TS_GV_SG_Div_box_div1_' + SG_ID + '_' + SG_V_NUM + ' .TS_GV_SG_Div_box_div2_2_' + SG_ID).removeClass('TS_GV_SG_Div_box_div2_a_' + SG_ID);\r\n    }\r\n\r\n    function TotalSoft_GV_SG_DPop497(SG_ID, SG_V_NUM) {\r\n      jQuery('.TS_GV_SG_Div_box_div3_' + SG_ID + '_' + SG_V_NUM).removeClass('TS_GV_SG_Div_box_div3_a_' + SG_ID);\r\n      jQuery('.TS_GV_SG_Div_box_div1_' + SG_ID + '_' + SG_V_NUM).removeClass('TS_GV_SG_Div_box_div1_a_' + SG_ID);\r\n      jQuery('.TS_GV_SG_Div_box_div1_' + SG_ID + '_' + SG_V_NUM + ' .TS_GV_SG_Div_box_div2_2_' + SG_ID).addClass('TS_GV_SG_Div_box_div2_a_' + SG_ID);\r\n      jQuery('.TS_GV_SG_Div_box_div1_' + SG_ID + '_' + SG_V_NUM + ' .TS_GV_SG_Div_box_div2_1_' + SG_ID).removeClass('TS_GV_SG_Div_box_div2_a_' + SG_ID);\r\n    }\r\n\r\n    function TotalSoft_GV_SG_ClPop497(SG_ID, SG_V_NUM) {\r\n      TotalSoft_GV_SG_DPop497(SG_ID, SG_V_NUM);\r\n      TotalSoft_GV_SG_CPop497(SG_ID);\r\n    }\r\n\r\n    jQuery(document).ready(function() {\r\n      var win=jQuery(window);\r\n      checkWidth();\r\n\r\n      function checkWidth() {\r\n        var parent_element=jQuery('.TotalSoft_GV_SG_Item_497').parent().parent().parent();\r\n        jQuery(parent_element).each(function(index, elem) {\r\n          if(jQuery(elem).width() <= 250) {\r\n            jQuery(parent_element).find('.TotalSoft_GV_SG_Grid_497').css({'column-count': '1'});\r\n            jQuery(parent_element).css({'padding-left': '0', 'padding-right': '0'});\r\n          }\r\n        });\r\n      }\r\n\r\n      var array_images497=[];\r\n      var array_videos497=[];\r\n      jQuery('.TotalSoft_GV_SG_Item_497').each(function() {\r\n        if(jQuery(this).find('img').attr(\"src\")!=\"\" && jQuery(this).find('img').attr(\"src\")!=undefined) {\r\n          array_images497.push(jQuery(this).find('img').attr(\"src\"));\r\n        }\r\n        if(jQuery(this).find('iframe').attr(\"src\")!=\"\" && jQuery(this).find('iframe').attr(\"src\")!=undefined) {\r\n          array_videos497.push(jQuery(this).find('iframe').attr(\"src\"));\r\n        }\r\n      })\r\n      var imagesload497 ='false';\r\n      var videosload497 ='false';\r\n      var y_images497=0;\r\n      var y_videos497=0;\r\n\r\n      if(array_images497.length!=0) {\r\n        jQuery('.TotalSoft_GV_SG_Imagediv_497').each(function(i) {\r\n          jQuery(this).find('img').attr('src', array_images497[i]).on(\"load\", function() {\r\n            y_images497++;\r\n            if(y_images497 ==array_images497.length) {\r\n              imagesload497 ='true';\r\n            }\r\n          })\r\n        })\r\n      }\r\n      else {\r\n        imagesload497 ='true';\r\n      }\r\n      if(array_videos497.length!=0) {\r\n        jQuery('.TotalSoft_GV_SG_Videodiv_497 iframe').each(function(i) {\r\n          jQuery(this).attr('src', array_videos497[i]).on(\"load\", function() {\r\n            y_videos497++;\r\n            if(y_videos497 ==array_videos497.length) {\r\n              videosload497 ='true';\r\n            }\r\n          })\r\n        })\r\n      }\r\n      else {\r\n        videosload497 ='true';\r\n      }\r\n      setInterval(function() {\r\n        if(imagesload497 =='true' && videosload497 =='true') {\r\n          jQuery('.TS_GV_SG_Loading_497').css('display', 'none');\r\n        }\r\n      }, 100)\r\n      var delaytime=0;\r\n      var TS_VG_SG_AE=jQuery('.TS_VG_SG_AE_497').val();\r\n      jQuery('.TotalSoft_GV_SG_Grid_497 .TotalSoft_GV_SG_Item_497').each(function() {\r\n        if(!jQuery(this).hasClass('noshow1')) {\r\n          delaytime++;\r\n          if(TS_VG_SG_AE=='animno') {\r\n            jQuery(this).css({'display': 'block', 'animation': 'animno 3s cubic-bezier(0.77, 0.35, 0, 1.6) ' + 0.2 * delaytime + 's forwards', '-webkit-animation': 'animno 3s cubic-bezier(0.77, 0.35, 0, 1.6) ' + 0.2 * delaytime + 's forwards', '-moz-animation': 'animno 3s cubic-bezier(0.77, 0.35, 0, 1.6) ' + 0.2 * delaytime + 's forwards'});\r\n          }\r\n          else if(TS_VG_SG_AE=='animsc') {\r\n            jQuery(this).css({'display': 'block', 'animation': 'animsc 3s cubic-bezier(0.77, 0.35, 0, 1.6) ' + 0.2 * delaytime + 's forwards', '-webkit-animation': 'animsc 3s cubic-bezier(0.77, 0.35, 0, 1.6) ' + 0.2 * delaytime + 's forwards', '-moz-animation': 'animsc 3s cubic-bezier(0.77, 0.35, 0, 1.6) ' + 0.2 * delaytime + 's forwards'});\r\n          }\r\n          else if(TS_VG_SG_AE=='animtr') {\r\n            jQuery(this).css({'display': 'block', 'animation': 'animtr 3s cubic-bezier(0.77, 0.35, 0, 1.6) ' + 0.2 * delaytime + 's forwards', '-webkit-animation': 'animtr 3s cubic-bezier(0.77, 0.35, 0, 1.6) ' + 0.2 * delaytime + 's forwards', '-moz-animation': 'animtr 3s cubic-bezier(0.77, 0.35, 0, 1.6) ' + 0.2 * delaytime + 's forwards'});\r\n          }\r\n          else if(TS_VG_SG_AE=='fadeIn') {\r\n            jQuery(this).css({'display': 'block', 'animation': 'fadeIn 0.65s ease ' + 0.2 * delaytime + 's forwards', '-webkit-animation': 'fadeIn 0.65s ease ' + 0.2 * delaytime + 's forwards', '-moz-animation': 'fadeIn 0.65s ease ' + 0.2 * delaytime + 's forwards'});\r\n          }\r\n          else if(TS_VG_SG_AE=='moveUp') {\r\n            jQuery(this).css({'display': 'block', 'animation': 'moveUp 0.65s ease ' + 0.2 * delaytime + 's forwards', '-webkit-animation': 'moveUp 0.65s ease ' + 0.2 * delaytime + 's forwards', '-moz-animation': 'moveUp 0.65s ease ' + 0.2 * delaytime + 's forwards'});\r\n          }\r\n          else if(TS_VG_SG_AE=='scaleUp') {\r\n            jQuery(this).css({'display': 'block', 'animation': 'scaleUp 0.65s ease-in-out ' + 0.2 * delaytime + 's forwards', '-webkit-animation': 'scaleUp 0.65s ease-in-out ' + 0.2 * delaytime + 's forwards', '-moz-animation': 'scaleUp 0.65s ease-in-out ' + 0.2 * delaytime + 's forwards'});\r\n          }\r\n          else if(TS_VG_SG_AE=='fallPerspective') {\r\n            jQuery(this).css({'display': 'block', 'animation': 'fallPerspective 0.8s ease-in-out ' + 0.2 * delaytime + 's forwards', '-webkit-animation': 'fallPerspective 0.8s ease-in-out ' + 0.2 * delaytime + 's forwards', '-moz-animation': 'fallPerspective 0.8s ease-in-out ' + 0.2 * delaytime + 's forwards'});\r\n          }\r\n          else if(TS_VG_SG_AE=='fly') {\r\n            jQuery(this).css({'display': 'block', 'animation': 'fly 0.8s ease-in-out ' + 0.2 * delaytime + 's forwards', '-webkit-animation': 'fly 0.8s ease-in-out ' + 0.2 * delaytime + 's forwards', '-moz-animation': 'fly 0.8s ease-in-out ' + 0.2 * delaytime + 's forwards'});\r\n          }\r\n          else if(TS_VG_SG_AE=='flip') {\r\n            jQuery(this).css({'display': 'block', 'animation': 'flip 0.8s ease-in-out ' + 0.2 * delaytime + 's forwards', '-webkit-animation': 'flip 0.8s ease-in-out ' + 0.2 * delaytime + 's forwards', '-moz-animation': 'flip 0.8s ease-in-out ' + 0.2 * delaytime + 's forwards'});\r\n          }\r\n          else if(TS_VG_SG_AE=='helix') {\r\n            jQuery(this).css({'display': 'block', 'animation': 'helix 0.8s ease-in-out ' + 0.2 * delaytime + 's forwards', '-webkit-animation': 'helix 0.8s ease-in-out ' + 0.2 * delaytime + 's forwards', '-moz-animation': 'helix 0.8s ease-in-out ' + 0.2 * delaytime + 's forwards'});\r\n          }\r\n          else if(TS_VG_SG_AE=='popUp') {\r\n            jQuery(this).css({'display': 'block', 'animation': 'popUp 0.8s ease-in ' + 0.2 * delaytime + 's forwards', '-webkit-animation': 'popUp 0.8s ease-in ' + 0.2 * delaytime + 's forwards', '-moz-animation': 'popUp 0.8s ease-in ' + 0.2 * delaytime + 's forwards'});\r\n          }\r\n        }\r\n      })\r\n    })\r\n\r\n    function Total_Soft_GV_SG_Page(TotalSoftGV_ID, TotalSoftPage, TotalSoftPP, TotalSoftCV) {\r\n      jQuery('html,body').animate({\r\n        scrollTop: jQuery('.TotalSoft_GV_SG_Website_' + TotalSoftGV_ID).offset().top - jQuery(window).height() \/ 2 + 200\r\n      }, 1000);\r\n      var delaytime=0;\r\n      var TS_VG_SG_AE=jQuery('.TS_VG_SG_AE_' + TotalSoftGV_ID).val();\r\n      for(i=1; i <= TotalSoftCV; i++) {\r\n        if(i > TotalSoftPP * (TotalSoftPage - 1) && i <= TotalSoftPP * TotalSoftPage) {\r\n          delaytime++;\r\n          if(TS_VG_SG_AE=='animno') {\r\n            jQuery('.TotalSoft_GV_SG_Item_' + TotalSoftGV_ID + '_' + i).css({'display': 'block', 'animation': 'animno 3s cubic-bezier(0.77, 0.35, 0, 1.6) ' + 0.2 * delaytime + 's forwards', '-webkit-animation': 'animno 3s cubic-bezier(0.77, 0.35, 0, 1.6) ' + 0.2 * delaytime + 's forwards', '-moz-animation': 'animno 3s cubic-bezier(0.77, 0.35, 0, 1.6) ' + 0.2 * delaytime + 's forwards'});\r\n          }\r\n          else if(TS_VG_SG_AE=='animsc') {\r\n            jQuery('.TotalSoft_GV_SG_Item_' + TotalSoftGV_ID + '_' + i).css({'display': 'block', 'animation': 'animsc 3s cubic-bezier(0.77, 0.35, 0, 1.6) ' + 0.2 * delaytime + 's forwards', '-webkit-animation': 'animsc 3s cubic-bezier(0.77, 0.35, 0, 1.6) ' + 0.2 * delaytime + 's forwards', '-moz-animation': 'animsc 3s cubic-bezier(0.77, 0.35, 0, 1.6) ' + 0.2 * delaytime + 's forwards'});\r\n          }\r\n          else if(TS_VG_SG_AE=='animtr') {\r\n            jQuery('.TotalSoft_GV_SG_Item_' + TotalSoftGV_ID + '_' + i).css({'display': 'block', 'animation': 'animtr 3s cubic-bezier(0.77, 0.35, 0, 1.6) ' + 0.2 * delaytime + 's forwards', '-webkit-animation': 'animtr 3s cubic-bezier(0.77, 0.35, 0, 1.6) ' + 0.2 * delaytime + 's forwards', '-moz-animation': 'animtr 3s cubic-bezier(0.77, 0.35, 0, 1.6) ' + 0.2 * delaytime + 's forwards'});\r\n          }\r\n          else if(TS_VG_SG_AE=='fadeIn') {\r\n            jQuery('.TotalSoft_GV_SG_Item_' + TotalSoftGV_ID + '_' + i).css({'display': 'block', 'animation': 'fadeIn 0.65s ease ' + 0.2 * delaytime + 's forwards', '-webkit-animation': 'fadeIn 0.65s ease ' + 0.2 * delaytime + 's forwards', '-moz-animation': 'fadeIn 0.65s ease ' + 0.2 * delaytime + 's forwards'});\r\n          }\r\n          else if(TS_VG_SG_AE=='moveUp') {\r\n            jQuery('.TotalSoft_GV_SG_Item_' + TotalSoftGV_ID + '_' + i).css({'display': 'block', 'animation': 'moveUp 0.65s ease ' + 0.2 * delaytime + 's forwards', '-webkit-animation': 'moveUp 0.65s ease ' + 0.2 * delaytime + 's forwards', '-moz-animation': 'moveUp 0.65s ease ' + 0.2 * delaytime + 's forwards'});\r\n          }\r\n          else if(TS_VG_SG_AE=='scaleUp') {\r\n            jQuery('.TotalSoft_GV_SG_Item_' + TotalSoftGV_ID + '_' + i).css({'display': 'block', 'animation': 'scaleUp 0.65s ease-in-out ' + 0.2 * delaytime + 's forwards', '-webkit-animation': 'scaleUp 0.65s ease-in-out ' + 0.2 * delaytime + 's forwards', '-moz-animation': 'scaleUp 0.65s ease-in-out ' + 0.2 * delaytime + 's forwards'});\r\n          }\r\n          else if(TS_VG_SG_AE=='fallPerspective') {\r\n            jQuery('.TotalSoft_GV_SG_Item_' + TotalSoftGV_ID + '_' + i).css({'display': 'block', 'animation': 'fallPerspective 0.8s ease-in-out ' + 0.2 * delaytime + 's forwards', '-webkit-animation': 'fallPerspective 0.8s ease-in-out ' + 0.2 * delaytime + 's forwards', '-moz-animation': 'fallPerspective 0.8s ease-in-out ' + 0.2 * delaytime + 's forwards'});\r\n          }\r\n          else if(TS_VG_SG_AE=='fly') {\r\n            jQuery('.TotalSoft_GV_SG_Item_' + TotalSoftGV_ID + '_' + i).css({'display': 'block', 'animation': 'fly 0.8s ease-in-out ' + 0.2 * delaytime + 's forwards', '-webkit-animation': 'fly 0.8s ease-in-out ' + 0.2 * delaytime + 's forwards', '-moz-animation': 'fly 0.8s ease-in-out ' + 0.2 * delaytime + 's forwards'});\r\n          }\r\n          else if(TS_VG_SG_AE=='flip') {\r\n            jQuery('.TotalSoft_GV_SG_Item_' + TotalSoftGV_ID + '_' + i).css({'display': 'block', 'animation': 'flip 0.8s ease-in-out ' + 0.2 * delaytime + 's forwards', '-webkit-animation': 'flip 0.8s ease-in-out ' + 0.2 * delaytime + 's forwards', '-moz-animation': 'flip 0.8s ease-in-out ' + 0.2 * delaytime + 's forwards'});\r\n          }\r\n          else if(TS_VG_SG_AE=='helix') {\r\n            jQuery('.TotalSoft_GV_SG_Item_' + TotalSoftGV_ID + '_' + i).css({'display': 'block', 'animation': 'helix 0.8s ease-in-out ' + 0.2 * delaytime + 's forwards', '-webkit-animation': 'helix 0.8s ease-in-out ' + 0.2 * delaytime + 's forwards', '-moz-animation': 'helix 0.8s ease-in-out ' + 0.2 * delaytime + 's forwards'});\r\n          }\r\n          else if(TS_VG_SG_AE=='popUp') {\r\n            jQuery('.TotalSoft_GV_SG_Item_' + TotalSoftGV_ID + '_' + i).css({'display': 'block', 'animation': 'popUp 0.8s ease-in ' + 0.2 * delaytime + 's forwards', '-webkit-animation': 'popUp 0.8s ease-in ' + 0.2 * delaytime + 's forwards', '-moz-animation': 'popUp 0.8s ease-in ' + 0.2 * delaytime + 's forwards'});\r\n          }\r\n        }\r\n        else {\r\n          jQuery('.TotalSoft_GV_SG_Item_' + TotalSoftGV_ID + '_' + i).css({'display': 'none'});\r\n        }\r\n      }\r\n      jQuery('.TS_GV_SG_Pagination_' + TotalSoftGV_ID + ' li').each(function() {\r\n        jQuery(this).find('span').removeClass('active');\r\n      })\r\n      jQuery('#TotalSoft_GV_SG_PLi_' + TotalSoftGV_ID + '_' + TotalSoftPage).find('span').addClass('active');\r\n    }\r\n\r\n    function Total_Soft_GV_SG_PageP(TotalSoftGV_ID, TotalSoftPP, TotalSoftCV) {\r\n      var TotalSoftPage='';\r\n      jQuery('.TS_GV_SG_Pagination_' + TotalSoftGV_ID + ' li').each(function() {\r\n        if(jQuery(this).find('span').hasClass('active')) {\r\n          if(jQuery(this).find('span').html()!='1') {\r\n            TotalSoftPage=parseInt(parseInt(jQuery(this).find('span').html()) - 1);\r\n            Total_Soft_GV_SG_Page(TotalSoftGV_ID, TotalSoftPage, TotalSoftPP, TotalSoftCV);\r\n          }\r\n        }\r\n      })\r\n    }\r\n\r\n    function Total_Soft_GV_SG_PageN(TotalSoftGV_ID, TotalSoftPP, TotalSoftCV, TotalSoftPC) {\r\n      var TotalSoftPage='';\r\n      jQuery('.TS_GV_SG_Pagination_' + TotalSoftGV_ID + ' li').each(function() {\r\n        if(jQuery(this).find('span').hasClass('active')) {\r\n          if(jQuery(this).find('span').html()!=TotalSoftPC) {\r\n            TotalSoftPage=parseInt(parseInt(jQuery(this).find('span').html()) + 1);\r\n            Total_Soft_GV_SG_Page(TotalSoftGV_ID, TotalSoftPage, TotalSoftPP, TotalSoftCV);\r\n            return false;\r\n          }\r\n        }\r\n      })\r\n    }\r\n\r\n    function Total_Soft_GV_SG_PageLM(TotalSoftGV_ID, TotalSoftPP, TotalSoftCV, TotalSoftPC) {\r\n      var TotalSoftPage=parseInt(parseInt(jQuery('#TotalSoft_VG_SG_Page_' + TotalSoftGV_ID).val()) + 1);\r\n      jQuery('#TotalSoft_VG_SG_Page_' + TotalSoftGV_ID).val(TotalSoftPage);\r\n      var delaytime=0;\r\n      var TS_VG_SG_AE=jQuery('.TS_VG_SG_AE_' + TotalSoftGV_ID).val();\r\n\r\n      if(TotalSoftPage <= TotalSoftPC) {\r\n        for(i=1; i <= TotalSoftCV; i++) {\r\n          if(i <= TotalSoftPP * TotalSoftPage && i > TotalSoftPP * parseInt(parseInt(TotalSoftPage) - 1)) {\r\n            delaytime++;\r\n            if(TS_VG_SG_AE=='animno') {\r\n              jQuery('.TotalSoft_GV_SG_Item_' + TotalSoftGV_ID + '_' + i).css({'display': 'block', 'animation': 'animno 3s cubic-bezier(0.77, 0.35, 0, 1.6) ' + 0.2 * delaytime + 's forwards', '-webkit-animation': 'animno 3s cubic-bezier(0.77, 0.35, 0, 1.6) ' + 0.2 * delaytime + 's forwards', '-moz-animation': 'animno 3s cubic-bezier(0.77, 0.35, 0, 1.6) ' + 0.2 * delaytime + 's forwards'});\r\n            }\r\n            else if(TS_VG_SG_AE=='animsc') {\r\n              jQuery('.TotalSoft_GV_SG_Item_' + TotalSoftGV_ID + '_' + i).css({'display': 'block', 'animation': 'animsc 3s cubic-bezier(0.77, 0.35, 0, 1.6) ' + 0.2 * delaytime + 's forwards', '-webkit-animation': 'animsc 3s cubic-bezier(0.77, 0.35, 0, 1.6) ' + 0.2 * delaytime + 's forwards', '-moz-animation': 'animsc 3s cubic-bezier(0.77, 0.35, 0, 1.6) ' + 0.2 * delaytime + 's forwards'});\r\n            }\r\n            else if(TS_VG_SG_AE=='animtr') {\r\n              jQuery('.TotalSoft_GV_SG_Item_' + TotalSoftGV_ID + '_' + i).css({'display': 'block', 'animation': 'animtr 3s cubic-bezier(0.77, 0.35, 0, 1.6) ' + 0.2 * delaytime + 's forwards', '-webkit-animation': 'animtr 3s cubic-bezier(0.77, 0.35, 0, 1.6) ' + 0.2 * delaytime + 's forwards', '-moz-animation': 'animtr 3s cubic-bezier(0.77, 0.35, 0, 1.6) ' + 0.2 * delaytime + 's forwards'});\r\n            }\r\n            else if(TS_VG_SG_AE=='fadeIn') {\r\n              jQuery('.TotalSoft_GV_SG_Item_' + TotalSoftGV_ID + '_' + i).css({'display': 'block', 'animation': 'fadeIn 0.65s ease ' + 0.2 * delaytime + 's forwards', '-webkit-animation': 'fadeIn 0.65s ease ' + 0.2 * delaytime + 's forwards', '-moz-animation': 'fadeIn 0.65s ease ' + 0.2 * delaytime + 's forwards'});\r\n            }\r\n            else if(TS_VG_SG_AE=='moveUp') {\r\n              jQuery('.TotalSoft_GV_SG_Item_' + TotalSoftGV_ID + '_' + i).css({'display': 'block', 'animation': 'moveUp 0.65s ease ' + 0.2 * delaytime + 's forwards', '-webkit-animation': 'moveUp 0.65s ease ' + 0.2 * delaytime + 's forwards', '-moz-animation': 'moveUp 0.65s ease ' + 0.2 * delaytime + 's forwards'});\r\n            }\r\n            else if(TS_VG_SG_AE=='scaleUp') {\r\n              jQuery('.TotalSoft_GV_SG_Item_' + TotalSoftGV_ID + '_' + i).css({'display': 'block', 'animation': 'scaleUp 0.65s ease-in-out ' + 0.2 * delaytime + 's forwards', '-webkit-animation': 'scaleUp 0.65s ease-in-out ' + 0.2 * delaytime + 's forwards', '-moz-animation': 'scaleUp 0.65s ease-in-out ' + 0.2 * delaytime + 's forwards'});\r\n            }\r\n            else if(TS_VG_SG_AE=='fallPerspective') {\r\n              jQuery('.TotalSoft_GV_SG_Item_' + TotalSoftGV_ID + '_' + i).css({'display': 'block', 'animation': 'fallPerspective 0.8s ease-in-out ' + 0.2 * delaytime + 's forwards', '-webkit-animation': 'fallPerspective 0.8s ease-in-out ' + 0.2 * delaytime + 's forwards', '-moz-animation': 'fallPerspective 0.8s ease-in-out ' + 0.2 * delaytime + 's forwards'});\r\n            }\r\n            else if(TS_VG_SG_AE=='fly') {\r\n              jQuery('.TotalSoft_GV_SG_Item_' + TotalSoftGV_ID + '_' + i).css({'display': 'block', 'animation': 'fly 0.8s ease-in-out ' + 0.2 * delaytime + 's forwards', '-webkit-animation': 'fly 0.8s ease-in-out ' + 0.2 * delaytime + 's forwards', '-moz-animation': 'fly 0.8s ease-in-out ' + 0.2 * delaytime + 's forwards'});\r\n            }\r\n            else if(TS_VG_SG_AE=='flip') {\r\n              jQuery('.TotalSoft_GV_SG_Item_' + TotalSoftGV_ID + '_' + i).css({'display': 'block', 'animation': 'flip 0.8s ease-in-out ' + 0.2 * delaytime + 's forwards', '-webkit-animation': 'flip 0.8s ease-in-out ' + 0.2 * delaytime + 's forwards', '-moz-animation': 'flip 0.8s ease-in-out ' + 0.2 * delaytime + 's forwards'});\r\n            }\r\n            else if(TS_VG_SG_AE=='helix') {\r\n              jQuery('.TotalSoft_GV_SG_Item_' + TotalSoftGV_ID + '_' + i).css({'display': 'block', 'animation': 'helix 0.8s ease-in-out ' + 0.2 * delaytime + 's forwards', '-webkit-animation': 'helix 0.8s ease-in-out ' + 0.2 * delaytime + 's forwards', '-moz-animation': 'helix 0.8s ease-in-out ' + 0.2 * delaytime + 's forwards'});\r\n            }\r\n            else if(TS_VG_SG_AE=='popUp') {\r\n              jQuery('.TotalSoft_GV_SG_Item_' + TotalSoftGV_ID + '_' + i).css({'display': 'block', 'animation': 'popUp 0.8s ease-in ' + 0.2 * delaytime + 's forwards', '-webkit-animation': 'popUp 0.8s ease-in ' + 0.2 * delaytime + 's forwards', '-moz-animation': 'popUp 0.8s ease-in ' + 0.2 * delaytime + 's forwards'});\r\n            }\r\n          }\r\n        }\r\n        if(TotalSoftPage==TotalSoftPC) {\r\n          jQuery('#TotalSoft_VG_SG_PageDiv_' + TotalSoftGV_ID).animate({'opacity': '0'}, 500).css('display', 'none');\r\n        }\r\n      }\r\n      else {\r\n        jQuery('#TotalSoft_VG_SG_PageDiv_' + TotalSoftGV_ID).animate({'opacity': '0'}, 500).css('display', 'none');\r\n      }\r\n    }\r\n    \/\/-->\r\n  <\/script>\r\n  <div class=\"TotalSoft_GV_SG_Website_497\" style=\"position: relative; width: 100%; float: left;\">\r\n\t\t\t    <div class=\"TotalSoft_GV_SG_Grid_497\">\r\n\t\t\t\t\t\t\t\t\t\t\t         <div class=\"TotalSoft_GV_SG_Item_497 TotalSoft_GV_SG_Item_497_0\">\r\n\t\t\t\t\t\t\t\t\t<span class=\"TotalSoft_GV_SG_VideoTitle_497\">\r\n\t\t\t\t\t\t\t\t\t\tServizio trasmesso dalla TV nazionale cubana sulla presentazione del libro El Anarquista Elegante\t\t\t\t\t\t\t\t\t<\/span>\r\n\t\t\t\t\t\t\t\t\t\t            <div class=\"TotalSoft_GV_SG_Videodiv_497\">\r\n\t\t\t\t\t\t\t\t\t\t\t\t\t               <video controls poster=\"http:\/\/www.studiolegalesenatore.it\/avvocati\/wp-content\/uploads\/2021\/03\/anteprima.jpg\">\r\n                 <source src=\"http:\/\/www.studiolegalesenatore.it\/avvocati\/wp-content\/uploads\/2021\/03\/Anarchico_elegante_ritorna_a_cuba.mp4\" type=\"video\/mp4\">\r\n               <\/video>\r\n\t\t\t\t\t\t\t\t\t\t\t\t\t            <\/div>\r\n\t\t\t\t\t\t\t\t\t\t           <span class=\"TotalSoft_GV_SG_VideoPMspan_497\" onclick=\"TotalSoft_GV_SG_OPop497(497, 0)\">\r\n\t\t\t\t\t\t\t\t\t\t<span class=\"TotalSoft_GV_SG_VideoPM_497\">\r\n\t\t\t\t\t\t\t\t\t\t\t\t\t\t\t\t\t\t\t\t\t\t\t\t\t\t\t\t\t\t\t\tView More\t\t\t\t\t\t\t\t\t\t\t\t\t\t\t\t\t\t\t\t\t                       <i class=\"TotalSoft_GV_SG_VideoPMicon_497 totalsoft totalsoft-camera-retro\"><\/i>\r\n\t\t\t\t\t\t\t\t\t\t\t\t\t\t\t\t\t\t\t\t\t\t\t\t\t\t\t\t\t\t\t<\/span>\r\n\t\t\t\t\t\t\t\t\t<\/span>\r\n         <\/div>\r\n\t\t\t\t\t\t\t\t\t\t\t\t         <div class=\"TotalSoft_GV_SG_Item_497 TotalSoft_GV_SG_Item_497_1\">\r\n\t\t\t\t\t\t\t\t\t<span class=\"TotalSoft_GV_SG_VideoTitle_497\">\r\n\t\t\t\t\t\t\t\t\t\tServizio sulla presentazione dell&#039;Anarchico Elegante al Teatro di Corte del Palazzo Reale di Napoli\t\t\t\t\t\t\t\t\t<\/span>\r\n\t\t\t\t\t\t\t\t\t\t            <div class=\"TotalSoft_GV_SG_Videodiv_497\">\r\n\t\t\t\t\t\t\t\t\t\t\t\t\t               <video controls poster=\"https:\/\/www.studiolegalesenatore.it\/avvocati\/wp-content\/uploads\/2021\/03\/antemprima_video.jpg\">\r\n                 <source src=\"http:\/\/www.studiolegalesenatore.it\/avvocati\/wp-content\/uploads\/2021\/03\/video_presentazione.mp4\" type=\"video\/mp4\">\r\n               <\/video>\r\n\t\t\t\t\t\t\t\t\t\t\t\t\t            <\/div>\r\n\t\t\t\t\t\t\t\t\t\t           <span class=\"TotalSoft_GV_SG_VideoPMspan_497\" onclick=\"TotalSoft_GV_SG_OPop497(497, 1)\">\r\n\t\t\t\t\t\t\t\t\t\t<span class=\"TotalSoft_GV_SG_VideoPM_497\">\r\n\t\t\t\t\t\t\t\t\t\t\t\t\t\t\t\t\t\t\t\t\t\t\t\t\t\t\t\t\t\t\t\tView More\t\t\t\t\t\t\t\t\t\t\t\t\t\t\t\t\t\t\t\t\t                       <i class=\"TotalSoft_GV_SG_VideoPMicon_497 totalsoft totalsoft-camera-retro\"><\/i>\r\n\t\t\t\t\t\t\t\t\t\t\t\t\t\t\t\t\t\t\t\t\t\t\t\t\t\t\t\t\t\t\t<\/span>\r\n\t\t\t\t\t\t\t\t\t<\/span>\r\n         <\/div>\r\n\t\t\t\t\t\t\t\t\t\t\t\t         <div class=\"TotalSoft_GV_SG_Item_497 TotalSoft_GV_SG_Item_497_2\">\r\n\t\t\t\t\t\t\t\t\t<span class=\"TotalSoft_GV_SG_VideoTitle_497\">\r\n\t\t\t\t\t\t\t\t\t\tServizio Trasmesso sulla rubrica Lo Scaffale - RAI 3 - Presentazione del libro L&#039;Anarchico Elegante\t\t\t\t\t\t\t\t\t<\/span>\r\n\t\t\t\t\t\t\t\t\t\t            <div class=\"TotalSoft_GV_SG_Videodiv_497\">\r\n\t\t\t\t\t\t\t\t\t\t\t\t\t               <video controls poster=\"https:\/\/www.studiolegalesenatore.it\/avvocati\/wp-content\/uploads\/2021\/03\/copertina_seconda.jpg\">\r\n                 <source src=\"http:\/\/www.studiolegalesenatore.it\/avvocati\/wp-content\/uploads\/2021\/03\/Lanarchico-elegante-lo-scaffale-RAI-3.mp4\" type=\"video\/mp4\">\r\n               <\/video>\r\n\t\t\t\t\t\t\t\t\t\t\t\t\t            <\/div>\r\n\t\t\t\t\t\t\t\t\t\t           <span class=\"TotalSoft_GV_SG_VideoPMspan_497\" onclick=\"TotalSoft_GV_SG_OPop497(497, 2)\">\r\n\t\t\t\t\t\t\t\t\t\t<span class=\"TotalSoft_GV_SG_VideoPM_497\">\r\n\t\t\t\t\t\t\t\t\t\t\t\t\t\t\t\t\t\t\t\t\t\t\t\t\t\t\t\t\t\t\t\tView More\t\t\t\t\t\t\t\t\t\t\t\t\t\t\t\t\t\t\t\t\t                       <i class=\"TotalSoft_GV_SG_VideoPMicon_497 totalsoft totalsoft-camera-retro\"><\/i>\r\n\t\t\t\t\t\t\t\t\t\t\t\t\t\t\t\t\t\t\t\t\t\t\t\t\t\t\t\t\t\t\t<\/span>\r\n\t\t\t\t\t\t\t\t\t<\/span>\r\n         <\/div>\r\n\t\t\t\t\t\t\t\t\t\t\t\t         <div class=\"TotalSoft_GV_SG_Item_497 TotalSoft_GV_SG_Item_497_3\">\r\n\t\t\t\t\t\t\t\t\t<span class=\"TotalSoft_GV_SG_VideoTitle_497\">\r\n\t\t\t\t\t\t\t\t\t\tIntervista rilasciata alla TV nazionale cubana in occasione dell&#039;arrivo in Italia delle brigate mediche Cubane\t\t\t\t\t\t\t\t\t<\/span>\r\n\t\t\t\t\t\t\t\t\t\t            <div class=\"TotalSoft_GV_SG_Videodiv_497\">\r\n\t\t\t\t\t\t\t\t\t\t\t\t\t               <video controls poster=\"https:\/\/www.studiolegalesenatore.it\/avvocati\/wp-content\/uploads\/2021\/03\/video_ant.jpg\">\r\n                 <source src=\"https:\/\/www.studiolegalesenatore.it\/avvocati\/wp-content\/uploads\/2021\/03\/VID-20210314-WA0005-1.mp4\" type=\"video\/mp4\">\r\n               <\/video>\r\n\t\t\t\t\t\t\t\t\t\t\t\t\t            <\/div>\r\n\t\t\t\t\t\t\t\t\t\t           <span class=\"TotalSoft_GV_SG_VideoPMspan_497\" onclick=\"TotalSoft_GV_SG_OPop497(497, 3)\">\r\n\t\t\t\t\t\t\t\t\t\t<span class=\"TotalSoft_GV_SG_VideoPM_497\">\r\n\t\t\t\t\t\t\t\t\t\t\t\t\t\t\t\t\t\t\t\t\t\t\t\t\t\t\t\t\t\t\t\tView More\t\t\t\t\t\t\t\t\t\t\t\t\t\t\t\t\t\t\t\t\t                       <i class=\"TotalSoft_GV_SG_VideoPMicon_497 totalsoft totalsoft-camera-retro\"><\/i>\r\n\t\t\t\t\t\t\t\t\t\t\t\t\t\t\t\t\t\t\t\t\t\t\t\t\t\t\t\t\t\t\t<\/span>\r\n\t\t\t\t\t\t\t\t\t<\/span>\r\n         <\/div>\r\n\t\t\t\t\t\t\t\t\t\t\t\t         <div class=\"TotalSoft_GV_SG_Item_497 TotalSoft_GV_SG_Item_497_4\">\r\n\t\t\t\t\t\t\t\t\t<span class=\"TotalSoft_GV_SG_VideoTitle_497\">\r\n\t\t\t\t\t\t\t\t\t\tEusebio Leal conferisce la prestigiosa onorificenza all&#039;Avvocato Alessandro Senatore\t\t\t\t\t\t\t\t\t<\/span>\r\n\t\t\t\t\t\t\t\t\t\t            <div class=\"TotalSoft_GV_SG_Videodiv_497\">\r\n\t\t\t\t\t\t\t\t\t\t\t\t\t               <video controls poster=\"https:\/\/www.studiolegalesenatore.it\/avvocati\/wp-content\/uploads\/2021\/03\/premio_eusebio_senatore.jpg\">\r\n                 <source src=\"https:\/\/www.studiolegalesenatore.it\/avvocati\/wp-content\/uploads\/2021\/03\/Redux-VIDEO-CON-EUSEBIO.mp4\" type=\"video\/mp4\">\r\n               <\/video>\r\n\t\t\t\t\t\t\t\t\t\t\t\t\t            <\/div>\r\n\t\t\t\t\t\t\t\t\t\t           <span class=\"TotalSoft_GV_SG_VideoPMspan_497\" onclick=\"TotalSoft_GV_SG_OPop497(497, 4)\">\r\n\t\t\t\t\t\t\t\t\t\t<span class=\"TotalSoft_GV_SG_VideoPM_497\">\r\n\t\t\t\t\t\t\t\t\t\t\t\t\t\t\t\t\t\t\t\t\t\t\t\t\t\t\t\t\t\t\t\tView More\t\t\t\t\t\t\t\t\t\t\t\t\t\t\t\t\t\t\t\t\t                       <i class=\"TotalSoft_GV_SG_VideoPMicon_497 totalsoft totalsoft-camera-retro\"><\/i>\r\n\t\t\t\t\t\t\t\t\t\t\t\t\t\t\t\t\t\t\t\t\t\t\t\t\t\t\t\t\t\t\t<\/span>\r\n\t\t\t\t\t\t\t\t\t<\/span>\r\n         <\/div>\r\n\t\t\t\t\t\t\t\t\t\t\t\t         <div class=\"TotalSoft_GV_SG_Item_497 TotalSoft_GV_SG_Item_497_5\">\r\n\t\t\t\t\t\t\t\t\t<span class=\"TotalSoft_GV_SG_VideoTitle_497\">\r\n\t\t\t\t\t\t\t\t\t\tVideo promozionale del libro L\u2019anarchico Elegante, Disponibili in edizione Italiana e Spagnola\t\t\t\t\t\t\t\t\t<\/span>\r\n\t\t\t\t\t\t\t\t\t\t            <div class=\"TotalSoft_GV_SG_Videodiv_497\">\r\n\t\t\t\t\t\t\t\t\t\t\t\t\t               <video controls poster=\"https:\/\/www.studiolegalesenatore.it\/avvocati\/wp-content\/uploads\/2021\/03\/locandina_003.jpg\">\r\n                 <source src=\"https:\/\/www.studiolegalesenatore.it\/avvocati\/wp-content\/uploads\/2021\/03\/VID-20210314-WA0006.mp4\" type=\"video\/mp4\">\r\n               <\/video>\r\n\t\t\t\t\t\t\t\t\t\t\t\t\t            <\/div>\r\n\t\t\t\t\t\t\t\t\t\t           <span class=\"TotalSoft_GV_SG_VideoPMspan_497\" onclick=\"TotalSoft_GV_SG_OPop497(497, 5)\">\r\n\t\t\t\t\t\t\t\t\t\t<span class=\"TotalSoft_GV_SG_VideoPM_497\">\r\n\t\t\t\t\t\t\t\t\t\t\t\t\t\t\t\t\t\t\t\t\t\t\t\t\t\t\t\t\t\t\t\tView More\t\t\t\t\t\t\t\t\t\t\t\t\t\t\t\t\t\t\t\t\t                       <i class=\"TotalSoft_GV_SG_VideoPMicon_497 totalsoft totalsoft-camera-retro\"><\/i>\r\n\t\t\t\t\t\t\t\t\t\t\t\t\t\t\t\t\t\t\t\t\t\t\t\t\t\t\t\t\t\t\t<\/span>\r\n\t\t\t\t\t\t\t\t\t<\/span>\r\n         <\/div>\r\n\t\t\t\t\t\t    <\/div>\r\n    <input type=\"text\" style=\"display: none;\" class=\"TS_VG_SG_AE_497\" value=\"animno\">\r\n\t\t\t\t\t\t  <\/div>\r\n  <div class=\"TS_GV_SG_Div_Full_497\" onclick=\"TotalSoft_GV_SG_CPop497(497)\"><\/div>\r\n  <div class=\"TS_GV_SG_Div_box_497\">\r\n\t\t\t     <div class=\"TS_GV_SG_Div_box_div1_497 TS_GV_SG_Div_box_div1_497_0\">\r\n       <div class=\"TS_GV_SG_Div_video_497\">\r\n         <iframe src=\"\" frameborder=\"0\" allowfullscreen><\/iframe>\r\n         <img src=\"\">\r\n       <\/div>\r\n       <i onclick=\"TotalSoft_GV_SG_ClPop497(497,0)\" class=\"TotalSoft_GV_SG_CIcon_497 totalsoft totalsoft-times-circle\"><\/i>\r\n       <div class=\"TS_GV_SG_Div_box_div2_497 TS_GV_SG_Div_box_div2_1_497\" onclick=\"TotalSoft_GV_SG_IPop497(497,0)\">\r\n         <i class=\"TotalSoft_GV_SG_Info_497 totalsoft totalsoft-chevron-right\"><\/i>\r\n       <\/div>\r\n       <div class=\"TS_GV_SG_Div_box_div2_497 TS_GV_SG_Div_box_div2_2_497 TS_GV_SG_Div_box_div2_a_497\" onclick=\"TotalSoft_GV_SG_DPop497(497,0)\">\r\n         <i class=\"TotalSoft_GV_SG_Info_1_497 totalsoft totalsoft-chevron-left\"><\/i>\r\n       <\/div>\r\n       <div class=\"TS_GV_SG_Div_box_div3_497 TS_GV_SG_Div_box_div3_497_0\">\r\n\t\t\t\t\t\t\t\t         <div style='position: relative;'>\r\n\t\t\t\t\t\t\t\t\t<span class=\"TS_GV_SG_Div_box_div3_Title_497\">\r\n\t\t\t\t\t\t\t\t\t\tServizio trasmesso dalla TV nazionale cubana sulla presentazione del libro El Anarquista Elegante\t\t\t\t\t\t\t\t\t<\/span>\r\n         <\/div>\r\n\t\t\t\t\t\t\t\t         <div class=\"TS_GV_SG_Div_box_div3_LAT_497\">\r\n           <span><\/span>\r\n         <\/div>\r\n\t\t\t\t\t\t\t\t         <div style=\"position: relative; padding: 5px 0;\">\r\n\t\t\t\t\t\t\t\t\t\t         <\/div>\r\n\t\t\t\t\t\t\t\t\t\t\t\t\t\t\t\t\t\t\t\t\t\t\t\t\t       <\/div>\r\n     <\/div>\r\n\t\t\t     <div class=\"TS_GV_SG_Div_box_div1_497 TS_GV_SG_Div_box_div1_497_1\">\r\n       <div class=\"TS_GV_SG_Div_video_497\">\r\n         <iframe src=\"\" frameborder=\"0\" allowfullscreen><\/iframe>\r\n         <img src=\"\">\r\n       <\/div>\r\n       <i onclick=\"TotalSoft_GV_SG_ClPop497(497,1)\" class=\"TotalSoft_GV_SG_CIcon_497 totalsoft totalsoft-times-circle\"><\/i>\r\n       <div class=\"TS_GV_SG_Div_box_div2_497 TS_GV_SG_Div_box_div2_1_497\" onclick=\"TotalSoft_GV_SG_IPop497(497,1)\">\r\n         <i class=\"TotalSoft_GV_SG_Info_497 totalsoft totalsoft-chevron-right\"><\/i>\r\n       <\/div>\r\n       <div class=\"TS_GV_SG_Div_box_div2_497 TS_GV_SG_Div_box_div2_2_497 TS_GV_SG_Div_box_div2_a_497\" onclick=\"TotalSoft_GV_SG_DPop497(497,1)\">\r\n         <i class=\"TotalSoft_GV_SG_Info_1_497 totalsoft totalsoft-chevron-left\"><\/i>\r\n       <\/div>\r\n       <div class=\"TS_GV_SG_Div_box_div3_497 TS_GV_SG_Div_box_div3_497_1\">\r\n\t\t\t\t\t\t\t\t         <div style='position: relative;'>\r\n\t\t\t\t\t\t\t\t\t<span class=\"TS_GV_SG_Div_box_div3_Title_497\">\r\n\t\t\t\t\t\t\t\t\t\tServizio sulla presentazione dell&#039;Anarchico Elegante al Teatro di Corte del Palazzo Reale di Napoli\t\t\t\t\t\t\t\t\t<\/span>\r\n         <\/div>\r\n\t\t\t\t\t\t\t\t         <div class=\"TS_GV_SG_Div_box_div3_LAT_497\">\r\n           <span><\/span>\r\n         <\/div>\r\n\t\t\t\t\t\t\t\t         <div style=\"position: relative; padding: 5px 0;\">\r\n\t\t\t\t\t\t\t\t\t\t         <\/div>\r\n\t\t\t\t\t\t\t\t\t\t\t\t\t\t\t\t\t\t\t\t\t\t\t\t\t       <\/div>\r\n     <\/div>\r\n\t\t\t     <div class=\"TS_GV_SG_Div_box_div1_497 TS_GV_SG_Div_box_div1_497_2\">\r\n       <div class=\"TS_GV_SG_Div_video_497\">\r\n         <iframe src=\"\" frameborder=\"0\" allowfullscreen><\/iframe>\r\n         <img src=\"\">\r\n       <\/div>\r\n       <i onclick=\"TotalSoft_GV_SG_ClPop497(497,2)\" class=\"TotalSoft_GV_SG_CIcon_497 totalsoft totalsoft-times-circle\"><\/i>\r\n       <div class=\"TS_GV_SG_Div_box_div2_497 TS_GV_SG_Div_box_div2_1_497\" onclick=\"TotalSoft_GV_SG_IPop497(497,2)\">\r\n         <i class=\"TotalSoft_GV_SG_Info_497 totalsoft totalsoft-chevron-right\"><\/i>\r\n       <\/div>\r\n       <div class=\"TS_GV_SG_Div_box_div2_497 TS_GV_SG_Div_box_div2_2_497 TS_GV_SG_Div_box_div2_a_497\" onclick=\"TotalSoft_GV_SG_DPop497(497,2)\">\r\n         <i class=\"TotalSoft_GV_SG_Info_1_497 totalsoft totalsoft-chevron-left\"><\/i>\r\n       <\/div>\r\n       <div class=\"TS_GV_SG_Div_box_div3_497 TS_GV_SG_Div_box_div3_497_2\">\r\n\t\t\t\t\t\t\t\t         <div style='position: relative;'>\r\n\t\t\t\t\t\t\t\t\t<span class=\"TS_GV_SG_Div_box_div3_Title_497\">\r\n\t\t\t\t\t\t\t\t\t\tServizio Trasmesso sulla rubrica Lo Scaffale - RAI 3 - Presentazione del libro L&#039;Anarchico Elegante\t\t\t\t\t\t\t\t\t<\/span>\r\n         <\/div>\r\n\t\t\t\t\t\t\t\t         <div class=\"TS_GV_SG_Div_box_div3_LAT_497\">\r\n           <span><\/span>\r\n         <\/div>\r\n\t\t\t\t\t\t\t\t         <div style=\"position: relative; padding: 5px 0;\">\r\n\t\t\t\t\t\t\t\t\t\t         <\/div>\r\n\t\t\t\t\t\t\t\t\t\t\t\t\t\t\t\t\t\t\t\t\t\t\t\t\t       <\/div>\r\n     <\/div>\r\n\t\t\t     <div class=\"TS_GV_SG_Div_box_div1_497 TS_GV_SG_Div_box_div1_497_3\">\r\n       <div class=\"TS_GV_SG_Div_video_497\">\r\n         <iframe src=\"\" frameborder=\"0\" allowfullscreen><\/iframe>\r\n         <img src=\"\">\r\n       <\/div>\r\n       <i onclick=\"TotalSoft_GV_SG_ClPop497(497,3)\" class=\"TotalSoft_GV_SG_CIcon_497 totalsoft totalsoft-times-circle\"><\/i>\r\n       <div class=\"TS_GV_SG_Div_box_div2_497 TS_GV_SG_Div_box_div2_1_497\" onclick=\"TotalSoft_GV_SG_IPop497(497,3)\">\r\n         <i class=\"TotalSoft_GV_SG_Info_497 totalsoft totalsoft-chevron-right\"><\/i>\r\n       <\/div>\r\n       <div class=\"TS_GV_SG_Div_box_div2_497 TS_GV_SG_Div_box_div2_2_497 TS_GV_SG_Div_box_div2_a_497\" onclick=\"TotalSoft_GV_SG_DPop497(497,3)\">\r\n         <i class=\"TotalSoft_GV_SG_Info_1_497 totalsoft totalsoft-chevron-left\"><\/i>\r\n       <\/div>\r\n       <div class=\"TS_GV_SG_Div_box_div3_497 TS_GV_SG_Div_box_div3_497_3\">\r\n\t\t\t\t\t\t\t\t         <div style='position: relative;'>\r\n\t\t\t\t\t\t\t\t\t<span class=\"TS_GV_SG_Div_box_div3_Title_497\">\r\n\t\t\t\t\t\t\t\t\t\tIntervista rilasciata alla TV nazionale cubana in occasione dell&#039;arrivo in Italia delle brigate mediche Cubane\t\t\t\t\t\t\t\t\t<\/span>\r\n         <\/div>\r\n\t\t\t\t\t\t\t\t         <div class=\"TS_GV_SG_Div_box_div3_LAT_497\">\r\n           <span><\/span>\r\n         <\/div>\r\n\t\t\t\t\t\t\t\t         <div style=\"position: relative; padding: 5px 0;\">\r\n\t\t\t\t\t\t\t\t\t\t         <\/div>\r\n\t\t\t\t\t\t\t\t\t\t\t\t\t\t\t\t\t\t\t\t\t\t\t\t\t       <\/div>\r\n     <\/div>\r\n\t\t\t     <div class=\"TS_GV_SG_Div_box_div1_497 TS_GV_SG_Div_box_div1_497_4\">\r\n       <div class=\"TS_GV_SG_Div_video_497\">\r\n         <iframe src=\"\" frameborder=\"0\" allowfullscreen><\/iframe>\r\n         <img src=\"\">\r\n       <\/div>\r\n       <i onclick=\"TotalSoft_GV_SG_ClPop497(497,4)\" class=\"TotalSoft_GV_SG_CIcon_497 totalsoft totalsoft-times-circle\"><\/i>\r\n       <div class=\"TS_GV_SG_Div_box_div2_497 TS_GV_SG_Div_box_div2_1_497\" onclick=\"TotalSoft_GV_SG_IPop497(497,4)\">\r\n         <i class=\"TotalSoft_GV_SG_Info_497 totalsoft totalsoft-chevron-right\"><\/i>\r\n       <\/div>\r\n       <div class=\"TS_GV_SG_Div_box_div2_497 TS_GV_SG_Div_box_div2_2_497 TS_GV_SG_Div_box_div2_a_497\" onclick=\"TotalSoft_GV_SG_DPop497(497,4)\">\r\n         <i class=\"TotalSoft_GV_SG_Info_1_497 totalsoft totalsoft-chevron-left\"><\/i>\r\n       <\/div>\r\n       <div class=\"TS_GV_SG_Div_box_div3_497 TS_GV_SG_Div_box_div3_497_4\">\r\n\t\t\t\t\t\t\t\t         <div style='position: relative;'>\r\n\t\t\t\t\t\t\t\t\t<span class=\"TS_GV_SG_Div_box_div3_Title_497\">\r\n\t\t\t\t\t\t\t\t\t\tEusebio Leal conferisce la prestigiosa onorificenza all&#039;Avvocato Alessandro Senatore\t\t\t\t\t\t\t\t\t<\/span>\r\n         <\/div>\r\n\t\t\t\t\t\t\t\t         <div class=\"TS_GV_SG_Div_box_div3_LAT_497\">\r\n           <span><\/span>\r\n         <\/div>\r\n\t\t\t\t\t\t\t\t         <div style=\"position: relative; padding: 5px 0;\">\r\n\t\t\t\t\t\t\t\t\t\t         <\/div>\r\n\t\t\t\t\t\t\t\t\t\t\t\t\t\t\t\t\t\t\t\t\t\t\t\t\t       <\/div>\r\n     <\/div>\r\n\t\t\t     <div class=\"TS_GV_SG_Div_box_div1_497 TS_GV_SG_Div_box_div1_497_5\">\r\n       <div class=\"TS_GV_SG_Div_video_497\">\r\n         <iframe src=\"\" frameborder=\"0\" allowfullscreen><\/iframe>\r\n         <img src=\"\">\r\n       <\/div>\r\n       <i onclick=\"TotalSoft_GV_SG_ClPop497(497,5)\" class=\"TotalSoft_GV_SG_CIcon_497 totalsoft totalsoft-times-circle\"><\/i>\r\n       <div class=\"TS_GV_SG_Div_box_div2_497 TS_GV_SG_Div_box_div2_1_497\" onclick=\"TotalSoft_GV_SG_IPop497(497,5)\">\r\n         <i class=\"TotalSoft_GV_SG_Info_497 totalsoft totalsoft-chevron-right\"><\/i>\r\n       <\/div>\r\n       <div class=\"TS_GV_SG_Div_box_div2_497 TS_GV_SG_Div_box_div2_2_497 TS_GV_SG_Div_box_div2_a_497\" onclick=\"TotalSoft_GV_SG_DPop497(497,5)\">\r\n         <i class=\"TotalSoft_GV_SG_Info_1_497 totalsoft totalsoft-chevron-left\"><\/i>\r\n       <\/div>\r\n       <div class=\"TS_GV_SG_Div_box_div3_497 TS_GV_SG_Div_box_div3_497_5\">\r\n\t\t\t\t\t\t\t\t         <div style='position: relative;'>\r\n\t\t\t\t\t\t\t\t\t<span class=\"TS_GV_SG_Div_box_div3_Title_497\">\r\n\t\t\t\t\t\t\t\t\t\tVideo promozionale del libro L\u2019anarchico Elegante, Disponibili in edizione Italiana e Spagnola\t\t\t\t\t\t\t\t\t<\/span>\r\n         <\/div>\r\n\t\t\t\t\t\t\t\t         <div class=\"TS_GV_SG_Div_box_div3_LAT_497\">\r\n           <span><\/span>\r\n         <\/div>\r\n\t\t\t\t\t\t\t\t         <div style=\"position: relative; padding: 5px 0;\">\r\n\t\t\t\t\t\t\t\t\t\t         <\/div>\r\n\t\t\t\t\t\t\t\t\t\t\t\t\t\t\t\t\t\t\t\t\t\t\t\t\t       <\/div>\r\n     <\/div>\r\n\t\t\t  <\/div>\r\n  <input type=\"text\" style=\"display: none;\" class=\"TotalSoftGallery_Video_ShowType497\" value=\"All\">\r\n\n<p>&nbsp;<\/p>\n<p class=\"p3\"><div class=\"su-divider su-divider-style-dashed\" style=\"margin:15px 0;border-width:3px;border-color:#999999\"><\/div>\n<h2 class=\"p1\"><\/h2>\n<h2 class=\"p1\"><span style=\"color: #003366;\"><strong>Eventi di presentazione del libro\u00a0<\/strong><\/span><\/h2>\n<h3 id=\"napolipalazzoreale\"><strong>Napoli,<em>Teatrino di Corte di<\/em>\u00a0Palazzo Reale, 7 febbraio 2020<\/strong><\/h3>\n<p>Dopo la presentazione tenutasi, lo scorso novembre, all&#8217;Havana, nell&#8217;ambito delle celebrazioni per i 500 anni della fondazione della citt\u00e0, parleremo dell&#8217;avvocato napoletano Orestes Ferrara- e tracceremo un&#8217;analisi storica sui primi anni della Repubblica caraibica.(1896-1933)<\/p>\n<p>La nuova edizione\u00a0(Metec Alegre Editore) \u00e8 impreziosita dal prologo di Eusebio Leal.<\/p>\n<p style=\"text-align: justify;\">Moderatore <strong>Massimo Milone<\/strong>, Direttore Rai Vaticano. Intervengono: <strong>Anna Imponente<\/strong>, Direttore del Polo Museale di Napoli &#8211; <strong>Lisset Arg\u00fcelles<\/strong>, Responsabile dei temi culturali Ambasciata di Cuba in Italia &#8211; <strong>Domenico Ciruzzi<\/strong>, Presidente Fondazione Premio Napoli &#8211; <strong>Luis Mart\u00ed Mingarro<\/strong>, gi\u00e0 Presidente UIBA e Decano Ordine Avvocati di Madrid &#8211; <strong>Luigi Mascilli Migliorini<\/strong>, Storico. Saranno presente oltre all&#8217;autore: <strong>Luigi de Magistris<\/strong>, Sindaco di Napoli e <strong>Jos\u00e9 Carlos Rodr\u00edguez Ruiz<\/strong>, Ambasciatore della Repubblica di Cuba in Italia. Si ringrazia per la cortese disponibilit\u00e0 il sovrintendente <strong>Paolo Mascilli Migliorini<\/strong>. Al termine ci sar\u00e0 un&#8217;esibizione di musica tradizionale cubana del Septeto Nabor\u00ed.<\/p>\n<p><a href=\"https:\/\/www.positanonews.it\/2020\/02\/napoli-incontra-lhavana\/3361516\/\">Link di approfondimento<\/a><\/p>\n\n\t\t<style type=\"text\/css\">\n\t\t\t#gallery-2 {\n\t\t\t\tmargin: auto;\n\t\t\t}\n\t\t\t#gallery-2 .gallery-item {\n\t\t\t\tfloat: left;\n\t\t\t\tmargin-top: 10px;\n\t\t\t\ttext-align: center;\n\t\t\t\twidth: 33%;\n\t\t\t}\n\t\t\t#gallery-2 img {\n\t\t\t\tborder: 2px solid #cfcfcf;\n\t\t\t}\n\t\t\t#gallery-2 .gallery-caption {\n\t\t\t\tmargin-left: 0;\n\t\t\t}\n\t\t\t\/* see gallery_shortcode() in wp-includes\/media.php *\/\n\t\t<\/style>\n\t\t<div id='gallery-2' class='gallery galleryid-1514 gallery-columns-3 gallery-size-medium'><dl class='gallery-item'>\n\t\t\t<dt class='gallery-icon portrait'>\n\t\t\t\t<a href='https:\/\/www.studiolegalesenatore.it\/avvocati\/wp-content\/uploads\/2021\/03\/copertina-047.jpg'><img width=\"207\" height=\"300\" src=\"https:\/\/www.studiolegalesenatore.it\/avvocati\/wp-content\/uploads\/2021\/03\/copertina-047-207x300.jpg\" class=\"attachment-medium size-medium\" alt=\"\" loading=\"lazy\" aria-describedby=\"gallery-2-1772\" srcset=\"https:\/\/www.studiolegalesenatore.it\/avvocati\/wp-content\/uploads\/2021\/03\/copertina-047-207x300.jpg 207w, https:\/\/www.studiolegalesenatore.it\/avvocati\/wp-content\/uploads\/2021\/03\/copertina-047-707x1024.jpg 707w, https:\/\/www.studiolegalesenatore.it\/avvocati\/wp-content\/uploads\/2021\/03\/copertina-047-768x1112.jpg 768w, https:\/\/www.studiolegalesenatore.it\/avvocati\/wp-content\/uploads\/2021\/03\/copertina-047-1061x1536.jpg 1061w, https:\/\/www.studiolegalesenatore.it\/avvocati\/wp-content\/uploads\/2021\/03\/copertina-047-1415x2048.jpg 1415w, https:\/\/www.studiolegalesenatore.it\/avvocati\/wp-content\/uploads\/2021\/03\/copertina-047-41x60.jpg 41w, https:\/\/www.studiolegalesenatore.it\/avvocati\/wp-content\/uploads\/2021\/03\/copertina-047-640x927.jpg 640w, https:\/\/www.studiolegalesenatore.it\/avvocati\/wp-content\/uploads\/2021\/03\/copertina-047.jpg 1713w\" sizes=\"(max-width: 207px) 100vw, 207px\" \/><\/a>\n\t\t\t<\/dt>\n\t\t\t\t<dd class='wp-caption-text gallery-caption' id='gallery-2-1772'>\n\t\t\t\tLocandina\n\t\t\t\t<\/dd><\/dl><dl class='gallery-item'>\n\t\t\t<dt class='gallery-icon landscape'>\n\t\t\t\t<a href='https:\/\/www.studiolegalesenatore.it\/avvocati\/wp-content\/uploads\/2021\/03\/Palazzo-reale-de-magistris-Alessandro-senatore-sindaco-napoli_003.jpg'><img width=\"300\" height=\"184\" src=\"https:\/\/www.studiolegalesenatore.it\/avvocati\/wp-content\/uploads\/2021\/03\/Palazzo-reale-de-magistris-Alessandro-senatore-sindaco-napoli_003-300x184.jpg\" class=\"attachment-medium size-medium\" alt=\"\" loading=\"lazy\" aria-describedby=\"gallery-2-2045\" srcset=\"https:\/\/www.studiolegalesenatore.it\/avvocati\/wp-content\/uploads\/2021\/03\/Palazzo-reale-de-magistris-Alessandro-senatore-sindaco-napoli_003-300x184.jpg 300w, https:\/\/www.studiolegalesenatore.it\/avvocati\/wp-content\/uploads\/2021\/03\/Palazzo-reale-de-magistris-Alessandro-senatore-sindaco-napoli_003-768x472.jpg 768w, https:\/\/www.studiolegalesenatore.it\/avvocati\/wp-content\/uploads\/2021\/03\/Palazzo-reale-de-magistris-Alessandro-senatore-sindaco-napoli_003-640x393.jpg 640w, https:\/\/www.studiolegalesenatore.it\/avvocati\/wp-content\/uploads\/2021\/03\/Palazzo-reale-de-magistris-Alessandro-senatore-sindaco-napoli_003.jpg 960w\" sizes=\"(max-width: 300px) 100vw, 300px\" \/><\/a>\n\t\t\t<\/dt>\n\t\t\t\t<dd class='wp-caption-text gallery-caption' id='gallery-2-2045'>\n\t\t\t\tPaolo Mascilli Migliorini, Massimo Milone, Alessandro Senatore, Jos\u00e9 Carlos Rodriguez Ruiz, Luis Mart\u00ec Mingarro, Luigi Mascilli Migliorini\n\t\t\t\t<\/dd><\/dl><dl class='gallery-item'>\n\t\t\t<dt class='gallery-icon landscape'>\n\t\t\t\t<a href='https:\/\/www.studiolegalesenatore.it\/avvocati\/wp-content\/uploads\/2021\/03\/Palazzo-reale-de-magistris-Alessandro-senatore-sindaco-napoli_004.jpg'><img width=\"300\" height=\"184\" src=\"https:\/\/www.studiolegalesenatore.it\/avvocati\/wp-content\/uploads\/2021\/03\/Palazzo-reale-de-magistris-Alessandro-senatore-sindaco-napoli_004-300x184.jpg\" class=\"attachment-medium size-medium\" alt=\"\" loading=\"lazy\" aria-describedby=\"gallery-2-2047\" srcset=\"https:\/\/www.studiolegalesenatore.it\/avvocati\/wp-content\/uploads\/2021\/03\/Palazzo-reale-de-magistris-Alessandro-senatore-sindaco-napoli_004-300x184.jpg 300w, https:\/\/www.studiolegalesenatore.it\/avvocati\/wp-content\/uploads\/2021\/03\/Palazzo-reale-de-magistris-Alessandro-senatore-sindaco-napoli_004-768x472.jpg 768w, https:\/\/www.studiolegalesenatore.it\/avvocati\/wp-content\/uploads\/2021\/03\/Palazzo-reale-de-magistris-Alessandro-senatore-sindaco-napoli_004-640x393.jpg 640w, https:\/\/www.studiolegalesenatore.it\/avvocati\/wp-content\/uploads\/2021\/03\/Palazzo-reale-de-magistris-Alessandro-senatore-sindaco-napoli_004.jpg 960w\" sizes=\"(max-width: 300px) 100vw, 300px\" \/><\/a>\n\t\t\t<\/dt>\n\t\t\t\t<dd class='wp-caption-text gallery-caption' id='gallery-2-2047'>\n\t\t\t\tLisset Arg\u00fcelles, Paolo Mascilli Migliorini, Massimo Milone, Alessandro Senatore, Jos\u00e9 Carlos Rodriguez Ruiz, Luis Mart\u00ec Mingarro, Luigi Mascilli Migliorini\n\t\t\t\t<\/dd><\/dl><br style=\"clear: both\" \/>\n\t\t<\/div>\n\n<div class=\"su-spoiler su-spoiler-style-fancy su-spoiler-icon-plus su-spoiler-closed\" data-scroll-offset=\"0\" data-anchor-in-url=\"no\"><div class=\"su-spoiler-title\" tabindex=\"0\" role=\"button\"><span class=\"su-spoiler-icon\"><\/span>Visualizza la galleria<\/div><div class=\"su-spoiler-content su-u-clearfix su-u-trim\">\n\n\t\t<style type=\"text\/css\">\n\t\t\t#gallery-3 {\n\t\t\t\tmargin: auto;\n\t\t\t}\n\t\t\t#gallery-3 .gallery-item {\n\t\t\t\tfloat: left;\n\t\t\t\tmargin-top: 10px;\n\t\t\t\ttext-align: center;\n\t\t\t\twidth: 33%;\n\t\t\t}\n\t\t\t#gallery-3 img {\n\t\t\t\tborder: 2px solid #cfcfcf;\n\t\t\t}\n\t\t\t#gallery-3 .gallery-caption {\n\t\t\t\tmargin-left: 0;\n\t\t\t}\n\t\t\t\/* see gallery_shortcode() in wp-includes\/media.php *\/\n\t\t<\/style>\n\t\t<div id='gallery-3' class='gallery galleryid-1514 gallery-columns-3 gallery-size-medium'><dl class='gallery-item'>\n\t\t\t<dt class='gallery-icon landscape'>\n\t\t\t\t<a href='https:\/\/www.studiolegalesenatore.it\/avvocati\/wp-content\/uploads\/2021\/03\/Palazzo-reale-de-magistris-Alessandro-senatore-sindaco-napoli_001.jpg'><img width=\"300\" height=\"184\" src=\"https:\/\/www.studiolegalesenatore.it\/avvocati\/wp-content\/uploads\/2021\/03\/Palazzo-reale-de-magistris-Alessandro-senatore-sindaco-napoli_001-300x184.jpg\" class=\"attachment-medium size-medium\" alt=\"\" loading=\"lazy\" aria-describedby=\"gallery-3-2046\" srcset=\"https:\/\/www.studiolegalesenatore.it\/avvocati\/wp-content\/uploads\/2021\/03\/Palazzo-reale-de-magistris-Alessandro-senatore-sindaco-napoli_001-300x184.jpg 300w, https:\/\/www.studiolegalesenatore.it\/avvocati\/wp-content\/uploads\/2021\/03\/Palazzo-reale-de-magistris-Alessandro-senatore-sindaco-napoli_001-768x472.jpg 768w, https:\/\/www.studiolegalesenatore.it\/avvocati\/wp-content\/uploads\/2021\/03\/Palazzo-reale-de-magistris-Alessandro-senatore-sindaco-napoli_001-640x393.jpg 640w, https:\/\/www.studiolegalesenatore.it\/avvocati\/wp-content\/uploads\/2021\/03\/Palazzo-reale-de-magistris-Alessandro-senatore-sindaco-napoli_001.jpg 960w\" sizes=\"(max-width: 300px) 100vw, 300px\" \/><\/a>\n\t\t\t<\/dt>\n\t\t\t\t<dd class='wp-caption-text gallery-caption' id='gallery-3-2046'>\n\t\t\t\tPaolo Mascilli Migliorini, Massimo Milone, Alessandro Senatore, Jos\u00e9 Carlos Rodriguez Ruiz, Luis Mart\u00ec Mingarro\n\t\t\t\t<\/dd><\/dl><dl class='gallery-item'>\n\t\t\t<dt class='gallery-icon landscape'>\n\t\t\t\t<a href='https:\/\/www.studiolegalesenatore.it\/avvocati\/wp-content\/uploads\/2021\/03\/84714608_175251423798708_7944272386025586688_n-1.jpeg'><img width=\"300\" height=\"184\" src=\"https:\/\/www.studiolegalesenatore.it\/avvocati\/wp-content\/uploads\/2021\/03\/84714608_175251423798708_7944272386025586688_n-1-300x184.jpeg\" class=\"attachment-medium size-medium\" alt=\"\" loading=\"lazy\" aria-describedby=\"gallery-3-2052\" srcset=\"https:\/\/www.studiolegalesenatore.it\/avvocati\/wp-content\/uploads\/2021\/03\/84714608_175251423798708_7944272386025586688_n-1-300x184.jpeg 300w, https:\/\/www.studiolegalesenatore.it\/avvocati\/wp-content\/uploads\/2021\/03\/84714608_175251423798708_7944272386025586688_n-1-768x472.jpeg 768w, https:\/\/www.studiolegalesenatore.it\/avvocati\/wp-content\/uploads\/2021\/03\/84714608_175251423798708_7944272386025586688_n-1-640x393.jpeg 640w, https:\/\/www.studiolegalesenatore.it\/avvocati\/wp-content\/uploads\/2021\/03\/84714608_175251423798708_7944272386025586688_n-1.jpeg 960w\" sizes=\"(max-width: 300px) 100vw, 300px\" \/><\/a>\n\t\t\t<\/dt>\n\t\t\t\t<dd class='wp-caption-text gallery-caption' id='gallery-3-2052'>\n\t\t\t\tJos\u00e9 Carlos Rodriguez Ruiz con Alessandro Senatore\n\t\t\t\t<\/dd><\/dl><dl class='gallery-item'>\n\t\t\t<dt class='gallery-icon landscape'>\n\t\t\t\t<a href='https:\/\/www.studiolegalesenatore.it\/avvocati\/wp-content\/uploads\/2021\/03\/Palazzo-reale-de-magistris-Alessandro-senatore-sindaco-napoli_06.jpg'><img width=\"300\" height=\"184\" src=\"https:\/\/www.studiolegalesenatore.it\/avvocati\/wp-content\/uploads\/2021\/03\/Palazzo-reale-de-magistris-Alessandro-senatore-sindaco-napoli_06-300x184.jpg\" class=\"attachment-medium size-medium\" alt=\"\" loading=\"lazy\" aria-describedby=\"gallery-3-2070\" srcset=\"https:\/\/www.studiolegalesenatore.it\/avvocati\/wp-content\/uploads\/2021\/03\/Palazzo-reale-de-magistris-Alessandro-senatore-sindaco-napoli_06-300x184.jpg 300w, https:\/\/www.studiolegalesenatore.it\/avvocati\/wp-content\/uploads\/2021\/03\/Palazzo-reale-de-magistris-Alessandro-senatore-sindaco-napoli_06-768x472.jpg 768w, https:\/\/www.studiolegalesenatore.it\/avvocati\/wp-content\/uploads\/2021\/03\/Palazzo-reale-de-magistris-Alessandro-senatore-sindaco-napoli_06-640x393.jpg 640w, https:\/\/www.studiolegalesenatore.it\/avvocati\/wp-content\/uploads\/2021\/03\/Palazzo-reale-de-magistris-Alessandro-senatore-sindaco-napoli_06.jpg 960w\" sizes=\"(max-width: 300px) 100vw, 300px\" \/><\/a>\n\t\t\t<\/dt>\n\t\t\t\t<dd class='wp-caption-text gallery-caption' id='gallery-3-2070'>\n\t\t\t\tPaolo Mascilli Migliorini, Massimo Milone, Alessandro Senatore, Luigi de Magistris Sindaco di Napoli, Luis Mart\u00ec Mingarro, Luigi Mascilli Migliorini\n\t\t\t\t<\/dd><\/dl><br style=\"clear: both\" \/><dl class='gallery-item'>\n\t\t\t<dt class='gallery-icon landscape'>\n\t\t\t\t<a href='https:\/\/www.studiolegalesenatore.it\/avvocati\/wp-content\/uploads\/2021\/03\/Palazzo-reale-de-magistris-Alessandro-senatore-sindaco-napoli_04.jpg'><img width=\"300\" height=\"184\" src=\"https:\/\/www.studiolegalesenatore.it\/avvocati\/wp-content\/uploads\/2021\/03\/Palazzo-reale-de-magistris-Alessandro-senatore-sindaco-napoli_04-300x184.jpg\" class=\"attachment-medium size-medium\" alt=\"\" loading=\"lazy\" aria-describedby=\"gallery-3-2072\" srcset=\"https:\/\/www.studiolegalesenatore.it\/avvocati\/wp-content\/uploads\/2021\/03\/Palazzo-reale-de-magistris-Alessandro-senatore-sindaco-napoli_04-300x184.jpg 300w, https:\/\/www.studiolegalesenatore.it\/avvocati\/wp-content\/uploads\/2021\/03\/Palazzo-reale-de-magistris-Alessandro-senatore-sindaco-napoli_04-768x472.jpg 768w, https:\/\/www.studiolegalesenatore.it\/avvocati\/wp-content\/uploads\/2021\/03\/Palazzo-reale-de-magistris-Alessandro-senatore-sindaco-napoli_04-640x393.jpg 640w, https:\/\/www.studiolegalesenatore.it\/avvocati\/wp-content\/uploads\/2021\/03\/Palazzo-reale-de-magistris-Alessandro-senatore-sindaco-napoli_04.jpg 960w\" sizes=\"(max-width: 300px) 100vw, 300px\" \/><\/a>\n\t\t\t<\/dt>\n\t\t\t\t<dd class='wp-caption-text gallery-caption' id='gallery-3-2072'>\n\t\t\t\tAlessandro Senatore\n\t\t\t\t<\/dd><\/dl><dl class='gallery-item'>\n\t\t\t<dt class='gallery-icon landscape'>\n\t\t\t\t<a href='https:\/\/www.studiolegalesenatore.it\/avvocati\/wp-content\/uploads\/2021\/03\/Palazzo-reale-de-magistris-Alessandro-senatore-sindaco-napoli_005.jpg'><img width=\"300\" height=\"184\" src=\"https:\/\/www.studiolegalesenatore.it\/avvocati\/wp-content\/uploads\/2021\/03\/Palazzo-reale-de-magistris-Alessandro-senatore-sindaco-napoli_005-300x184.jpg\" class=\"attachment-medium size-medium\" alt=\"\" loading=\"lazy\" aria-describedby=\"gallery-3-2048\" srcset=\"https:\/\/www.studiolegalesenatore.it\/avvocati\/wp-content\/uploads\/2021\/03\/Palazzo-reale-de-magistris-Alessandro-senatore-sindaco-napoli_005-300x184.jpg 300w, https:\/\/www.studiolegalesenatore.it\/avvocati\/wp-content\/uploads\/2021\/03\/Palazzo-reale-de-magistris-Alessandro-senatore-sindaco-napoli_005-768x472.jpg 768w, https:\/\/www.studiolegalesenatore.it\/avvocati\/wp-content\/uploads\/2021\/03\/Palazzo-reale-de-magistris-Alessandro-senatore-sindaco-napoli_005-640x393.jpg 640w, https:\/\/www.studiolegalesenatore.it\/avvocati\/wp-content\/uploads\/2021\/03\/Palazzo-reale-de-magistris-Alessandro-senatore-sindaco-napoli_005.jpg 960w\" sizes=\"(max-width: 300px) 100vw, 300px\" \/><\/a>\n\t\t\t<\/dt>\n\t\t\t\t<dd class='wp-caption-text gallery-caption' id='gallery-3-2048'>\n\t\t\t\tPlatea al Teatrino di Corte del palazzo Reale di Napoli\n\t\t\t\t<\/dd><\/dl><dl class='gallery-item'>\n\t\t\t<dt class='gallery-icon landscape'>\n\t\t\t\t<a href='https:\/\/www.studiolegalesenatore.it\/avvocati\/wp-content\/uploads\/2021\/03\/Palazzo-reale-de-magistris-Alessandro-senatore-sindaco-napoli_07.jpg'><img width=\"300\" height=\"184\" src=\"https:\/\/www.studiolegalesenatore.it\/avvocati\/wp-content\/uploads\/2021\/03\/Palazzo-reale-de-magistris-Alessandro-senatore-sindaco-napoli_07-300x184.jpg\" class=\"attachment-medium size-medium\" alt=\"\" loading=\"lazy\" aria-describedby=\"gallery-3-2069\" srcset=\"https:\/\/www.studiolegalesenatore.it\/avvocati\/wp-content\/uploads\/2021\/03\/Palazzo-reale-de-magistris-Alessandro-senatore-sindaco-napoli_07-300x184.jpg 300w, https:\/\/www.studiolegalesenatore.it\/avvocati\/wp-content\/uploads\/2021\/03\/Palazzo-reale-de-magistris-Alessandro-senatore-sindaco-napoli_07-768x472.jpg 768w, https:\/\/www.studiolegalesenatore.it\/avvocati\/wp-content\/uploads\/2021\/03\/Palazzo-reale-de-magistris-Alessandro-senatore-sindaco-napoli_07-640x393.jpg 640w, https:\/\/www.studiolegalesenatore.it\/avvocati\/wp-content\/uploads\/2021\/03\/Palazzo-reale-de-magistris-Alessandro-senatore-sindaco-napoli_07.jpg 960w\" sizes=\"(max-width: 300px) 100vw, 300px\" \/><\/a>\n\t\t\t<\/dt>\n\t\t\t\t<dd class='wp-caption-text gallery-caption' id='gallery-3-2069'>\n\t\t\t\tMassimo Milone, Alessandro Senatore, Jos\u00e9 Carlos Rodriguez Ruiz, Luis Mart\u00ec Mingarro, Luigi Mascilli Migliorini\n\t\t\t\t<\/dd><\/dl><br style=\"clear: both\" \/><dl class='gallery-item'>\n\t\t\t<dt class='gallery-icon landscape'>\n\t\t\t\t<a href='https:\/\/www.studiolegalesenatore.it\/avvocati\/wp-content\/uploads\/2021\/03\/Palazzo-reale-de-magistris-Alessandro-senatore-sindaco-napoli_05.jpg'><img width=\"300\" height=\"184\" src=\"https:\/\/www.studiolegalesenatore.it\/avvocati\/wp-content\/uploads\/2021\/03\/Palazzo-reale-de-magistris-Alessandro-senatore-sindaco-napoli_05-300x184.jpg\" class=\"attachment-medium size-medium\" alt=\"\" loading=\"lazy\" aria-describedby=\"gallery-3-2071\" srcset=\"https:\/\/www.studiolegalesenatore.it\/avvocati\/wp-content\/uploads\/2021\/03\/Palazzo-reale-de-magistris-Alessandro-senatore-sindaco-napoli_05-300x184.jpg 300w, https:\/\/www.studiolegalesenatore.it\/avvocati\/wp-content\/uploads\/2021\/03\/Palazzo-reale-de-magistris-Alessandro-senatore-sindaco-napoli_05-768x472.jpg 768w, https:\/\/www.studiolegalesenatore.it\/avvocati\/wp-content\/uploads\/2021\/03\/Palazzo-reale-de-magistris-Alessandro-senatore-sindaco-napoli_05-640x393.jpg 640w, https:\/\/www.studiolegalesenatore.it\/avvocati\/wp-content\/uploads\/2021\/03\/Palazzo-reale-de-magistris-Alessandro-senatore-sindaco-napoli_05.jpg 960w\" sizes=\"(max-width: 300px) 100vw, 300px\" \/><\/a>\n\t\t\t<\/dt>\n\t\t\t\t<dd class='wp-caption-text gallery-caption' id='gallery-3-2071'>\n\t\t\t\tPaolo Mascilli Migliorini, Massimo Milone, Alessandro Senatore, Jos\u00e9 Carlos Rodriguez Ruiz, Luis Mart\u00ec Mingarro\n\t\t\t\t<\/dd><\/dl><dl class='gallery-item'>\n\t\t\t<dt class='gallery-icon landscape'>\n\t\t\t\t<a href='https:\/\/www.studiolegalesenatore.it\/avvocati\/wp-content\/uploads\/2021\/03\/Palazzo-reale-de-magistris-Alessandro-senatore-sindaco_3.jpg'><img width=\"300\" height=\"184\" src=\"https:\/\/www.studiolegalesenatore.it\/avvocati\/wp-content\/uploads\/2021\/03\/Palazzo-reale-de-magistris-Alessandro-senatore-sindaco_3-300x184.jpg\" class=\"attachment-medium size-medium\" alt=\"\" loading=\"lazy\" aria-describedby=\"gallery-3-2073\" srcset=\"https:\/\/www.studiolegalesenatore.it\/avvocati\/wp-content\/uploads\/2021\/03\/Palazzo-reale-de-magistris-Alessandro-senatore-sindaco_3-300x184.jpg 300w, https:\/\/www.studiolegalesenatore.it\/avvocati\/wp-content\/uploads\/2021\/03\/Palazzo-reale-de-magistris-Alessandro-senatore-sindaco_3-768x472.jpg 768w, https:\/\/www.studiolegalesenatore.it\/avvocati\/wp-content\/uploads\/2021\/03\/Palazzo-reale-de-magistris-Alessandro-senatore-sindaco_3-640x393.jpg 640w, https:\/\/www.studiolegalesenatore.it\/avvocati\/wp-content\/uploads\/2021\/03\/Palazzo-reale-de-magistris-Alessandro-senatore-sindaco_3.jpg 960w\" sizes=\"(max-width: 300px) 100vw, 300px\" \/><\/a>\n\t\t\t<\/dt>\n\t\t\t\t<dd class='wp-caption-text gallery-caption' id='gallery-3-2073'>\n\t\t\t\tPaolo Mascilli Migliorini, Massimo Milone, Alessandro Senatore, Jos\u00e9 Carlos Rodriguez Ruiz, Luis Mart\u00ec Mingarro, Luigi Mascilli Migliorini\n\t\t\t\t<\/dd><\/dl><dl class='gallery-item'>\n\t\t\t<dt class='gallery-icon landscape'>\n\t\t\t\t<a href='https:\/\/www.studiolegalesenatore.it\/avvocati\/wp-content\/uploads\/2021\/03\/Palazzo-reale-de-magistris-Alessandro-senatore-sindaco-napoli_003.jpg'><img width=\"300\" height=\"184\" src=\"https:\/\/www.studiolegalesenatore.it\/avvocati\/wp-content\/uploads\/2021\/03\/Palazzo-reale-de-magistris-Alessandro-senatore-sindaco-napoli_003-300x184.jpg\" class=\"attachment-medium size-medium\" alt=\"\" loading=\"lazy\" aria-describedby=\"gallery-3-2045\" srcset=\"https:\/\/www.studiolegalesenatore.it\/avvocati\/wp-content\/uploads\/2021\/03\/Palazzo-reale-de-magistris-Alessandro-senatore-sindaco-napoli_003-300x184.jpg 300w, https:\/\/www.studiolegalesenatore.it\/avvocati\/wp-content\/uploads\/2021\/03\/Palazzo-reale-de-magistris-Alessandro-senatore-sindaco-napoli_003-768x472.jpg 768w, https:\/\/www.studiolegalesenatore.it\/avvocati\/wp-content\/uploads\/2021\/03\/Palazzo-reale-de-magistris-Alessandro-senatore-sindaco-napoli_003-640x393.jpg 640w, https:\/\/www.studiolegalesenatore.it\/avvocati\/wp-content\/uploads\/2021\/03\/Palazzo-reale-de-magistris-Alessandro-senatore-sindaco-napoli_003.jpg 960w\" sizes=\"(max-width: 300px) 100vw, 300px\" \/><\/a>\n\t\t\t<\/dt>\n\t\t\t\t<dd class='wp-caption-text gallery-caption' id='gallery-3-2045'>\n\t\t\t\tPaolo Mascilli Migliorini, Massimo Milone, Alessandro Senatore, Jos\u00e9 Carlos Rodriguez Ruiz, Luis Mart\u00ec Mingarro, Luigi Mascilli Migliorini\n\t\t\t\t<\/dd><\/dl><br style=\"clear: both\" \/><dl class='gallery-item'>\n\t\t\t<dt class='gallery-icon landscape'>\n\t\t\t\t<a href='https:\/\/www.studiolegalesenatore.it\/avvocati\/wp-content\/uploads\/2021\/03\/Palazzo-reale_003.jpg'><img width=\"300\" height=\"184\" src=\"https:\/\/www.studiolegalesenatore.it\/avvocati\/wp-content\/uploads\/2021\/03\/Palazzo-reale_003-300x184.jpg\" class=\"attachment-medium size-medium\" alt=\"\" loading=\"lazy\" aria-describedby=\"gallery-3-2082\" srcset=\"https:\/\/www.studiolegalesenatore.it\/avvocati\/wp-content\/uploads\/2021\/03\/Palazzo-reale_003-300x184.jpg 300w, https:\/\/www.studiolegalesenatore.it\/avvocati\/wp-content\/uploads\/2021\/03\/Palazzo-reale_003-768x472.jpg 768w, https:\/\/www.studiolegalesenatore.it\/avvocati\/wp-content\/uploads\/2021\/03\/Palazzo-reale_003-640x393.jpg 640w, https:\/\/www.studiolegalesenatore.it\/avvocati\/wp-content\/uploads\/2021\/03\/Palazzo-reale_003.jpg 960w\" sizes=\"(max-width: 300px) 100vw, 300px\" \/><\/a>\n\t\t\t<\/dt>\n\t\t\t\t<dd class='wp-caption-text gallery-caption' id='gallery-3-2082'>\n\t\t\t\tLisset Arg\u00fcelles, Paolo Mascilli Migliorini, Massimo Milone, Alessandro Senatore, Jos\u00e9 Carlos Rodriguez Ruiz, Luis Mart\u00ec Mingarro\n\t\t\t\t<\/dd><\/dl><dl class='gallery-item'>\n\t\t\t<dt class='gallery-icon landscape'>\n\t\t\t\t<a href='https:\/\/www.studiolegalesenatore.it\/avvocati\/wp-content\/uploads\/2021\/03\/Palazzo-reale_002.jpg'><img width=\"300\" height=\"184\" src=\"https:\/\/www.studiolegalesenatore.it\/avvocati\/wp-content\/uploads\/2021\/03\/Palazzo-reale_002-300x184.jpg\" class=\"attachment-medium size-medium\" alt=\"\" loading=\"lazy\" aria-describedby=\"gallery-3-2083\" srcset=\"https:\/\/www.studiolegalesenatore.it\/avvocati\/wp-content\/uploads\/2021\/03\/Palazzo-reale_002-300x184.jpg 300w, https:\/\/www.studiolegalesenatore.it\/avvocati\/wp-content\/uploads\/2021\/03\/Palazzo-reale_002-768x472.jpg 768w, https:\/\/www.studiolegalesenatore.it\/avvocati\/wp-content\/uploads\/2021\/03\/Palazzo-reale_002-640x393.jpg 640w, https:\/\/www.studiolegalesenatore.it\/avvocati\/wp-content\/uploads\/2021\/03\/Palazzo-reale_002.jpg 960w\" sizes=\"(max-width: 300px) 100vw, 300px\" \/><\/a>\n\t\t\t<\/dt>\n\t\t\t\t<dd class='wp-caption-text gallery-caption' id='gallery-3-2083'>\n\t\t\t\tPaolo Mascilli Migliorini, Massimo Milone, Alessandro Senatore, Luigi De Magistris, Luis Mart\u00ec Mingarro\n\t\t\t\t<\/dd><\/dl><dl class='gallery-item'>\n\t\t\t<dt class='gallery-icon landscape'>\n\t\t\t\t<a href='https:\/\/www.studiolegalesenatore.it\/avvocati\/wp-content\/uploads\/2021\/03\/Palazzo-reale_008.jpg'><img width=\"300\" height=\"184\" src=\"https:\/\/www.studiolegalesenatore.it\/avvocati\/wp-content\/uploads\/2021\/03\/Palazzo-reale_008-300x184.jpg\" class=\"attachment-medium size-medium\" alt=\"\" loading=\"lazy\" aria-describedby=\"gallery-3-2078\" srcset=\"https:\/\/www.studiolegalesenatore.it\/avvocati\/wp-content\/uploads\/2021\/03\/Palazzo-reale_008-300x184.jpg 300w, https:\/\/www.studiolegalesenatore.it\/avvocati\/wp-content\/uploads\/2021\/03\/Palazzo-reale_008-768x472.jpg 768w, https:\/\/www.studiolegalesenatore.it\/avvocati\/wp-content\/uploads\/2021\/03\/Palazzo-reale_008-640x393.jpg 640w, https:\/\/www.studiolegalesenatore.it\/avvocati\/wp-content\/uploads\/2021\/03\/Palazzo-reale_008.jpg 960w\" sizes=\"(max-width: 300px) 100vw, 300px\" \/><\/a>\n\t\t\t<\/dt>\n\t\t\t\t<dd class='wp-caption-text gallery-caption' id='gallery-3-2078'>\n\t\t\t\tAlessandro Senatore e Luigi De Magistris\n\t\t\t\t<\/dd><\/dl><br style=\"clear: both\" \/><dl class='gallery-item'>\n\t\t\t<dt class='gallery-icon landscape'>\n\t\t\t\t<a href='https:\/\/www.studiolegalesenatore.it\/avvocati\/wp-content\/uploads\/2021\/03\/Palazzo-reale006.jpg'><img width=\"300\" height=\"184\" src=\"https:\/\/www.studiolegalesenatore.it\/avvocati\/wp-content\/uploads\/2021\/03\/Palazzo-reale006-300x184.jpg\" class=\"attachment-medium size-medium\" alt=\"\" loading=\"lazy\" aria-describedby=\"gallery-3-2079\" srcset=\"https:\/\/www.studiolegalesenatore.it\/avvocati\/wp-content\/uploads\/2021\/03\/Palazzo-reale006-300x184.jpg 300w, https:\/\/www.studiolegalesenatore.it\/avvocati\/wp-content\/uploads\/2021\/03\/Palazzo-reale006-768x472.jpg 768w, https:\/\/www.studiolegalesenatore.it\/avvocati\/wp-content\/uploads\/2021\/03\/Palazzo-reale006-640x393.jpg 640w, https:\/\/www.studiolegalesenatore.it\/avvocati\/wp-content\/uploads\/2021\/03\/Palazzo-reale006.jpg 960w\" sizes=\"(max-width: 300px) 100vw, 300px\" \/><\/a>\n\t\t\t<\/dt>\n\t\t\t\t<dd class='wp-caption-text gallery-caption' id='gallery-3-2079'>\n\t\t\t\tAlessandro Senatore\n\t\t\t\t<\/dd><\/dl><dl class='gallery-item'>\n\t\t\t<dt class='gallery-icon landscape'>\n\t\t\t\t<a href='https:\/\/www.studiolegalesenatore.it\/avvocati\/wp-content\/uploads\/2021\/03\/Palazzo-reale_009.jpg'><img width=\"300\" height=\"184\" src=\"https:\/\/www.studiolegalesenatore.it\/avvocati\/wp-content\/uploads\/2021\/03\/Palazzo-reale_009-300x184.jpg\" class=\"attachment-medium size-medium\" alt=\"\" loading=\"lazy\" aria-describedby=\"gallery-3-2077\" srcset=\"https:\/\/www.studiolegalesenatore.it\/avvocati\/wp-content\/uploads\/2021\/03\/Palazzo-reale_009-300x184.jpg 300w, https:\/\/www.studiolegalesenatore.it\/avvocati\/wp-content\/uploads\/2021\/03\/Palazzo-reale_009-768x472.jpg 768w, https:\/\/www.studiolegalesenatore.it\/avvocati\/wp-content\/uploads\/2021\/03\/Palazzo-reale_009-640x393.jpg 640w, https:\/\/www.studiolegalesenatore.it\/avvocati\/wp-content\/uploads\/2021\/03\/Palazzo-reale_009.jpg 960w\" sizes=\"(max-width: 300px) 100vw, 300px\" \/><\/a>\n\t\t\t<\/dt>\n\t\t\t\t<dd class='wp-caption-text gallery-caption' id='gallery-3-2077'>\n\t\t\t\tIris Lo Bello, Claudia Angiulli\n\t\t\t\t<\/dd><\/dl><dl class='gallery-item'>\n\t\t\t<dt class='gallery-icon landscape'>\n\t\t\t\t<a href='https:\/\/www.studiolegalesenatore.it\/avvocati\/wp-content\/uploads\/2021\/03\/Palazzo-reale_005.jpg'><img width=\"300\" height=\"184\" src=\"https:\/\/www.studiolegalesenatore.it\/avvocati\/wp-content\/uploads\/2021\/03\/Palazzo-reale_005-300x184.jpg\" class=\"attachment-medium size-medium\" alt=\"\" loading=\"lazy\" aria-describedby=\"gallery-3-2080\" srcset=\"https:\/\/www.studiolegalesenatore.it\/avvocati\/wp-content\/uploads\/2021\/03\/Palazzo-reale_005-300x184.jpg 300w, https:\/\/www.studiolegalesenatore.it\/avvocati\/wp-content\/uploads\/2021\/03\/Palazzo-reale_005-768x472.jpg 768w, https:\/\/www.studiolegalesenatore.it\/avvocati\/wp-content\/uploads\/2021\/03\/Palazzo-reale_005-640x393.jpg 640w, https:\/\/www.studiolegalesenatore.it\/avvocati\/wp-content\/uploads\/2021\/03\/Palazzo-reale_005.jpg 960w\" sizes=\"(max-width: 300px) 100vw, 300px\" \/><\/a>\n\t\t\t<\/dt>\n\t\t\t\t<dd class='wp-caption-text gallery-caption' id='gallery-3-2080'>\n\t\t\t\tPaolo Mascilli Migliorini, Massimo Milone, Alessandro Senatore, Luigi De Magistris, Luis Mart\u00ec Mingarro\n\t\t\t\t<\/dd><\/dl><br style=\"clear: both\" \/><dl class='gallery-item'>\n\t\t\t<dt class='gallery-icon landscape'>\n\t\t\t\t<a href='https:\/\/www.studiolegalesenatore.it\/avvocati\/wp-content\/uploads\/2021\/03\/Palazzo-reale_004.jpg'><img width=\"300\" height=\"184\" src=\"https:\/\/www.studiolegalesenatore.it\/avvocati\/wp-content\/uploads\/2021\/03\/Palazzo-reale_004-300x184.jpg\" class=\"attachment-medium size-medium\" alt=\"\" loading=\"lazy\" aria-describedby=\"gallery-3-2081\" srcset=\"https:\/\/www.studiolegalesenatore.it\/avvocati\/wp-content\/uploads\/2021\/03\/Palazzo-reale_004-300x184.jpg 300w, https:\/\/www.studiolegalesenatore.it\/avvocati\/wp-content\/uploads\/2021\/03\/Palazzo-reale_004-768x472.jpg 768w, https:\/\/www.studiolegalesenatore.it\/avvocati\/wp-content\/uploads\/2021\/03\/Palazzo-reale_004-640x393.jpg 640w, https:\/\/www.studiolegalesenatore.it\/avvocati\/wp-content\/uploads\/2021\/03\/Palazzo-reale_004.jpg 960w\" sizes=\"(max-width: 300px) 100vw, 300px\" \/><\/a>\n\t\t\t<\/dt>\n\t\t\t\t<dd class='wp-caption-text gallery-caption' id='gallery-3-2081'>\n\t\t\t\tIris Lo Bello, Claudia Senatore, Claudia Angiulli\n\t\t\t\t<\/dd><\/dl>\n\t\t\t<br style='clear: both' \/>\n\t\t<\/div>\n\n<\/div><\/div>\n<div class=\"su-divider su-divider-style-dashed\" style=\"margin:15px 0;border-width:3px;border-color:#999999\"><\/div>\n<h3 id=\"museonapoleonico\"><strong>Havana, Museo Napoleonico, 14\u00a0novembre\u00a02019<\/strong><\/h3>\n<div dir=\"auto\">Un grazie infinito all&#8217;insuperabile <strong>Eusebio Leal Spengler<\/strong>, Historiador de la Ciudad de L&#8217;Avana, che fortemente ha creduto in questo libro e mi ha concesso l&#8217;onore di scrivere un&#8217;importante prefazione. ma non solo ha voluto che fosse presentato nell&#8217;ambito delle celebrazioni dei 500 dalla fondazione dell&#8217;Havana e che la cerimonia si svolgesse nel Museo Napoleonico, in quella cio\u00e8 che fu la casa di Oreste Ferrara, l&#8217;avvocato napoletano protagonista del libro, concedendo all&#8217;opera il &#8220;sello&#8221; speciale delle celebrazioni.<\/div>\n<div dir=\"auto\">A <strong>Mario Cremata Ferran<\/strong>, direttore della Editorial Bolo\u00f1a, che con passione e professionalit\u00e0 ha corretto le bozze del libro e lo ha inserito nella sua linea editoriale, a <strong>Sandys Sadys S\u00e1nchez,<\/strong> direttrice del Museo che ci ha accolto con eleganza ed simpatia.<\/div>\n<div dir=\"auto\">A Alina Narciso e Liliana Ojeda che con grande impegno hanno tradotto il libro.<\/div>\n<div dir=\"auto\">Ad <strong>Alessandra Riccio<\/strong> autrice della\u00a0bellissima presentazione.<\/div>\n<div dir=\"auto\">A <strong>Samuele Fazzi<\/strong>, Consigliere culturale dell&#8217;ambasciata di Italia a Cuba, <strong>Giulio Del Federico<\/strong> Console d&#8217;Italia a Cuba che hanno\u00a0onorato\u00a0la manifestazione con la loro partecipazione.<\/div>\n<div dir=\"auto\">A <strong>Valerio Scoppa<\/strong> amministratore del Centro Aktis s.p.a. che con il suo generoso contributo ha permesso la pubblicazione del libro. Al mio grande amico &#8220;cubano&#8221; <strong>Alessandro Totaro<\/strong>.<\/div>\n<div dir=\"auto\"><\/div>\n<div dir=\"auto\"><\/div>\n<p>&nbsp;<\/p>\n\n\t\t<style type=\"text\/css\">\n\t\t\t#gallery-4 {\n\t\t\t\tmargin: auto;\n\t\t\t}\n\t\t\t#gallery-4 .gallery-item {\n\t\t\t\tfloat: left;\n\t\t\t\tmargin-top: 10px;\n\t\t\t\ttext-align: center;\n\t\t\t\twidth: 33%;\n\t\t\t}\n\t\t\t#gallery-4 img {\n\t\t\t\tborder: 2px solid #cfcfcf;\n\t\t\t}\n\t\t\t#gallery-4 .gallery-caption {\n\t\t\t\tmargin-left: 0;\n\t\t\t}\n\t\t\t\/* see gallery_shortcode() in wp-includes\/media.php *\/\n\t\t<\/style>\n\t\t<div id='gallery-4' class='gallery galleryid-1514 gallery-columns-3 gallery-size-medium'><dl class='gallery-item'>\n\t\t\t<dt class='gallery-icon portrait'>\n\t\t\t\t<a href='https:\/\/www.studiolegalesenatore.it\/avvocati\/wp-content\/uploads\/2021\/03\/82573346_2959335640745908_401846236954492928_o-1.jpg'><img width=\"191\" height=\"300\" src=\"https:\/\/www.studiolegalesenatore.it\/avvocati\/wp-content\/uploads\/2021\/03\/82573346_2959335640745908_401846236954492928_o-1-191x300.jpg\" class=\"attachment-medium size-medium\" alt=\"\" loading=\"lazy\" aria-describedby=\"gallery-4-1686\" srcset=\"https:\/\/www.studiolegalesenatore.it\/avvocati\/wp-content\/uploads\/2021\/03\/82573346_2959335640745908_401846236954492928_o-1-191x300.jpg 191w, https:\/\/www.studiolegalesenatore.it\/avvocati\/wp-content\/uploads\/2021\/03\/82573346_2959335640745908_401846236954492928_o-1-38x60.jpg 38w, https:\/\/www.studiolegalesenatore.it\/avvocati\/wp-content\/uploads\/2021\/03\/82573346_2959335640745908_401846236954492928_o-1.jpg 518w\" sizes=\"(max-width: 191px) 100vw, 191px\" \/><\/a>\n\t\t\t<\/dt>\n\t\t\t\t<dd class='wp-caption-text gallery-caption' id='gallery-4-1686'>\n\t\t\t\tLocandina\n\t\t\t\t<\/dd><\/dl><dl class='gallery-item'>\n\t\t\t<dt class='gallery-icon landscape'>\n\t\t\t\t<a href='https:\/\/www.studiolegalesenatore.it\/avvocati\/wp-content\/uploads\/2021\/03\/69652999_2832532346759572_3907390031324512256_n-1.jpeg'><img width=\"300\" height=\"225\" src=\"https:\/\/www.studiolegalesenatore.it\/avvocati\/wp-content\/uploads\/2021\/03\/69652999_2832532346759572_3907390031324512256_n-1-300x225.jpeg\" class=\"attachment-medium size-medium\" alt=\"\" loading=\"lazy\" srcset=\"https:\/\/www.studiolegalesenatore.it\/avvocati\/wp-content\/uploads\/2021\/03\/69652999_2832532346759572_3907390031324512256_n-1-300x225.jpeg 300w, https:\/\/www.studiolegalesenatore.it\/avvocati\/wp-content\/uploads\/2021\/03\/69652999_2832532346759572_3907390031324512256_n-1-768x576.jpeg 768w, https:\/\/www.studiolegalesenatore.it\/avvocati\/wp-content\/uploads\/2021\/03\/69652999_2832532346759572_3907390031324512256_n-1-80x60.jpeg 80w, https:\/\/www.studiolegalesenatore.it\/avvocati\/wp-content\/uploads\/2021\/03\/69652999_2832532346759572_3907390031324512256_n-1-245x184.jpeg 245w, https:\/\/www.studiolegalesenatore.it\/avvocati\/wp-content\/uploads\/2021\/03\/69652999_2832532346759572_3907390031324512256_n-1-260x195.jpeg 260w, https:\/\/www.studiolegalesenatore.it\/avvocati\/wp-content\/uploads\/2021\/03\/69652999_2832532346759572_3907390031324512256_n-1-640x480.jpeg 640w, https:\/\/www.studiolegalesenatore.it\/avvocati\/wp-content\/uploads\/2021\/03\/69652999_2832532346759572_3907390031324512256_n-1.jpeg 960w\" sizes=\"(max-width: 300px) 100vw, 300px\" \/><\/a>\n\t\t\t<\/dt><\/dl><dl class='gallery-item'>\n\t\t\t<dt class='gallery-icon landscape'>\n\t\t\t\t<a href='https:\/\/www.studiolegalesenatore.it\/avvocati\/wp-content\/uploads\/2021\/03\/ritorno-a-cuba-elegante.jpg'><img width=\"300\" height=\"225\" src=\"https:\/\/www.studiolegalesenatore.it\/avvocati\/wp-content\/uploads\/2021\/03\/ritorno-a-cuba-elegante-300x225.jpg\" class=\"attachment-medium size-medium\" alt=\"\" loading=\"lazy\" srcset=\"https:\/\/www.studiolegalesenatore.it\/avvocati\/wp-content\/uploads\/2021\/03\/ritorno-a-cuba-elegante-300x225.jpg 300w, https:\/\/www.studiolegalesenatore.it\/avvocati\/wp-content\/uploads\/2021\/03\/ritorno-a-cuba-elegante-768x576.jpg 768w, https:\/\/www.studiolegalesenatore.it\/avvocati\/wp-content\/uploads\/2021\/03\/ritorno-a-cuba-elegante-80x60.jpg 80w, https:\/\/www.studiolegalesenatore.it\/avvocati\/wp-content\/uploads\/2021\/03\/ritorno-a-cuba-elegante-245x184.jpg 245w, https:\/\/www.studiolegalesenatore.it\/avvocati\/wp-content\/uploads\/2021\/03\/ritorno-a-cuba-elegante-260x195.jpg 260w, https:\/\/www.studiolegalesenatore.it\/avvocati\/wp-content\/uploads\/2021\/03\/ritorno-a-cuba-elegante-640x480.jpg 640w, https:\/\/www.studiolegalesenatore.it\/avvocati\/wp-content\/uploads\/2021\/03\/ritorno-a-cuba-elegante.jpg 960w\" sizes=\"(max-width: 300px) 100vw, 300px\" \/><\/a>\n\t\t\t<\/dt><\/dl><br style=\"clear: both\" \/>\n\t\t<\/div>\n\n<div class=\"su-spoiler su-spoiler-style-fancy su-spoiler-icon-plus su-spoiler-closed\" data-scroll-offset=\"0\" data-anchor-in-url=\"no\"><div class=\"su-spoiler-title\" tabindex=\"0\" role=\"button\"><span class=\"su-spoiler-icon\"><\/span>Visualizza la galleria<\/div><div class=\"su-spoiler-content su-u-clearfix su-u-trim\">\n\n\t\t<style type=\"text\/css\">\n\t\t\t#gallery-5 {\n\t\t\t\tmargin: auto;\n\t\t\t}\n\t\t\t#gallery-5 .gallery-item {\n\t\t\t\tfloat: left;\n\t\t\t\tmargin-top: 10px;\n\t\t\t\ttext-align: center;\n\t\t\t\twidth: 33%;\n\t\t\t}\n\t\t\t#gallery-5 img {\n\t\t\t\tborder: 2px solid #cfcfcf;\n\t\t\t}\n\t\t\t#gallery-5 .gallery-caption {\n\t\t\t\tmargin-left: 0;\n\t\t\t}\n\t\t\t\/* see gallery_shortcode() in wp-includes\/media.php *\/\n\t\t<\/style>\n\t\t<div id='gallery-5' class='gallery galleryid-1514 gallery-columns-3 gallery-size-medium'><dl class='gallery-item'>\n\t\t\t<dt class='gallery-icon landscape'>\n\t\t\t\t<a href='https:\/\/www.studiolegalesenatore.it\/avvocati\/wp-content\/uploads\/2021\/03\/Photo-Jorge-L.G.-Garciandia-24.jpg'><img width=\"300\" height=\"199\" src=\"https:\/\/www.studiolegalesenatore.it\/avvocati\/wp-content\/uploads\/2021\/03\/Photo-Jorge-L.G.-Garciandia-24-300x199.jpg\" class=\"attachment-medium size-medium\" alt=\"\" loading=\"lazy\" srcset=\"https:\/\/www.studiolegalesenatore.it\/avvocati\/wp-content\/uploads\/2021\/03\/Photo-Jorge-L.G.-Garciandia-24-300x199.jpg 300w, https:\/\/www.studiolegalesenatore.it\/avvocati\/wp-content\/uploads\/2021\/03\/Photo-Jorge-L.G.-Garciandia-24.jpg 600w\" sizes=\"(max-width: 300px) 100vw, 300px\" \/><\/a>\n\t\t\t<\/dt><\/dl><dl class='gallery-item'>\n\t\t\t<dt class='gallery-icon landscape'>\n\t\t\t\t<a href='https:\/\/www.studiolegalesenatore.it\/avvocati\/wp-content\/uploads\/2021\/03\/conferenza-Museo-Napoleonico-Photo-Jorge-L.G.-Garciandia-6.jpg'><img width=\"300\" height=\"199\" src=\"https:\/\/www.studiolegalesenatore.it\/avvocati\/wp-content\/uploads\/2021\/03\/conferenza-Museo-Napoleonico-Photo-Jorge-L.G.-Garciandia-6-300x199.jpg\" class=\"attachment-medium size-medium\" alt=\"\" loading=\"lazy\" srcset=\"https:\/\/www.studiolegalesenatore.it\/avvocati\/wp-content\/uploads\/2021\/03\/conferenza-Museo-Napoleonico-Photo-Jorge-L.G.-Garciandia-6-300x199.jpg 300w, https:\/\/www.studiolegalesenatore.it\/avvocati\/wp-content\/uploads\/2021\/03\/conferenza-Museo-Napoleonico-Photo-Jorge-L.G.-Garciandia-6.jpg 600w\" sizes=\"(max-width: 300px) 100vw, 300px\" \/><\/a>\n\t\t\t<\/dt><\/dl><dl class='gallery-item'>\n\t\t\t<dt class='gallery-icon landscape'>\n\t\t\t\t<a href='https:\/\/www.studiolegalesenatore.it\/avvocati\/wp-content\/uploads\/2021\/03\/Photo-Jorge-L.G.-Garciandia-22.jpg'><img width=\"300\" height=\"199\" src=\"https:\/\/www.studiolegalesenatore.it\/avvocati\/wp-content\/uploads\/2021\/03\/Photo-Jorge-L.G.-Garciandia-22-300x199.jpg\" class=\"attachment-medium size-medium\" alt=\"\" loading=\"lazy\" srcset=\"https:\/\/www.studiolegalesenatore.it\/avvocati\/wp-content\/uploads\/2021\/03\/Photo-Jorge-L.G.-Garciandia-22-300x199.jpg 300w, https:\/\/www.studiolegalesenatore.it\/avvocati\/wp-content\/uploads\/2021\/03\/Photo-Jorge-L.G.-Garciandia-22.jpg 600w\" sizes=\"(max-width: 300px) 100vw, 300px\" \/><\/a>\n\t\t\t<\/dt><\/dl><br style=\"clear: both\" \/><dl class='gallery-item'>\n\t\t\t<dt class='gallery-icon landscape'>\n\t\t\t\t<a href='https:\/\/www.studiolegalesenatore.it\/avvocati\/wp-content\/uploads\/2021\/03\/Photo-Jorge-L.G.-Garciandia-12.jpg'><img width=\"300\" height=\"199\" src=\"https:\/\/www.studiolegalesenatore.it\/avvocati\/wp-content\/uploads\/2021\/03\/Photo-Jorge-L.G.-Garciandia-12-300x199.jpg\" class=\"attachment-medium size-medium\" alt=\"\" loading=\"lazy\" srcset=\"https:\/\/www.studiolegalesenatore.it\/avvocati\/wp-content\/uploads\/2021\/03\/Photo-Jorge-L.G.-Garciandia-12-300x199.jpg 300w, https:\/\/www.studiolegalesenatore.it\/avvocati\/wp-content\/uploads\/2021\/03\/Photo-Jorge-L.G.-Garciandia-12.jpg 600w\" sizes=\"(max-width: 300px) 100vw, 300px\" \/><\/a>\n\t\t\t<\/dt><\/dl><dl class='gallery-item'>\n\t\t\t<dt class='gallery-icon landscape'>\n\t\t\t\t<a href='https:\/\/www.studiolegalesenatore.it\/avvocati\/wp-content\/uploads\/2021\/03\/72528358_2832531823426291_1514909646190542848_n.jpeg'><img width=\"300\" height=\"225\" src=\"https:\/\/www.studiolegalesenatore.it\/avvocati\/wp-content\/uploads\/2021\/03\/72528358_2832531823426291_1514909646190542848_n-300x225.jpeg\" class=\"attachment-medium size-medium\" alt=\"\" loading=\"lazy\" srcset=\"https:\/\/www.studiolegalesenatore.it\/avvocati\/wp-content\/uploads\/2021\/03\/72528358_2832531823426291_1514909646190542848_n-300x225.jpeg 300w, https:\/\/www.studiolegalesenatore.it\/avvocati\/wp-content\/uploads\/2021\/03\/72528358_2832531823426291_1514909646190542848_n-768x576.jpeg 768w, https:\/\/www.studiolegalesenatore.it\/avvocati\/wp-content\/uploads\/2021\/03\/72528358_2832531823426291_1514909646190542848_n-80x60.jpeg 80w, https:\/\/www.studiolegalesenatore.it\/avvocati\/wp-content\/uploads\/2021\/03\/72528358_2832531823426291_1514909646190542848_n-245x184.jpeg 245w, https:\/\/www.studiolegalesenatore.it\/avvocati\/wp-content\/uploads\/2021\/03\/72528358_2832531823426291_1514909646190542848_n-260x195.jpeg 260w, https:\/\/www.studiolegalesenatore.it\/avvocati\/wp-content\/uploads\/2021\/03\/72528358_2832531823426291_1514909646190542848_n-640x480.jpeg 640w, https:\/\/www.studiolegalesenatore.it\/avvocati\/wp-content\/uploads\/2021\/03\/72528358_2832531823426291_1514909646190542848_n.jpeg 960w\" sizes=\"(max-width: 300px) 100vw, 300px\" \/><\/a>\n\t\t\t<\/dt><\/dl><dl class='gallery-item'>\n\t\t\t<dt class='gallery-icon landscape'>\n\t\t\t\t<a href='https:\/\/www.studiolegalesenatore.it\/avvocati\/wp-content\/uploads\/2021\/03\/69652999_2832532346759572_3907390031324512256_n.jpeg'><img width=\"300\" height=\"225\" src=\"https:\/\/www.studiolegalesenatore.it\/avvocati\/wp-content\/uploads\/2021\/03\/69652999_2832532346759572_3907390031324512256_n-300x225.jpeg\" class=\"attachment-medium size-medium\" alt=\"\" loading=\"lazy\" srcset=\"https:\/\/www.studiolegalesenatore.it\/avvocati\/wp-content\/uploads\/2021\/03\/69652999_2832532346759572_3907390031324512256_n-300x225.jpeg 300w, https:\/\/www.studiolegalesenatore.it\/avvocati\/wp-content\/uploads\/2021\/03\/69652999_2832532346759572_3907390031324512256_n-768x576.jpeg 768w, https:\/\/www.studiolegalesenatore.it\/avvocati\/wp-content\/uploads\/2021\/03\/69652999_2832532346759572_3907390031324512256_n-80x60.jpeg 80w, https:\/\/www.studiolegalesenatore.it\/avvocati\/wp-content\/uploads\/2021\/03\/69652999_2832532346759572_3907390031324512256_n-245x184.jpeg 245w, https:\/\/www.studiolegalesenatore.it\/avvocati\/wp-content\/uploads\/2021\/03\/69652999_2832532346759572_3907390031324512256_n-260x195.jpeg 260w, https:\/\/www.studiolegalesenatore.it\/avvocati\/wp-content\/uploads\/2021\/03\/69652999_2832532346759572_3907390031324512256_n-640x480.jpeg 640w, https:\/\/www.studiolegalesenatore.it\/avvocati\/wp-content\/uploads\/2021\/03\/69652999_2832532346759572_3907390031324512256_n.jpeg 960w\" sizes=\"(max-width: 300px) 100vw, 300px\" \/><\/a>\n\t\t\t<\/dt><\/dl><br style=\"clear: both\" \/><dl class='gallery-item'>\n\t\t\t<dt class='gallery-icon landscape'>\n\t\t\t\t<a href='https:\/\/www.studiolegalesenatore.it\/avvocati\/wp-content\/uploads\/2021\/03\/75610606_2832531906759616_5980479086206648320_n.jpeg'><img width=\"300\" height=\"225\" src=\"https:\/\/www.studiolegalesenatore.it\/avvocati\/wp-content\/uploads\/2021\/03\/75610606_2832531906759616_5980479086206648320_n-300x225.jpeg\" class=\"attachment-medium size-medium\" alt=\"\" loading=\"lazy\" srcset=\"https:\/\/www.studiolegalesenatore.it\/avvocati\/wp-content\/uploads\/2021\/03\/75610606_2832531906759616_5980479086206648320_n-300x225.jpeg 300w, https:\/\/www.studiolegalesenatore.it\/avvocati\/wp-content\/uploads\/2021\/03\/75610606_2832531906759616_5980479086206648320_n-768x576.jpeg 768w, https:\/\/www.studiolegalesenatore.it\/avvocati\/wp-content\/uploads\/2021\/03\/75610606_2832531906759616_5980479086206648320_n-80x60.jpeg 80w, https:\/\/www.studiolegalesenatore.it\/avvocati\/wp-content\/uploads\/2021\/03\/75610606_2832531906759616_5980479086206648320_n-245x184.jpeg 245w, https:\/\/www.studiolegalesenatore.it\/avvocati\/wp-content\/uploads\/2021\/03\/75610606_2832531906759616_5980479086206648320_n-260x195.jpeg 260w, https:\/\/www.studiolegalesenatore.it\/avvocati\/wp-content\/uploads\/2021\/03\/75610606_2832531906759616_5980479086206648320_n-640x480.jpeg 640w, https:\/\/www.studiolegalesenatore.it\/avvocati\/wp-content\/uploads\/2021\/03\/75610606_2832531906759616_5980479086206648320_n.jpeg 960w\" sizes=\"(max-width: 300px) 100vw, 300px\" \/><\/a>\n\t\t\t<\/dt><\/dl><dl class='gallery-item'>\n\t\t\t<dt class='gallery-icon portrait'>\n\t\t\t\t<a href='https:\/\/www.studiolegalesenatore.it\/avvocati\/wp-content\/uploads\/2021\/03\/IMG-20200206-WA0014-1.jpg'><img width=\"225\" height=\"300\" src=\"https:\/\/www.studiolegalesenatore.it\/avvocati\/wp-content\/uploads\/2021\/03\/IMG-20200206-WA0014-1-225x300.jpg\" class=\"attachment-medium size-medium\" alt=\"\" loading=\"lazy\" srcset=\"https:\/\/www.studiolegalesenatore.it\/avvocati\/wp-content\/uploads\/2021\/03\/IMG-20200206-WA0014-1-225x300.jpg 225w, https:\/\/www.studiolegalesenatore.it\/avvocati\/wp-content\/uploads\/2021\/03\/IMG-20200206-WA0014-1-768x1024.jpg 768w, https:\/\/www.studiolegalesenatore.it\/avvocati\/wp-content\/uploads\/2021\/03\/IMG-20200206-WA0014-1-640x853.jpg 640w, https:\/\/www.studiolegalesenatore.it\/avvocati\/wp-content\/uploads\/2021\/03\/IMG-20200206-WA0014-1.jpg 1200w\" sizes=\"(max-width: 225px) 100vw, 225px\" \/><\/a>\n\t\t\t<\/dt><\/dl><dl class='gallery-item'>\n\t\t\t<dt class='gallery-icon landscape'>\n\t\t\t\t<a href='https:\/\/www.studiolegalesenatore.it\/avvocati\/wp-content\/uploads\/2021\/03\/IMG-20200206-WA0042.jpg'><img width=\"300\" height=\"225\" src=\"https:\/\/www.studiolegalesenatore.it\/avvocati\/wp-content\/uploads\/2021\/03\/IMG-20200206-WA0042-300x225.jpg\" class=\"attachment-medium size-medium\" alt=\"\" loading=\"lazy\" srcset=\"https:\/\/www.studiolegalesenatore.it\/avvocati\/wp-content\/uploads\/2021\/03\/IMG-20200206-WA0042-300x225.jpg 300w, https:\/\/www.studiolegalesenatore.it\/avvocati\/wp-content\/uploads\/2021\/03\/IMG-20200206-WA0042-768x576.jpg 768w, https:\/\/www.studiolegalesenatore.it\/avvocati\/wp-content\/uploads\/2021\/03\/IMG-20200206-WA0042-1024x768.jpg 1024w, https:\/\/www.studiolegalesenatore.it\/avvocati\/wp-content\/uploads\/2021\/03\/IMG-20200206-WA0042-80x60.jpg 80w, https:\/\/www.studiolegalesenatore.it\/avvocati\/wp-content\/uploads\/2021\/03\/IMG-20200206-WA0042-245x184.jpg 245w, https:\/\/www.studiolegalesenatore.it\/avvocati\/wp-content\/uploads\/2021\/03\/IMG-20200206-WA0042-260x195.jpg 260w, https:\/\/www.studiolegalesenatore.it\/avvocati\/wp-content\/uploads\/2021\/03\/IMG-20200206-WA0042-640x480.jpg 640w, https:\/\/www.studiolegalesenatore.it\/avvocati\/wp-content\/uploads\/2021\/03\/IMG-20200206-WA0042.jpg 1600w\" sizes=\"(max-width: 300px) 100vw, 300px\" \/><\/a>\n\t\t\t<\/dt><\/dl><br style=\"clear: both\" \/><dl class='gallery-item'>\n\t\t\t<dt class='gallery-icon portrait'>\n\t\t\t\t<a href='https:\/\/www.studiolegalesenatore.it\/avvocati\/wp-content\/uploads\/2021\/03\/IMG-20200206-WA0015.jpg'><img width=\"225\" height=\"300\" src=\"https:\/\/www.studiolegalesenatore.it\/avvocati\/wp-content\/uploads\/2021\/03\/IMG-20200206-WA0015-225x300.jpg\" class=\"attachment-medium size-medium\" alt=\"\" loading=\"lazy\" srcset=\"https:\/\/www.studiolegalesenatore.it\/avvocati\/wp-content\/uploads\/2021\/03\/IMG-20200206-WA0015-225x300.jpg 225w, https:\/\/www.studiolegalesenatore.it\/avvocati\/wp-content\/uploads\/2021\/03\/IMG-20200206-WA0015-768x1024.jpg 768w, https:\/\/www.studiolegalesenatore.it\/avvocati\/wp-content\/uploads\/2021\/03\/IMG-20200206-WA0015-640x853.jpg 640w, https:\/\/www.studiolegalesenatore.it\/avvocati\/wp-content\/uploads\/2021\/03\/IMG-20200206-WA0015.jpg 1200w\" sizes=\"(max-width: 225px) 100vw, 225px\" \/><\/a>\n\t\t\t<\/dt><\/dl><dl class='gallery-item'>\n\t\t\t<dt class='gallery-icon landscape'>\n\t\t\t\t<a href='https:\/\/www.studiolegalesenatore.it\/avvocati\/wp-content\/uploads\/2021\/03\/IMG-20200206-WA0020.jpg'><img width=\"300\" height=\"225\" src=\"https:\/\/www.studiolegalesenatore.it\/avvocati\/wp-content\/uploads\/2021\/03\/IMG-20200206-WA0020-300x225.jpg\" class=\"attachment-medium size-medium\" alt=\"\" loading=\"lazy\" srcset=\"https:\/\/www.studiolegalesenatore.it\/avvocati\/wp-content\/uploads\/2021\/03\/IMG-20200206-WA0020-300x225.jpg 300w, https:\/\/www.studiolegalesenatore.it\/avvocati\/wp-content\/uploads\/2021\/03\/IMG-20200206-WA0020-768x576.jpg 768w, https:\/\/www.studiolegalesenatore.it\/avvocati\/wp-content\/uploads\/2021\/03\/IMG-20200206-WA0020-1024x768.jpg 1024w, https:\/\/www.studiolegalesenatore.it\/avvocati\/wp-content\/uploads\/2021\/03\/IMG-20200206-WA0020-80x60.jpg 80w, https:\/\/www.studiolegalesenatore.it\/avvocati\/wp-content\/uploads\/2021\/03\/IMG-20200206-WA0020-245x184.jpg 245w, https:\/\/www.studiolegalesenatore.it\/avvocati\/wp-content\/uploads\/2021\/03\/IMG-20200206-WA0020-260x195.jpg 260w, https:\/\/www.studiolegalesenatore.it\/avvocati\/wp-content\/uploads\/2021\/03\/IMG-20200206-WA0020-640x480.jpg 640w, https:\/\/www.studiolegalesenatore.it\/avvocati\/wp-content\/uploads\/2021\/03\/IMG-20200206-WA0020.jpg 1600w\" sizes=\"(max-width: 300px) 100vw, 300px\" \/><\/a>\n\t\t\t<\/dt><\/dl><dl class='gallery-item'>\n\t\t\t<dt class='gallery-icon landscape'>\n\t\t\t\t<a href='https:\/\/www.studiolegalesenatore.it\/avvocati\/wp-content\/uploads\/2021\/03\/IMG-20200206-WA0017.jpg'><img width=\"300\" height=\"225\" src=\"https:\/\/www.studiolegalesenatore.it\/avvocati\/wp-content\/uploads\/2021\/03\/IMG-20200206-WA0017-300x225.jpg\" class=\"attachment-medium size-medium\" alt=\"\" loading=\"lazy\" srcset=\"https:\/\/www.studiolegalesenatore.it\/avvocati\/wp-content\/uploads\/2021\/03\/IMG-20200206-WA0017-300x225.jpg 300w, https:\/\/www.studiolegalesenatore.it\/avvocati\/wp-content\/uploads\/2021\/03\/IMG-20200206-WA0017-768x576.jpg 768w, https:\/\/www.studiolegalesenatore.it\/avvocati\/wp-content\/uploads\/2021\/03\/IMG-20200206-WA0017-1024x768.jpg 1024w, https:\/\/www.studiolegalesenatore.it\/avvocati\/wp-content\/uploads\/2021\/03\/IMG-20200206-WA0017-80x60.jpg 80w, https:\/\/www.studiolegalesenatore.it\/avvocati\/wp-content\/uploads\/2021\/03\/IMG-20200206-WA0017-245x184.jpg 245w, https:\/\/www.studiolegalesenatore.it\/avvocati\/wp-content\/uploads\/2021\/03\/IMG-20200206-WA0017-260x195.jpg 260w, https:\/\/www.studiolegalesenatore.it\/avvocati\/wp-content\/uploads\/2021\/03\/IMG-20200206-WA0017-640x480.jpg 640w, https:\/\/www.studiolegalesenatore.it\/avvocati\/wp-content\/uploads\/2021\/03\/IMG-20200206-WA0017.jpg 1600w\" sizes=\"(max-width: 300px) 100vw, 300px\" \/><\/a>\n\t\t\t<\/dt><\/dl><br style=\"clear: both\" \/><dl class='gallery-item'>\n\t\t\t<dt class='gallery-icon landscape'>\n\t\t\t\t<a href='https:\/\/www.studiolegalesenatore.it\/avvocati\/wp-content\/uploads\/2021\/03\/IMG-20200206-WA0023.jpg'><img width=\"300\" height=\"225\" src=\"https:\/\/www.studiolegalesenatore.it\/avvocati\/wp-content\/uploads\/2021\/03\/IMG-20200206-WA0023-300x225.jpg\" class=\"attachment-medium size-medium\" alt=\"\" loading=\"lazy\" srcset=\"https:\/\/www.studiolegalesenatore.it\/avvocati\/wp-content\/uploads\/2021\/03\/IMG-20200206-WA0023-300x225.jpg 300w, https:\/\/www.studiolegalesenatore.it\/avvocati\/wp-content\/uploads\/2021\/03\/IMG-20200206-WA0023-768x576.jpg 768w, https:\/\/www.studiolegalesenatore.it\/avvocati\/wp-content\/uploads\/2021\/03\/IMG-20200206-WA0023-1024x768.jpg 1024w, https:\/\/www.studiolegalesenatore.it\/avvocati\/wp-content\/uploads\/2021\/03\/IMG-20200206-WA0023-80x60.jpg 80w, https:\/\/www.studiolegalesenatore.it\/avvocati\/wp-content\/uploads\/2021\/03\/IMG-20200206-WA0023-245x184.jpg 245w, https:\/\/www.studiolegalesenatore.it\/avvocati\/wp-content\/uploads\/2021\/03\/IMG-20200206-WA0023-260x195.jpg 260w, https:\/\/www.studiolegalesenatore.it\/avvocati\/wp-content\/uploads\/2021\/03\/IMG-20200206-WA0023-640x480.jpg 640w, https:\/\/www.studiolegalesenatore.it\/avvocati\/wp-content\/uploads\/2021\/03\/IMG-20200206-WA0023.jpg 1600w\" sizes=\"(max-width: 300px) 100vw, 300px\" \/><\/a>\n\t\t\t<\/dt><\/dl><dl class='gallery-item'>\n\t\t\t<dt class='gallery-icon landscape'>\n\t\t\t\t<a href='https:\/\/www.studiolegalesenatore.it\/avvocati\/wp-content\/uploads\/2021\/03\/IMG-20200206-WA0031.jpg'><img width=\"300\" height=\"225\" src=\"https:\/\/www.studiolegalesenatore.it\/avvocati\/wp-content\/uploads\/2021\/03\/IMG-20200206-WA0031-300x225.jpg\" class=\"attachment-medium size-medium\" alt=\"\" loading=\"lazy\" srcset=\"https:\/\/www.studiolegalesenatore.it\/avvocati\/wp-content\/uploads\/2021\/03\/IMG-20200206-WA0031-300x225.jpg 300w, https:\/\/www.studiolegalesenatore.it\/avvocati\/wp-content\/uploads\/2021\/03\/IMG-20200206-WA0031-768x576.jpg 768w, https:\/\/www.studiolegalesenatore.it\/avvocati\/wp-content\/uploads\/2021\/03\/IMG-20200206-WA0031-1024x768.jpg 1024w, https:\/\/www.studiolegalesenatore.it\/avvocati\/wp-content\/uploads\/2021\/03\/IMG-20200206-WA0031-80x60.jpg 80w, https:\/\/www.studiolegalesenatore.it\/avvocati\/wp-content\/uploads\/2021\/03\/IMG-20200206-WA0031-245x184.jpg 245w, https:\/\/www.studiolegalesenatore.it\/avvocati\/wp-content\/uploads\/2021\/03\/IMG-20200206-WA0031-260x195.jpg 260w, https:\/\/www.studiolegalesenatore.it\/avvocati\/wp-content\/uploads\/2021\/03\/IMG-20200206-WA0031-640x480.jpg 640w, https:\/\/www.studiolegalesenatore.it\/avvocati\/wp-content\/uploads\/2021\/03\/IMG-20200206-WA0031.jpg 1600w\" sizes=\"(max-width: 300px) 100vw, 300px\" \/><\/a>\n\t\t\t<\/dt><\/dl><dl class='gallery-item'>\n\t\t\t<dt class='gallery-icon portrait'>\n\t\t\t\t<a href='https:\/\/www.studiolegalesenatore.it\/avvocati\/wp-content\/uploads\/2021\/03\/IMG-20200206-WA0028.jpg'><img width=\"225\" height=\"300\" src=\"https:\/\/www.studiolegalesenatore.it\/avvocati\/wp-content\/uploads\/2021\/03\/IMG-20200206-WA0028-225x300.jpg\" class=\"attachment-medium size-medium\" alt=\"\" loading=\"lazy\" srcset=\"https:\/\/www.studiolegalesenatore.it\/avvocati\/wp-content\/uploads\/2021\/03\/IMG-20200206-WA0028-225x300.jpg 225w, https:\/\/www.studiolegalesenatore.it\/avvocati\/wp-content\/uploads\/2021\/03\/IMG-20200206-WA0028-768x1024.jpg 768w, https:\/\/www.studiolegalesenatore.it\/avvocati\/wp-content\/uploads\/2021\/03\/IMG-20200206-WA0028-640x853.jpg 640w, https:\/\/www.studiolegalesenatore.it\/avvocati\/wp-content\/uploads\/2021\/03\/IMG-20200206-WA0028.jpg 1200w\" sizes=\"(max-width: 225px) 100vw, 225px\" \/><\/a>\n\t\t\t<\/dt><\/dl><br style=\"clear: both\" \/><dl class='gallery-item'>\n\t\t\t<dt class='gallery-icon landscape'>\n\t\t\t\t<a href='https:\/\/www.studiolegalesenatore.it\/avvocati\/wp-content\/uploads\/2021\/03\/IMG-20200206-WA0032.jpg'><img width=\"300\" height=\"225\" src=\"https:\/\/www.studiolegalesenatore.it\/avvocati\/wp-content\/uploads\/2021\/03\/IMG-20200206-WA0032-300x225.jpg\" class=\"attachment-medium size-medium\" alt=\"\" loading=\"lazy\" srcset=\"https:\/\/www.studiolegalesenatore.it\/avvocati\/wp-content\/uploads\/2021\/03\/IMG-20200206-WA0032-300x225.jpg 300w, https:\/\/www.studiolegalesenatore.it\/avvocati\/wp-content\/uploads\/2021\/03\/IMG-20200206-WA0032-768x576.jpg 768w, https:\/\/www.studiolegalesenatore.it\/avvocati\/wp-content\/uploads\/2021\/03\/IMG-20200206-WA0032-1024x768.jpg 1024w, https:\/\/www.studiolegalesenatore.it\/avvocati\/wp-content\/uploads\/2021\/03\/IMG-20200206-WA0032-80x60.jpg 80w, https:\/\/www.studiolegalesenatore.it\/avvocati\/wp-content\/uploads\/2021\/03\/IMG-20200206-WA0032-245x184.jpg 245w, https:\/\/www.studiolegalesenatore.it\/avvocati\/wp-content\/uploads\/2021\/03\/IMG-20200206-WA0032-260x195.jpg 260w, https:\/\/www.studiolegalesenatore.it\/avvocati\/wp-content\/uploads\/2021\/03\/IMG-20200206-WA0032-640x480.jpg 640w, https:\/\/www.studiolegalesenatore.it\/avvocati\/wp-content\/uploads\/2021\/03\/IMG-20200206-WA0032.jpg 1600w\" sizes=\"(max-width: 300px) 100vw, 300px\" \/><\/a>\n\t\t\t<\/dt><\/dl><dl class='gallery-item'>\n\t\t\t<dt class='gallery-icon portrait'>\n\t\t\t\t<a href='https:\/\/www.studiolegalesenatore.it\/avvocati\/wp-content\/uploads\/2021\/03\/IMG-20200206-WA00271.jpg'><img width=\"225\" height=\"300\" src=\"https:\/\/www.studiolegalesenatore.it\/avvocati\/wp-content\/uploads\/2021\/03\/IMG-20200206-WA00271-225x300.jpg\" class=\"attachment-medium size-medium\" alt=\"\" loading=\"lazy\" srcset=\"https:\/\/www.studiolegalesenatore.it\/avvocati\/wp-content\/uploads\/2021\/03\/IMG-20200206-WA00271-225x300.jpg 225w, https:\/\/www.studiolegalesenatore.it\/avvocati\/wp-content\/uploads\/2021\/03\/IMG-20200206-WA00271-768x1024.jpg 768w, https:\/\/www.studiolegalesenatore.it\/avvocati\/wp-content\/uploads\/2021\/03\/IMG-20200206-WA00271-640x853.jpg 640w, https:\/\/www.studiolegalesenatore.it\/avvocati\/wp-content\/uploads\/2021\/03\/IMG-20200206-WA00271.jpg 1200w\" sizes=\"(max-width: 225px) 100vw, 225px\" \/><\/a>\n\t\t\t<\/dt><\/dl><dl class='gallery-item'>\n\t\t\t<dt class='gallery-icon portrait'>\n\t\t\t\t<a href='https:\/\/www.studiolegalesenatore.it\/avvocati\/wp-content\/uploads\/2021\/03\/IMG-20200206-WA0033.jpg'><img width=\"225\" height=\"300\" src=\"https:\/\/www.studiolegalesenatore.it\/avvocati\/wp-content\/uploads\/2021\/03\/IMG-20200206-WA0033-225x300.jpg\" class=\"attachment-medium size-medium\" alt=\"\" loading=\"lazy\" srcset=\"https:\/\/www.studiolegalesenatore.it\/avvocati\/wp-content\/uploads\/2021\/03\/IMG-20200206-WA0033-225x300.jpg 225w, https:\/\/www.studiolegalesenatore.it\/avvocati\/wp-content\/uploads\/2021\/03\/IMG-20200206-WA0033-768x1024.jpg 768w, https:\/\/www.studiolegalesenatore.it\/avvocati\/wp-content\/uploads\/2021\/03\/IMG-20200206-WA0033-640x853.jpg 640w, https:\/\/www.studiolegalesenatore.it\/avvocati\/wp-content\/uploads\/2021\/03\/IMG-20200206-WA0033.jpg 1200w\" sizes=\"(max-width: 225px) 100vw, 225px\" \/><\/a>\n\t\t\t<\/dt><\/dl><br style=\"clear: both\" \/><dl class='gallery-item'>\n\t\t\t<dt class='gallery-icon portrait'>\n\t\t\t\t<a href='https:\/\/www.studiolegalesenatore.it\/avvocati\/wp-content\/uploads\/2021\/03\/IMG-20200206-WA0016.jpg'><img width=\"225\" height=\"300\" src=\"https:\/\/www.studiolegalesenatore.it\/avvocati\/wp-content\/uploads\/2021\/03\/IMG-20200206-WA0016-225x300.jpg\" class=\"attachment-medium size-medium\" alt=\"\" loading=\"lazy\" srcset=\"https:\/\/www.studiolegalesenatore.it\/avvocati\/wp-content\/uploads\/2021\/03\/IMG-20200206-WA0016-225x300.jpg 225w, https:\/\/www.studiolegalesenatore.it\/avvocati\/wp-content\/uploads\/2021\/03\/IMG-20200206-WA0016-768x1024.jpg 768w, https:\/\/www.studiolegalesenatore.it\/avvocati\/wp-content\/uploads\/2021\/03\/IMG-20200206-WA0016-640x853.jpg 640w, https:\/\/www.studiolegalesenatore.it\/avvocati\/wp-content\/uploads\/2021\/03\/IMG-20200206-WA0016.jpg 1200w\" sizes=\"(max-width: 225px) 100vw, 225px\" \/><\/a>\n\t\t\t<\/dt><\/dl><dl class='gallery-item'>\n\t\t\t<dt class='gallery-icon portrait'>\n\t\t\t\t<a href='https:\/\/www.studiolegalesenatore.it\/avvocati\/wp-content\/uploads\/2021\/03\/IMG-20200206-WA0048.jpg'><img width=\"225\" height=\"300\" src=\"https:\/\/www.studiolegalesenatore.it\/avvocati\/wp-content\/uploads\/2021\/03\/IMG-20200206-WA0048-225x300.jpg\" class=\"attachment-medium size-medium\" alt=\"\" loading=\"lazy\" srcset=\"https:\/\/www.studiolegalesenatore.it\/avvocati\/wp-content\/uploads\/2021\/03\/IMG-20200206-WA0048-225x300.jpg 225w, https:\/\/www.studiolegalesenatore.it\/avvocati\/wp-content\/uploads\/2021\/03\/IMG-20200206-WA0048-768x1024.jpg 768w, https:\/\/www.studiolegalesenatore.it\/avvocati\/wp-content\/uploads\/2021\/03\/IMG-20200206-WA0048-640x853.jpg 640w, https:\/\/www.studiolegalesenatore.it\/avvocati\/wp-content\/uploads\/2021\/03\/IMG-20200206-WA0048.jpg 1200w\" sizes=\"(max-width: 225px) 100vw, 225px\" \/><\/a>\n\t\t\t<\/dt><\/dl><dl class='gallery-item'>\n\t\t\t<dt class='gallery-icon portrait'>\n\t\t\t\t<a href='https:\/\/www.studiolegalesenatore.it\/avvocati\/wp-content\/uploads\/2021\/03\/IMG-20200206-WA00451.jpg'><img width=\"219\" height=\"300\" src=\"https:\/\/www.studiolegalesenatore.it\/avvocati\/wp-content\/uploads\/2021\/03\/IMG-20200206-WA00451-219x300.jpg\" class=\"attachment-medium size-medium\" alt=\"\" loading=\"lazy\" srcset=\"https:\/\/www.studiolegalesenatore.it\/avvocati\/wp-content\/uploads\/2021\/03\/IMG-20200206-WA00451-219x300.jpg 219w, https:\/\/www.studiolegalesenatore.it\/avvocati\/wp-content\/uploads\/2021\/03\/IMG-20200206-WA00451-768x1052.jpg 768w, https:\/\/www.studiolegalesenatore.it\/avvocati\/wp-content\/uploads\/2021\/03\/IMG-20200206-WA00451-748x1024.jpg 748w, https:\/\/www.studiolegalesenatore.it\/avvocati\/wp-content\/uploads\/2021\/03\/IMG-20200206-WA00451-640x877.jpg 640w, https:\/\/www.studiolegalesenatore.it\/avvocati\/wp-content\/uploads\/2021\/03\/IMG-20200206-WA00451.jpg 1168w\" sizes=\"(max-width: 219px) 100vw, 219px\" \/><\/a>\n\t\t\t<\/dt><\/dl><br style=\"clear: both\" \/><dl class='gallery-item'>\n\t\t\t<dt class='gallery-icon landscape'>\n\t\t\t\t<a href='https:\/\/www.studiolegalesenatore.it\/avvocati\/wp-content\/uploads\/2021\/03\/IMG-20200206-WA0025.jpg'><img width=\"300\" height=\"225\" src=\"https:\/\/www.studiolegalesenatore.it\/avvocati\/wp-content\/uploads\/2021\/03\/IMG-20200206-WA0025-300x225.jpg\" class=\"attachment-medium size-medium\" alt=\"\" loading=\"lazy\" srcset=\"https:\/\/www.studiolegalesenatore.it\/avvocati\/wp-content\/uploads\/2021\/03\/IMG-20200206-WA0025-300x225.jpg 300w, https:\/\/www.studiolegalesenatore.it\/avvocati\/wp-content\/uploads\/2021\/03\/IMG-20200206-WA0025-768x576.jpg 768w, https:\/\/www.studiolegalesenatore.it\/avvocati\/wp-content\/uploads\/2021\/03\/IMG-20200206-WA0025-1024x768.jpg 1024w, https:\/\/www.studiolegalesenatore.it\/avvocati\/wp-content\/uploads\/2021\/03\/IMG-20200206-WA0025-80x60.jpg 80w, https:\/\/www.studiolegalesenatore.it\/avvocati\/wp-content\/uploads\/2021\/03\/IMG-20200206-WA0025-245x184.jpg 245w, https:\/\/www.studiolegalesenatore.it\/avvocati\/wp-content\/uploads\/2021\/03\/IMG-20200206-WA0025-260x195.jpg 260w, https:\/\/www.studiolegalesenatore.it\/avvocati\/wp-content\/uploads\/2021\/03\/IMG-20200206-WA0025-640x480.jpg 640w, https:\/\/www.studiolegalesenatore.it\/avvocati\/wp-content\/uploads\/2021\/03\/IMG-20200206-WA0025.jpg 1600w\" sizes=\"(max-width: 300px) 100vw, 300px\" \/><\/a>\n\t\t\t<\/dt><\/dl><dl class='gallery-item'>\n\t\t\t<dt class='gallery-icon portrait'>\n\t\t\t\t<a href='https:\/\/www.studiolegalesenatore.it\/avvocati\/wp-content\/uploads\/2021\/03\/IMG-20200206-WA0030-1.jpg'><img width=\"225\" height=\"300\" src=\"https:\/\/www.studiolegalesenatore.it\/avvocati\/wp-content\/uploads\/2021\/03\/IMG-20200206-WA0030-1-225x300.jpg\" class=\"attachment-medium size-medium\" alt=\"\" loading=\"lazy\" srcset=\"https:\/\/www.studiolegalesenatore.it\/avvocati\/wp-content\/uploads\/2021\/03\/IMG-20200206-WA0030-1-225x300.jpg 225w, https:\/\/www.studiolegalesenatore.it\/avvocati\/wp-content\/uploads\/2021\/03\/IMG-20200206-WA0030-1-768x1024.jpg 768w, https:\/\/www.studiolegalesenatore.it\/avvocati\/wp-content\/uploads\/2021\/03\/IMG-20200206-WA0030-1-640x853.jpg 640w, https:\/\/www.studiolegalesenatore.it\/avvocati\/wp-content\/uploads\/2021\/03\/IMG-20200206-WA0030-1.jpg 1200w\" sizes=\"(max-width: 225px) 100vw, 225px\" \/><\/a>\n\t\t\t<\/dt><\/dl><dl class='gallery-item'>\n\t\t\t<dt class='gallery-icon portrait'>\n\t\t\t\t<a href='https:\/\/www.studiolegalesenatore.it\/avvocati\/wp-content\/uploads\/2021\/03\/IMG-20200206-WA0013.jpg'><img width=\"225\" height=\"300\" src=\"https:\/\/www.studiolegalesenatore.it\/avvocati\/wp-content\/uploads\/2021\/03\/IMG-20200206-WA0013-225x300.jpg\" class=\"attachment-medium size-medium\" alt=\"\" loading=\"lazy\" srcset=\"https:\/\/www.studiolegalesenatore.it\/avvocati\/wp-content\/uploads\/2021\/03\/IMG-20200206-WA0013-225x300.jpg 225w, https:\/\/www.studiolegalesenatore.it\/avvocati\/wp-content\/uploads\/2021\/03\/IMG-20200206-WA0013-768x1024.jpg 768w, https:\/\/www.studiolegalesenatore.it\/avvocati\/wp-content\/uploads\/2021\/03\/IMG-20200206-WA0013-640x853.jpg 640w, https:\/\/www.studiolegalesenatore.it\/avvocati\/wp-content\/uploads\/2021\/03\/IMG-20200206-WA0013.jpg 1200w\" sizes=\"(max-width: 225px) 100vw, 225px\" \/><\/a>\n\t\t\t<\/dt><\/dl><br style=\"clear: both\" \/><dl class='gallery-item'>\n\t\t\t<dt class='gallery-icon landscape'>\n\t\t\t\t<a href='https:\/\/www.studiolegalesenatore.it\/avvocati\/wp-content\/uploads\/2021\/03\/IMG-20200206-WA0040.jpg'><img width=\"300\" height=\"225\" src=\"https:\/\/www.studiolegalesenatore.it\/avvocati\/wp-content\/uploads\/2021\/03\/IMG-20200206-WA0040-300x225.jpg\" class=\"attachment-medium size-medium\" alt=\"\" loading=\"lazy\" srcset=\"https:\/\/www.studiolegalesenatore.it\/avvocati\/wp-content\/uploads\/2021\/03\/IMG-20200206-WA0040-300x225.jpg 300w, https:\/\/www.studiolegalesenatore.it\/avvocati\/wp-content\/uploads\/2021\/03\/IMG-20200206-WA0040-768x576.jpg 768w, https:\/\/www.studiolegalesenatore.it\/avvocati\/wp-content\/uploads\/2021\/03\/IMG-20200206-WA0040-1024x768.jpg 1024w, https:\/\/www.studiolegalesenatore.it\/avvocati\/wp-content\/uploads\/2021\/03\/IMG-20200206-WA0040-80x60.jpg 80w, https:\/\/www.studiolegalesenatore.it\/avvocati\/wp-content\/uploads\/2021\/03\/IMG-20200206-WA0040-245x184.jpg 245w, https:\/\/www.studiolegalesenatore.it\/avvocati\/wp-content\/uploads\/2021\/03\/IMG-20200206-WA0040-260x195.jpg 260w, https:\/\/www.studiolegalesenatore.it\/avvocati\/wp-content\/uploads\/2021\/03\/IMG-20200206-WA0040-640x480.jpg 640w, https:\/\/www.studiolegalesenatore.it\/avvocati\/wp-content\/uploads\/2021\/03\/IMG-20200206-WA0040.jpg 1600w\" sizes=\"(max-width: 300px) 100vw, 300px\" \/><\/a>\n\t\t\t<\/dt><\/dl><dl class='gallery-item'>\n\t\t\t<dt class='gallery-icon landscape'>\n\t\t\t\t<a href='https:\/\/www.studiolegalesenatore.it\/avvocati\/wp-content\/uploads\/2021\/03\/IMG-20200206-WA0038.jpg'><img width=\"300\" height=\"225\" src=\"https:\/\/www.studiolegalesenatore.it\/avvocati\/wp-content\/uploads\/2021\/03\/IMG-20200206-WA0038-300x225.jpg\" class=\"attachment-medium size-medium\" alt=\"\" loading=\"lazy\" srcset=\"https:\/\/www.studiolegalesenatore.it\/avvocati\/wp-content\/uploads\/2021\/03\/IMG-20200206-WA0038-300x225.jpg 300w, https:\/\/www.studiolegalesenatore.it\/avvocati\/wp-content\/uploads\/2021\/03\/IMG-20200206-WA0038-768x576.jpg 768w, https:\/\/www.studiolegalesenatore.it\/avvocati\/wp-content\/uploads\/2021\/03\/IMG-20200206-WA0038-1024x768.jpg 1024w, https:\/\/www.studiolegalesenatore.it\/avvocati\/wp-content\/uploads\/2021\/03\/IMG-20200206-WA0038-80x60.jpg 80w, https:\/\/www.studiolegalesenatore.it\/avvocati\/wp-content\/uploads\/2021\/03\/IMG-20200206-WA0038-245x184.jpg 245w, https:\/\/www.studiolegalesenatore.it\/avvocati\/wp-content\/uploads\/2021\/03\/IMG-20200206-WA0038-260x195.jpg 260w, https:\/\/www.studiolegalesenatore.it\/avvocati\/wp-content\/uploads\/2021\/03\/IMG-20200206-WA0038-640x480.jpg 640w, https:\/\/www.studiolegalesenatore.it\/avvocati\/wp-content\/uploads\/2021\/03\/IMG-20200206-WA0038.jpg 1600w\" sizes=\"(max-width: 300px) 100vw, 300px\" \/><\/a>\n\t\t\t<\/dt><\/dl><dl class='gallery-item'>\n\t\t\t<dt class='gallery-icon portrait'>\n\t\t\t\t<a href='https:\/\/www.studiolegalesenatore.it\/avvocati\/wp-content\/uploads\/2021\/03\/IMG-20200206-WA0036.jpg'><img width=\"225\" height=\"300\" src=\"https:\/\/www.studiolegalesenatore.it\/avvocati\/wp-content\/uploads\/2021\/03\/IMG-20200206-WA0036-225x300.jpg\" class=\"attachment-medium size-medium\" alt=\"\" loading=\"lazy\" srcset=\"https:\/\/www.studiolegalesenatore.it\/avvocati\/wp-content\/uploads\/2021\/03\/IMG-20200206-WA0036-225x300.jpg 225w, https:\/\/www.studiolegalesenatore.it\/avvocati\/wp-content\/uploads\/2021\/03\/IMG-20200206-WA0036-768x1024.jpg 768w, https:\/\/www.studiolegalesenatore.it\/avvocati\/wp-content\/uploads\/2021\/03\/IMG-20200206-WA0036-640x853.jpg 640w, https:\/\/www.studiolegalesenatore.it\/avvocati\/wp-content\/uploads\/2021\/03\/IMG-20200206-WA0036.jpg 1200w\" sizes=\"(max-width: 225px) 100vw, 225px\" \/><\/a>\n\t\t\t<\/dt><\/dl><br style=\"clear: both\" \/><dl class='gallery-item'>\n\t\t\t<dt class='gallery-icon portrait'>\n\t\t\t\t<a href='https:\/\/www.studiolegalesenatore.it\/avvocati\/wp-content\/uploads\/2021\/03\/IMG-20200206-WA0024.jpg'><img width=\"225\" height=\"300\" src=\"https:\/\/www.studiolegalesenatore.it\/avvocati\/wp-content\/uploads\/2021\/03\/IMG-20200206-WA0024-225x300.jpg\" class=\"attachment-medium size-medium\" alt=\"\" loading=\"lazy\" srcset=\"https:\/\/www.studiolegalesenatore.it\/avvocati\/wp-content\/uploads\/2021\/03\/IMG-20200206-WA0024-225x300.jpg 225w, https:\/\/www.studiolegalesenatore.it\/avvocati\/wp-content\/uploads\/2021\/03\/IMG-20200206-WA0024-768x1024.jpg 768w, https:\/\/www.studiolegalesenatore.it\/avvocati\/wp-content\/uploads\/2021\/03\/IMG-20200206-WA0024-640x853.jpg 640w, https:\/\/www.studiolegalesenatore.it\/avvocati\/wp-content\/uploads\/2021\/03\/IMG-20200206-WA0024.jpg 1200w\" sizes=\"(max-width: 225px) 100vw, 225px\" \/><\/a>\n\t\t\t<\/dt><\/dl>\n\t\t\t<br style='clear: both' \/>\n\t\t<\/div>\n\n<\/div><\/div>\n<div class=\"su-divider su-divider-style-dashed\" style=\"margin:15px 0;border-width:3px;border-color:#999999\"><\/div>\n<h3><\/h3>\n<h3 id=\"barlettapalazzodellamarra\"><strong>Barletta, Palazzo della Marra,\u00a03\u00a0maggio 2019<\/strong><\/h3>\n<p>\u201cIl Maggio dei libri\u201d a Barletta dedica una parentesi a Cuba\u00a0e a un personaggio italiano, Oreste Ferrara, grande combattente per l\u2019indipendenza dell\u2019isola caraibica\u00a0dal giogo coloniale spagnolo.\u00a0Pubblico attento e curioso a Palazzo Della Marra nel corso della presentazione del volume\u00a0\u201c<strong>L\u2019anarchico elegante<\/strong>\u201d di Alessandro Senatore, organizzata dalla\u00a0Biblioteca Comunale \u201cLoffredo\u201d\u00a0in collaborazione con le\u00a0locali sezioni dell\u2019Archivio di Stato e dell\u2019UNIMRI,\u00a0e il\u00a0Fiof.<\/p>\n<p><a href=\"https:\/\/barletta.news24.city\/2019\/05\/06\/lanarchico-elegante-al-maggio-dei-libri\/\">Link di approfondimento<\/a><\/p>\n\n\t\t<style type=\"text\/css\">\n\t\t\t#gallery-6 {\n\t\t\t\tmargin: auto;\n\t\t\t}\n\t\t\t#gallery-6 .gallery-item {\n\t\t\t\tfloat: left;\n\t\t\t\tmargin-top: 10px;\n\t\t\t\ttext-align: center;\n\t\t\t\twidth: 33%;\n\t\t\t}\n\t\t\t#gallery-6 img {\n\t\t\t\tborder: 2px solid #cfcfcf;\n\t\t\t}\n\t\t\t#gallery-6 .gallery-caption {\n\t\t\t\tmargin-left: 0;\n\t\t\t}\n\t\t\t\/* see gallery_shortcode() in wp-includes\/media.php *\/\n\t\t<\/style>\n\t\t<div id='gallery-6' class='gallery galleryid-1514 gallery-columns-3 gallery-size-medium'><dl class='gallery-item'>\n\t\t\t<dt class='gallery-icon portrait'>\n\t\t\t\t<a href='https:\/\/www.studiolegalesenatore.it\/avvocati\/wp-content\/uploads\/2021\/03\/59615202_2045280608934584_7865864962013396992_o-1.jpg'><img width=\"209\" height=\"300\" src=\"https:\/\/www.studiolegalesenatore.it\/avvocati\/wp-content\/uploads\/2021\/03\/59615202_2045280608934584_7865864962013396992_o-1-209x300.jpg\" class=\"attachment-medium size-medium\" alt=\"\" loading=\"lazy\" aria-describedby=\"gallery-6-1684\" srcset=\"https:\/\/www.studiolegalesenatore.it\/avvocati\/wp-content\/uploads\/2021\/03\/59615202_2045280608934584_7865864962013396992_o-1-209x300.jpg 209w, https:\/\/www.studiolegalesenatore.it\/avvocati\/wp-content\/uploads\/2021\/03\/59615202_2045280608934584_7865864962013396992_o-1-42x60.jpg 42w, https:\/\/www.studiolegalesenatore.it\/avvocati\/wp-content\/uploads\/2021\/03\/59615202_2045280608934584_7865864962013396992_o-1.jpg 636w\" sizes=\"(max-width: 209px) 100vw, 209px\" \/><\/a>\n\t\t\t<\/dt>\n\t\t\t\t<dd class='wp-caption-text gallery-caption' id='gallery-6-1684'>\n\t\t\t\tLocandina\n\t\t\t\t<\/dd><\/dl><dl class='gallery-item'>\n\t\t\t<dt class='gallery-icon landscape'>\n\t\t\t\t<a href='https:\/\/www.studiolegalesenatore.it\/avvocati\/wp-content\/uploads\/2021\/03\/59203996_2440860332593444_5784797064781103104_n-1.jpg'><img width=\"300\" height=\"169\" src=\"https:\/\/www.studiolegalesenatore.it\/avvocati\/wp-content\/uploads\/2021\/03\/59203996_2440860332593444_5784797064781103104_n-1-300x169.jpg\" class=\"attachment-medium size-medium\" alt=\"\" loading=\"lazy\" aria-describedby=\"gallery-6-1683\" srcset=\"https:\/\/www.studiolegalesenatore.it\/avvocati\/wp-content\/uploads\/2021\/03\/59203996_2440860332593444_5784797064781103104_n-1-300x169.jpg 300w, https:\/\/www.studiolegalesenatore.it\/avvocati\/wp-content\/uploads\/2021\/03\/59203996_2440860332593444_5784797064781103104_n-1-768x432.jpg 768w, https:\/\/www.studiolegalesenatore.it\/avvocati\/wp-content\/uploads\/2021\/03\/59203996_2440860332593444_5784797064781103104_n-1-107x60.jpg 107w, https:\/\/www.studiolegalesenatore.it\/avvocati\/wp-content\/uploads\/2021\/03\/59203996_2440860332593444_5784797064781103104_n-1-840x473.jpg 840w, https:\/\/www.studiolegalesenatore.it\/avvocati\/wp-content\/uploads\/2021\/03\/59203996_2440860332593444_5784797064781103104_n-1-640x360.jpg 640w, https:\/\/www.studiolegalesenatore.it\/avvocati\/wp-content\/uploads\/2021\/03\/59203996_2440860332593444_5784797064781103104_n-1.jpg 960w\" sizes=\"(max-width: 300px) 100vw, 300px\" \/><\/a>\n\t\t\t<\/dt>\n\t\t\t\t<dd class='wp-caption-text gallery-caption' id='gallery-6-1683'>\n\t\t\t\tVito Dibitonto, Michele Grimaldi,  Assuntela Messina, Maria Mennuni e Alessandro Senatore\n\t\t\t\t<\/dd><\/dl><dl class='gallery-item'>\n\t\t\t<dt class='gallery-icon landscape'>\n\t\t\t\t<a href='https:\/\/www.studiolegalesenatore.it\/avvocati\/wp-content\/uploads\/2021\/03\/Barletta_anarchico_senatore.jpg'><img width=\"300\" height=\"169\" src=\"https:\/\/www.studiolegalesenatore.it\/avvocati\/wp-content\/uploads\/2021\/03\/Barletta_anarchico_senatore-300x169.jpg\" class=\"attachment-medium size-medium\" alt=\"\" loading=\"lazy\" aria-describedby=\"gallery-6-1854\" srcset=\"https:\/\/www.studiolegalesenatore.it\/avvocati\/wp-content\/uploads\/2021\/03\/Barletta_anarchico_senatore-300x169.jpg 300w, https:\/\/www.studiolegalesenatore.it\/avvocati\/wp-content\/uploads\/2021\/03\/Barletta_anarchico_senatore-768x432.jpg 768w, https:\/\/www.studiolegalesenatore.it\/avvocati\/wp-content\/uploads\/2021\/03\/Barletta_anarchico_senatore-640x360.jpg 640w, https:\/\/www.studiolegalesenatore.it\/avvocati\/wp-content\/uploads\/2021\/03\/Barletta_anarchico_senatore.jpg 960w\" sizes=\"(max-width: 300px) 100vw, 300px\" \/><\/a>\n\t\t\t<\/dt>\n\t\t\t\t<dd class='wp-caption-text gallery-caption' id='gallery-6-1854'>\n\t\t\t\tVito Dibitonto, Alessandro Senatore e Michele Grimaldi\n\t\t\t\t<\/dd><\/dl><br style=\"clear: both\" \/>\n\t\t<\/div>\n\n<div class=\"su-divider su-divider-style-dashed\" style=\"margin:15px 0;border-width:3px;border-color:#999999\"><\/div>\n<h3 id=\"napolimerqurio\"><strong>Napoli, &#8220;Merqurio&#8221;,\u00a0Sala\u00a0Nassiriya del Consiglio\u00a0Regionale Campania, 8\u00a0febbraio\u00a02019 \u00a0<\/strong><\/h3>\n<p>Anarchico-socialista di famiglia garibaldina, cresciuto in un\u2019atmosfera di grande libert\u00e0, un sognatore divenuto poi un impassibile ed anche cinico protagonista della vita di Cuba. Fu questo Oreste Ferrara, il contraddittorio personaggio protagonista del libro\u00a0<em>L\u2019anarchico elegante<\/em>\u00a0di Alessandro Senatore (Edizioni Guida), che \u00e8 stato presentato l\u20198 febbraio scorso a Napoli, nel corso di un dibattito organizzato dall\u2019Associazione Merqurio, che si \u00e8 tenuto nella sala \u201cNassiriya\u201d del Consiglio regionale della Campania.<\/p>\n<p><a href=\"http:\/\/merqurio.org\/2019\/02\/cuba-tra-ieri-e-oggi-dibattito-sul-libro-lanarchico-elegante\/\">Link di approfondimento<\/a><\/p>\n\n\t\t<style type=\"text\/css\">\n\t\t\t#gallery-7 {\n\t\t\t\tmargin: auto;\n\t\t\t}\n\t\t\t#gallery-7 .gallery-item {\n\t\t\t\tfloat: left;\n\t\t\t\tmargin-top: 10px;\n\t\t\t\ttext-align: center;\n\t\t\t\twidth: 33%;\n\t\t\t}\n\t\t\t#gallery-7 img {\n\t\t\t\tborder: 2px solid #cfcfcf;\n\t\t\t}\n\t\t\t#gallery-7 .gallery-caption {\n\t\t\t\tmargin-left: 0;\n\t\t\t}\n\t\t\t\/* see gallery_shortcode() in wp-includes\/media.php *\/\n\t\t<\/style>\n\t\t<div id='gallery-7' class='gallery galleryid-1514 gallery-columns-3 gallery-size-medium'><dl class='gallery-item'>\n\t\t\t<dt class='gallery-icon landscape'>\n\t\t\t\t<a href='https:\/\/www.studiolegalesenatore.it\/avvocati\/wp-content\/uploads\/2021\/03\/51497673_2310748255604653_1731747718738477056_o-1.jpg'><img width=\"300\" height=\"169\" src=\"https:\/\/www.studiolegalesenatore.it\/avvocati\/wp-content\/uploads\/2021\/03\/51497673_2310748255604653_1731747718738477056_o-1-300x169.jpg\" class=\"attachment-medium size-medium\" alt=\"\" loading=\"lazy\" aria-describedby=\"gallery-7-1682\" srcset=\"https:\/\/www.studiolegalesenatore.it\/avvocati\/wp-content\/uploads\/2021\/03\/51497673_2310748255604653_1731747718738477056_o-1-300x169.jpg 300w, https:\/\/www.studiolegalesenatore.it\/avvocati\/wp-content\/uploads\/2021\/03\/51497673_2310748255604653_1731747718738477056_o-1-1024x576.jpg 1024w, https:\/\/www.studiolegalesenatore.it\/avvocati\/wp-content\/uploads\/2021\/03\/51497673_2310748255604653_1731747718738477056_o-1-768x432.jpg 768w, https:\/\/www.studiolegalesenatore.it\/avvocati\/wp-content\/uploads\/2021\/03\/51497673_2310748255604653_1731747718738477056_o-1-107x60.jpg 107w, https:\/\/www.studiolegalesenatore.it\/avvocati\/wp-content\/uploads\/2021\/03\/51497673_2310748255604653_1731747718738477056_o-1-840x473.jpg 840w, https:\/\/www.studiolegalesenatore.it\/avvocati\/wp-content\/uploads\/2021\/03\/51497673_2310748255604653_1731747718738477056_o-1-640x360.jpg 640w, https:\/\/www.studiolegalesenatore.it\/avvocati\/wp-content\/uploads\/2021\/03\/51497673_2310748255604653_1731747718738477056_o-1.jpg 1080w\" sizes=\"(max-width: 300px) 100vw, 300px\" \/><\/a>\n\t\t\t<\/dt>\n\t\t\t\t<dd class='wp-caption-text gallery-caption' id='gallery-7-1682'>\n\t\t\t\tLocandina\n\t\t\t\t<\/dd><\/dl><dl class='gallery-item'>\n\t\t\t<dt class='gallery-icon landscape'>\n\t\t\t\t<a href='https:\/\/www.studiolegalesenatore.it\/avvocati\/wp-content\/uploads\/2021\/03\/lisett_senator.jpg'><img width=\"300\" height=\"169\" src=\"https:\/\/www.studiolegalesenatore.it\/avvocati\/wp-content\/uploads\/2021\/03\/lisett_senator-300x169.jpg\" class=\"attachment-medium size-medium\" alt=\"\" loading=\"lazy\" aria-describedby=\"gallery-7-1856\" srcset=\"https:\/\/www.studiolegalesenatore.it\/avvocati\/wp-content\/uploads\/2021\/03\/lisett_senator-300x169.jpg 300w, https:\/\/www.studiolegalesenatore.it\/avvocati\/wp-content\/uploads\/2021\/03\/lisett_senator-768x432.jpg 768w, https:\/\/www.studiolegalesenatore.it\/avvocati\/wp-content\/uploads\/2021\/03\/lisett_senator-640x360.jpg 640w, https:\/\/www.studiolegalesenatore.it\/avvocati\/wp-content\/uploads\/2021\/03\/lisett_senator.jpg 960w\" sizes=\"(max-width: 300px) 100vw, 300px\" \/><\/a>\n\t\t\t<\/dt>\n\t\t\t\t<dd class='wp-caption-text gallery-caption' id='gallery-7-1856'>\n\t\t\t\tAlina Narciso, Lisset Arg\u00fcelles, Paola Mazza, Alessandro Senatore e Gianluca Daniele\n\t\t\t\t<\/dd><\/dl><dl class='gallery-item'>\n\t\t\t<dt class='gallery-icon landscape'>\n\t\t\t\t<a href='https:\/\/www.studiolegalesenatore.it\/avvocati\/wp-content\/uploads\/2021\/03\/merqurio_alessandro_senatore-1.jpg'><img width=\"300\" height=\"169\" src=\"https:\/\/www.studiolegalesenatore.it\/avvocati\/wp-content\/uploads\/2021\/03\/merqurio_alessandro_senatore-1-300x169.jpg\" class=\"attachment-medium size-medium\" alt=\"\" loading=\"lazy\" aria-describedby=\"gallery-7-1891\" srcset=\"https:\/\/www.studiolegalesenatore.it\/avvocati\/wp-content\/uploads\/2021\/03\/merqurio_alessandro_senatore-1-300x169.jpg 300w, https:\/\/www.studiolegalesenatore.it\/avvocati\/wp-content\/uploads\/2021\/03\/merqurio_alessandro_senatore-1-768x432.jpg 768w, https:\/\/www.studiolegalesenatore.it\/avvocati\/wp-content\/uploads\/2021\/03\/merqurio_alessandro_senatore-1-640x360.jpg 640w, https:\/\/www.studiolegalesenatore.it\/avvocati\/wp-content\/uploads\/2021\/03\/merqurio_alessandro_senatore-1.jpg 960w\" sizes=\"(max-width: 300px) 100vw, 300px\" \/><\/a>\n\t\t\t<\/dt>\n\t\t\t\t<dd class='wp-caption-text gallery-caption' id='gallery-7-1891'>\n\t\t\t\tAlina Narciso, Lisset Arg\u00fcelles, Paola Mazza, Alessandro Senatore e Gianluca Daniele\n\t\t\t\t<\/dd><\/dl><br style=\"clear: both\" \/>\n\t\t<\/div>\n\n<div class=\"su-divider su-divider-style-dashed\" style=\"margin:15px 0;border-width:3px;border-color:#999999\"><\/div>\n<h3 id=\"ceiccnapoli\"><strong>Napoli, CEICC Europe, Napoli 25 febbraio 2011<\/strong><\/h3>\n<p>Presentazione del libro L&#8217;Anarchico di Elegante di Alessandro Senatore, ne discutono con l&#8217;Autore:\u00a0<strong>Luigi Mascilli Migliorini, Raffaele Porta, Vincenzo Siniscalchi<\/strong><strong class=\"userFormat1\">.\u00a0<\/strong>La presentazione del libro &#8220;L&#8217;Anarchico elegante&#8221; di Alessandro Senatore &#8211; non \u00e8 solo l&#8217;occasione per conoscere e approfondire la figura di una personalit\u00e0 molto interessante quale \u00e8 quella dell&#8217;avvocato napoletano<strong class=\"userFormat1\">\u00a0Oreste Ferrara<\/strong>, protagonista del libro, che ha vissuto e svolto la sua attivit\u00e0 politica nella<strong class=\"userFormat1\">\u00a0Cuba<\/strong>\u00a0liberatasi dalla colonizzazione spagnola. L&#8217;incontro del 25 febbraio intende soprattutto trarre spunto dalla vita di questa personalit\u00e0, per molti versi controversa,\u00a0 per discutere di un fenomeno presente nella pratica politica in ogni tempo: &#8220;il trasformismo&#8221;.<\/p>\n\n\t\t<style type=\"text\/css\">\n\t\t\t#gallery-8 {\n\t\t\t\tmargin: auto;\n\t\t\t}\n\t\t\t#gallery-8 .gallery-item {\n\t\t\t\tfloat: left;\n\t\t\t\tmargin-top: 10px;\n\t\t\t\ttext-align: center;\n\t\t\t\twidth: 33%;\n\t\t\t}\n\t\t\t#gallery-8 img {\n\t\t\t\tborder: 2px solid #cfcfcf;\n\t\t\t}\n\t\t\t#gallery-8 .gallery-caption {\n\t\t\t\tmargin-left: 0;\n\t\t\t}\n\t\t\t\/* see gallery_shortcode() in wp-includes\/media.php *\/\n\t\t<\/style>\n\t\t<div id='gallery-8' class='gallery galleryid-1514 gallery-columns-3 gallery-size-medium'><dl class='gallery-item'>\n\t\t\t<dt class='gallery-icon portrait'>\n\t\t\t\t<a href='https:\/\/www.studiolegalesenatore.it\/avvocati\/wp-content\/uploads\/2021\/03\/Schermata-2021-04-01-alle-00.22.50.png'><img width=\"212\" height=\"300\" src=\"https:\/\/www.studiolegalesenatore.it\/avvocati\/wp-content\/uploads\/2021\/03\/Schermata-2021-04-01-alle-00.22.50-212x300.png\" class=\"attachment-medium size-medium\" alt=\"Locandina\" loading=\"lazy\" srcset=\"https:\/\/www.studiolegalesenatore.it\/avvocati\/wp-content\/uploads\/2021\/03\/Schermata-2021-04-01-alle-00.22.50-212x300.png 212w, https:\/\/www.studiolegalesenatore.it\/avvocati\/wp-content\/uploads\/2021\/03\/Schermata-2021-04-01-alle-00.22.50-768x1085.png 768w, https:\/\/www.studiolegalesenatore.it\/avvocati\/wp-content\/uploads\/2021\/03\/Schermata-2021-04-01-alle-00.22.50-725x1024.png 725w, https:\/\/www.studiolegalesenatore.it\/avvocati\/wp-content\/uploads\/2021\/03\/Schermata-2021-04-01-alle-00.22.50-640x904.png 640w, https:\/\/www.studiolegalesenatore.it\/avvocati\/wp-content\/uploads\/2021\/03\/Schermata-2021-04-01-alle-00.22.50.png 1302w\" sizes=\"(max-width: 212px) 100vw, 212px\" \/><\/a>\n\t\t\t<\/dt><\/dl><dl class='gallery-item'>\n\t\t\t<dt class='gallery-icon landscape'>\n\t\t\t\t<a href='https:\/\/www.studiolegalesenatore.it\/avvocati\/wp-content\/uploads\/2021\/03\/180100_1898724792382_7073143_n.jpeg'><img width=\"300\" height=\"225\" src=\"https:\/\/www.studiolegalesenatore.it\/avvocati\/wp-content\/uploads\/2021\/03\/180100_1898724792382_7073143_n-300x225.jpeg\" class=\"attachment-medium size-medium\" alt=\"\" loading=\"lazy\" aria-describedby=\"gallery-8-1984\" srcset=\"https:\/\/www.studiolegalesenatore.it\/avvocati\/wp-content\/uploads\/2021\/03\/180100_1898724792382_7073143_n-300x225.jpeg 300w, https:\/\/www.studiolegalesenatore.it\/avvocati\/wp-content\/uploads\/2021\/03\/180100_1898724792382_7073143_n-80x60.jpeg 80w, https:\/\/www.studiolegalesenatore.it\/avvocati\/wp-content\/uploads\/2021\/03\/180100_1898724792382_7073143_n-245x184.jpeg 245w, https:\/\/www.studiolegalesenatore.it\/avvocati\/wp-content\/uploads\/2021\/03\/180100_1898724792382_7073143_n-260x195.jpeg 260w, https:\/\/www.studiolegalesenatore.it\/avvocati\/wp-content\/uploads\/2021\/03\/180100_1898724792382_7073143_n-640x480.jpeg 640w, https:\/\/www.studiolegalesenatore.it\/avvocati\/wp-content\/uploads\/2021\/03\/180100_1898724792382_7073143_n.jpeg 720w\" sizes=\"(max-width: 300px) 100vw, 300px\" \/><\/a>\n\t\t\t<\/dt>\n\t\t\t\t<dd class='wp-caption-text gallery-caption' id='gallery-8-1984'>\n\t\t\t\tLuigi Mussilli Migliorini, Lello Porta,Alessandro Senatore e Vincenzo Siniscalchi\n\t\t\t\t<\/dd><\/dl><dl class='gallery-item'>\n\t\t\t<dt class='gallery-icon landscape'>\n\t\t\t\t<a href='https:\/\/www.studiolegalesenatore.it\/avvocati\/wp-content\/uploads\/2021\/03\/184290_1898724552376_4827813_n.jpeg'><img width=\"300\" height=\"225\" src=\"https:\/\/www.studiolegalesenatore.it\/avvocati\/wp-content\/uploads\/2021\/03\/184290_1898724552376_4827813_n-300x225.jpeg\" class=\"attachment-medium size-medium\" alt=\"\" loading=\"lazy\" aria-describedby=\"gallery-8-1986\" srcset=\"https:\/\/www.studiolegalesenatore.it\/avvocati\/wp-content\/uploads\/2021\/03\/184290_1898724552376_4827813_n-300x225.jpeg 300w, https:\/\/www.studiolegalesenatore.it\/avvocati\/wp-content\/uploads\/2021\/03\/184290_1898724552376_4827813_n-80x60.jpeg 80w, https:\/\/www.studiolegalesenatore.it\/avvocati\/wp-content\/uploads\/2021\/03\/184290_1898724552376_4827813_n-245x184.jpeg 245w, https:\/\/www.studiolegalesenatore.it\/avvocati\/wp-content\/uploads\/2021\/03\/184290_1898724552376_4827813_n-260x195.jpeg 260w, https:\/\/www.studiolegalesenatore.it\/avvocati\/wp-content\/uploads\/2021\/03\/184290_1898724552376_4827813_n-640x480.jpeg 640w, https:\/\/www.studiolegalesenatore.it\/avvocati\/wp-content\/uploads\/2021\/03\/184290_1898724552376_4827813_n.jpeg 720w\" sizes=\"(max-width: 300px) 100vw, 300px\" \/><\/a>\n\t\t\t<\/dt>\n\t\t\t\t<dd class='wp-caption-text gallery-caption' id='gallery-8-1986'>\n\t\t\t\tAlessandro Senatore Autore de L&#8217;Anarchico elegante e l&#8217;onorevole V. Siniscalchi ieri a napoli per un incontro su politica e scrittura \n\t\t\t\t<\/dd><\/dl><br style=\"clear: both\" \/>\n\t\t<\/div>\n\n<div class=\"su-spoiler su-spoiler-style-fancy su-spoiler-icon-plus su-spoiler-closed\" data-scroll-offset=\"0\" data-anchor-in-url=\"no\"><div class=\"su-spoiler-title\" tabindex=\"0\" role=\"button\"><span class=\"su-spoiler-icon\"><\/span>Visualizza la galleria<\/div><div class=\"su-spoiler-content su-u-clearfix su-u-trim\">\n\n\t\t<style type=\"text\/css\">\n\t\t\t#gallery-9 {\n\t\t\t\tmargin: auto;\n\t\t\t}\n\t\t\t#gallery-9 .gallery-item {\n\t\t\t\tfloat: left;\n\t\t\t\tmargin-top: 10px;\n\t\t\t\ttext-align: center;\n\t\t\t\twidth: 33%;\n\t\t\t}\n\t\t\t#gallery-9 img {\n\t\t\t\tborder: 2px solid #cfcfcf;\n\t\t\t}\n\t\t\t#gallery-9 .gallery-caption {\n\t\t\t\tmargin-left: 0;\n\t\t\t}\n\t\t\t\/* see gallery_shortcode() in wp-includes\/media.php *\/\n\t\t<\/style>\n\t\t<div id='gallery-9' class='gallery galleryid-1514 gallery-columns-3 gallery-size-medium'><dl class='gallery-item'>\n\t\t\t<dt class='gallery-icon landscape'>\n\t\t\t\t<a href='https:\/\/www.studiolegalesenatore.it\/avvocati\/wp-content\/uploads\/2021\/03\/180084_1898724912385_5215579_n.jpeg'><img width=\"300\" height=\"225\" src=\"https:\/\/www.studiolegalesenatore.it\/avvocati\/wp-content\/uploads\/2021\/03\/180084_1898724912385_5215579_n-300x225.jpeg\" class=\"attachment-medium size-medium\" alt=\"\" loading=\"lazy\" aria-describedby=\"gallery-9-1985\" srcset=\"https:\/\/www.studiolegalesenatore.it\/avvocati\/wp-content\/uploads\/2021\/03\/180084_1898724912385_5215579_n-300x225.jpeg 300w, https:\/\/www.studiolegalesenatore.it\/avvocati\/wp-content\/uploads\/2021\/03\/180084_1898724912385_5215579_n-80x60.jpeg 80w, https:\/\/www.studiolegalesenatore.it\/avvocati\/wp-content\/uploads\/2021\/03\/180084_1898724912385_5215579_n-245x184.jpeg 245w, https:\/\/www.studiolegalesenatore.it\/avvocati\/wp-content\/uploads\/2021\/03\/180084_1898724912385_5215579_n-260x195.jpeg 260w, https:\/\/www.studiolegalesenatore.it\/avvocati\/wp-content\/uploads\/2021\/03\/180084_1898724912385_5215579_n-640x480.jpeg 640w, https:\/\/www.studiolegalesenatore.it\/avvocati\/wp-content\/uploads\/2021\/03\/180084_1898724912385_5215579_n.jpeg 720w\" sizes=\"(max-width: 300px) 100vw, 300px\" \/><\/a>\n\t\t\t<\/dt>\n\t\t\t\t<dd class='wp-caption-text gallery-caption' id='gallery-9-1985'>\n\t\t\t\tA via partenope con senatore e siniscalchi\n\t\t\t\t<\/dd><\/dl>\n\t\t\t<br style='clear: both' \/>\n\t\t<\/div>\n\n<p><em>\u00a0<\/em><\/div><\/div>\n<div class=\"su-divider su-divider-style-dashed\" style=\"margin:15px 0;border-width:3px;border-color:#999999\"><\/div>\n<h3 id=\"premiosorrento\"><strong>Sorrento, Premio Sorrento, 3 ottobre 2010<\/strong><\/h3>\n<p>Nel pomeriggio del\u00a003-10-2010, si \u00e8 tenuta la presentazione de \u00abL\u2019anarchico elegante\u00bb, il libro in cui Alessandro Senatore delinea un ritratto dell\u2019avvocato e diplomatico napoletano Oreste Ferrara. A seguire consegna del premio all\u2019Avv. Alessandro Senatore.<\/p>\n<p><a href=\"http:\/\/www.studiolegalesenatore.it\/avvocati\/premio-sorrento-2\/\">Link di approfondimento<\/a><\/p>\n\n\t\t<style type=\"text\/css\">\n\t\t\t#gallery-10 {\n\t\t\t\tmargin: auto;\n\t\t\t}\n\t\t\t#gallery-10 .gallery-item {\n\t\t\t\tfloat: left;\n\t\t\t\tmargin-top: 10px;\n\t\t\t\ttext-align: center;\n\t\t\t\twidth: 33%;\n\t\t\t}\n\t\t\t#gallery-10 img {\n\t\t\t\tborder: 2px solid #cfcfcf;\n\t\t\t}\n\t\t\t#gallery-10 .gallery-caption {\n\t\t\t\tmargin-left: 0;\n\t\t\t}\n\t\t\t\/* see gallery_shortcode() in wp-includes\/media.php *\/\n\t\t<\/style>\n\t\t<div id='gallery-10' class='gallery galleryid-1514 gallery-columns-3 gallery-size-medium'><dl class='gallery-item'>\n\t\t\t<dt class='gallery-icon portrait'>\n\t\t\t\t<a href='https:\/\/www.studiolegalesenatore.it\/avvocati\/wp-content\/uploads\/2021\/03\/62519_162294623783371_3674815_n-1.jpg'><img width=\"205\" height=\"300\" src=\"https:\/\/www.studiolegalesenatore.it\/avvocati\/wp-content\/uploads\/2021\/03\/62519_162294623783371_3674815_n-1-205x300.jpg\" class=\"attachment-medium size-medium\" alt=\"\" loading=\"lazy\" aria-describedby=\"gallery-10-1679\" srcset=\"https:\/\/www.studiolegalesenatore.it\/avvocati\/wp-content\/uploads\/2021\/03\/62519_162294623783371_3674815_n-1-205x300.jpg 205w, https:\/\/www.studiolegalesenatore.it\/avvocati\/wp-content\/uploads\/2021\/03\/62519_162294623783371_3674815_n-1-41x60.jpg 41w, https:\/\/www.studiolegalesenatore.it\/avvocati\/wp-content\/uploads\/2021\/03\/62519_162294623783371_3674815_n-1.jpg 492w\" sizes=\"(max-width: 205px) 100vw, 205px\" \/><\/a>\n\t\t\t<\/dt>\n\t\t\t\t<dd class='wp-caption-text gallery-caption' id='gallery-10-1679'>\n\t\t\t\tLocandina Premio Sorrento\n\t\t\t\t<\/dd><\/dl><dl class='gallery-item'>\n\t\t\t<dt class='gallery-icon landscape'>\n\t\t\t\t<a href='https:\/\/www.studiolegalesenatore.it\/avvocati\/wp-content\/uploads\/2021\/03\/imgs3.jpg'><img width=\"300\" height=\"200\" src=\"https:\/\/www.studiolegalesenatore.it\/avvocati\/wp-content\/uploads\/2021\/03\/imgs3-300x200.jpg\" class=\"attachment-medium size-medium\" alt=\"\" loading=\"lazy\" aria-describedby=\"gallery-10-1930\" srcset=\"https:\/\/www.studiolegalesenatore.it\/avvocati\/wp-content\/uploads\/2021\/03\/imgs3-300x200.jpg 300w, https:\/\/www.studiolegalesenatore.it\/avvocati\/wp-content\/uploads\/2021\/03\/imgs3.jpg 640w\" sizes=\"(max-width: 300px) 100vw, 300px\" \/><\/a>\n\t\t\t<\/dt>\n\t\t\t\t<dd class='wp-caption-text gallery-caption' id='gallery-10-1930'>\n\t\t\t\tFoto di gruppo con Oreste Ferrara\n\t\t\t\t<\/dd><\/dl><dl class='gallery-item'>\n\t\t\t<dt class='gallery-icon landscape'>\n\t\t\t\t<a href='https:\/\/www.studiolegalesenatore.it\/avvocati\/wp-content\/uploads\/2021\/03\/51.jpeg'><img width=\"300\" height=\"200\" src=\"https:\/\/www.studiolegalesenatore.it\/avvocati\/wp-content\/uploads\/2021\/03\/51-300x200.jpeg\" class=\"attachment-medium size-medium\" alt=\"\" loading=\"lazy\" aria-describedby=\"gallery-10-1609\" srcset=\"https:\/\/www.studiolegalesenatore.it\/avvocati\/wp-content\/uploads\/2021\/03\/51-300x200.jpeg 300w, https:\/\/www.studiolegalesenatore.it\/avvocati\/wp-content\/uploads\/2021\/03\/51-360x240.jpeg 360w, https:\/\/www.studiolegalesenatore.it\/avvocati\/wp-content\/uploads\/2021\/03\/51-600x400.jpeg 600w, https:\/\/www.studiolegalesenatore.it\/avvocati\/wp-content\/uploads\/2021\/03\/51-90x60.jpeg 90w, https:\/\/www.studiolegalesenatore.it\/avvocati\/wp-content\/uploads\/2021\/03\/51-420x280.jpeg 420w, https:\/\/www.studiolegalesenatore.it\/avvocati\/wp-content\/uploads\/2021\/03\/51-640x427.jpeg 640w, https:\/\/www.studiolegalesenatore.it\/avvocati\/wp-content\/uploads\/2021\/03\/51.jpeg 720w\" sizes=\"(max-width: 300px) 100vw, 300px\" \/><\/a>\n\t\t\t<\/dt>\n\t\t\t\t<dd class='wp-caption-text gallery-caption' id='gallery-10-1609'>\n\t\t\t\tAlessandro Senatore ritira il premio citt\u00e0 di Sorrento da Patrizio Rispo\n\t\t\t\t<\/dd><\/dl><br style=\"clear: both\" \/>\n\t\t<\/div>\n\n<div class=\"su-spoiler su-spoiler-style-fancy su-spoiler-icon-plus su-spoiler-closed\" data-scroll-offset=\"0\" data-anchor-in-url=\"no\"><div class=\"su-spoiler-title\" tabindex=\"0\" role=\"button\"><span class=\"su-spoiler-icon\"><\/span>Visualizza la galleria<\/div><div class=\"su-spoiler-content su-u-clearfix su-u-trim\">\n\n\t\t<style type=\"text\/css\">\n\t\t\t#gallery-11 {\n\t\t\t\tmargin: auto;\n\t\t\t}\n\t\t\t#gallery-11 .gallery-item {\n\t\t\t\tfloat: left;\n\t\t\t\tmargin-top: 10px;\n\t\t\t\ttext-align: center;\n\t\t\t\twidth: 33%;\n\t\t\t}\n\t\t\t#gallery-11 img {\n\t\t\t\tborder: 2px solid #cfcfcf;\n\t\t\t}\n\t\t\t#gallery-11 .gallery-caption {\n\t\t\t\tmargin-left: 0;\n\t\t\t}\n\t\t\t\/* see gallery_shortcode() in wp-includes\/media.php *\/\n\t\t<\/style>\n\t\t<div id='gallery-11' class='gallery galleryid-1514 gallery-columns-3 gallery-size-medium'><dl class='gallery-item'>\n\t\t\t<dt class='gallery-icon landscape'>\n\t\t\t\t<a href='https:\/\/www.studiolegalesenatore.it\/avvocati\/wp-content\/uploads\/2015\/08\/91.jpg'><img width=\"300\" height=\"200\" src=\"https:\/\/www.studiolegalesenatore.it\/avvocati\/wp-content\/uploads\/2015\/08\/91-300x200.jpg\" class=\"attachment-medium size-medium\" alt=\"\" loading=\"lazy\" aria-describedby=\"gallery-11-213\" srcset=\"https:\/\/www.studiolegalesenatore.it\/avvocati\/wp-content\/uploads\/2015\/08\/91-300x200.jpg 300w, https:\/\/www.studiolegalesenatore.it\/avvocati\/wp-content\/uploads\/2015\/08\/91-360x240.jpg 360w, https:\/\/www.studiolegalesenatore.it\/avvocati\/wp-content\/uploads\/2015\/08\/91-600x400.jpg 600w, https:\/\/www.studiolegalesenatore.it\/avvocati\/wp-content\/uploads\/2015\/08\/91-90x60.jpg 90w, https:\/\/www.studiolegalesenatore.it\/avvocati\/wp-content\/uploads\/2015\/08\/91-420x280.jpg 420w, https:\/\/www.studiolegalesenatore.it\/avvocati\/wp-content\/uploads\/2015\/08\/91-640x427.jpg 640w, https:\/\/www.studiolegalesenatore.it\/avvocati\/wp-content\/uploads\/2015\/08\/91.jpg 720w\" sizes=\"(max-width: 300px) 100vw, 300px\" \/><\/a>\n\t\t\t<\/dt>\n\t\t\t\t<dd class='wp-caption-text gallery-caption' id='gallery-11-213'>\n\t\t\t\tCinzia Cerrachio e Aldo De Chiara\n\t\t\t\t<\/dd><\/dl><dl class='gallery-item'>\n\t\t\t<dt class='gallery-icon landscape'>\n\t\t\t\t<a href='https:\/\/www.studiolegalesenatore.it\/avvocati\/wp-content\/uploads\/2015\/08\/22.jpg'><img width=\"300\" height=\"200\" src=\"https:\/\/www.studiolegalesenatore.it\/avvocati\/wp-content\/uploads\/2015\/08\/22-300x200.jpg\" class=\"attachment-medium size-medium\" alt=\"\" loading=\"lazy\" aria-describedby=\"gallery-11-215\" srcset=\"https:\/\/www.studiolegalesenatore.it\/avvocati\/wp-content\/uploads\/2015\/08\/22-300x200.jpg 300w, https:\/\/www.studiolegalesenatore.it\/avvocati\/wp-content\/uploads\/2015\/08\/22-360x240.jpg 360w, https:\/\/www.studiolegalesenatore.it\/avvocati\/wp-content\/uploads\/2015\/08\/22-600x400.jpg 600w, https:\/\/www.studiolegalesenatore.it\/avvocati\/wp-content\/uploads\/2015\/08\/22-90x60.jpg 90w, https:\/\/www.studiolegalesenatore.it\/avvocati\/wp-content\/uploads\/2015\/08\/22-420x280.jpg 420w, https:\/\/www.studiolegalesenatore.it\/avvocati\/wp-content\/uploads\/2015\/08\/22-640x427.jpg 640w, https:\/\/www.studiolegalesenatore.it\/avvocati\/wp-content\/uploads\/2015\/08\/22.jpg 720w\" sizes=\"(max-width: 300px) 100vw, 300px\" \/><\/a>\n\t\t\t<\/dt>\n\t\t\t\t<dd class='wp-caption-text gallery-caption' id='gallery-11-215'>\n\t\t\t\tGino Rivieccio ritira il premio citt\u00e0 di Sorrento da Zaira de Felice e Patrizio Rispo\n\t\t\t\t<\/dd><\/dl>\n\t\t\t<br style='clear: both' \/>\n\t\t<\/div>\n\n<p><em>\u00a0<\/em><\/div><\/div>\n<div class=\"su-divider su-divider-style-dashed\" style=\"margin:15px 0;border-width:3px;border-color:#999999\"><\/div>\n<h3><\/h3>\n<h3 id=\"torinolingotto\"><strong>Torino, Lingotto, Salone internazionale del Libro di Torino,14 maggio 2010\u00a0<\/strong><\/h3>\n<p>Nel pomeriggio del\u00a003-10-2010, si \u00e8 tenuto il dibattito sui diritti dei consumatori in Italia e nei Paesi del Mediterraneo, con gli interventi di Luigi Cioffi, coordinatore dei giudici di pace di Sorrento, e dell\u2019avvocato del foro di Napoli Roberto Giovene di Girasole. A seguire, presentazione de \u00abL\u2019anarchico elegante\u00bb, il libro in cui Alessandro Senatore delinea un ritratto dell\u2019avvocato e diplomatico napoletano Oreste Ferrara. A seguire consegna del premio all\u2019Avv. Alessandro Senatore.<\/p>\n\n\t\t<style type=\"text\/css\">\n\t\t\t#gallery-12 {\n\t\t\t\tmargin: auto;\n\t\t\t}\n\t\t\t#gallery-12 .gallery-item {\n\t\t\t\tfloat: left;\n\t\t\t\tmargin-top: 10px;\n\t\t\t\ttext-align: center;\n\t\t\t\twidth: 33%;\n\t\t\t}\n\t\t\t#gallery-12 img {\n\t\t\t\tborder: 2px solid #cfcfcf;\n\t\t\t}\n\t\t\t#gallery-12 .gallery-caption {\n\t\t\t\tmargin-left: 0;\n\t\t\t}\n\t\t\t\/* see gallery_shortcode() in wp-includes\/media.php *\/\n\t\t<\/style>\n\t\t<div id='gallery-12' class='gallery galleryid-1514 gallery-columns-3 gallery-size-medium'><dl class='gallery-item'>\n\t\t\t<dt class='gallery-icon landscape'>\n\t\t\t\t<a href='https:\/\/www.studiolegalesenatore.it\/avvocati\/wp-content\/uploads\/2021\/03\/fiera-del-libro-torino-_16-maggio-2010-presentazione-del-libro.jpg'><img width=\"300\" height=\"199\" src=\"https:\/\/www.studiolegalesenatore.it\/avvocati\/wp-content\/uploads\/2021\/03\/fiera-del-libro-torino-_16-maggio-2010-presentazione-del-libro-300x199.jpg\" class=\"attachment-medium size-medium\" alt=\"\" loading=\"lazy\" aria-describedby=\"gallery-12-1619\" srcset=\"https:\/\/www.studiolegalesenatore.it\/avvocati\/wp-content\/uploads\/2021\/03\/fiera-del-libro-torino-_16-maggio-2010-presentazione-del-libro-300x199.jpg 300w, https:\/\/www.studiolegalesenatore.it\/avvocati\/wp-content\/uploads\/2021\/03\/fiera-del-libro-torino-_16-maggio-2010-presentazione-del-libro-360x240.jpg 360w, https:\/\/www.studiolegalesenatore.it\/avvocati\/wp-content\/uploads\/2021\/03\/fiera-del-libro-torino-_16-maggio-2010-presentazione-del-libro-600x400.jpg 600w, https:\/\/www.studiolegalesenatore.it\/avvocati\/wp-content\/uploads\/2021\/03\/fiera-del-libro-torino-_16-maggio-2010-presentazione-del-libro-90x60.jpg 90w, https:\/\/www.studiolegalesenatore.it\/avvocati\/wp-content\/uploads\/2021\/03\/fiera-del-libro-torino-_16-maggio-2010-presentazione-del-libro-420x280.jpg 420w, https:\/\/www.studiolegalesenatore.it\/avvocati\/wp-content\/uploads\/2021\/03\/fiera-del-libro-torino-_16-maggio-2010-presentazione-del-libro-640x425.jpg 640w, https:\/\/www.studiolegalesenatore.it\/avvocati\/wp-content\/uploads\/2021\/03\/fiera-del-libro-torino-_16-maggio-2010-presentazione-del-libro.jpg 720w\" sizes=\"(max-width: 300px) 100vw, 300px\" \/><\/a>\n\t\t\t<\/dt>\n\t\t\t\t<dd class='wp-caption-text gallery-caption' id='gallery-12-1619'>\n\t\t\t\tFiera del libro Torino\n\t\t\t\t<\/dd><\/dl><dl class='gallery-item'>\n\t\t\t<dt class='gallery-icon landscape'>\n\t\t\t\t<a href='https:\/\/www.studiolegalesenatore.it\/avvocati\/wp-content\/uploads\/2021\/03\/torino_ezio_Ghidini_Citro-1.jpg'><img width=\"300\" height=\"199\" src=\"https:\/\/www.studiolegalesenatore.it\/avvocati\/wp-content\/uploads\/2021\/03\/torino_ezio_Ghidini_Citro-1-300x199.jpg\" class=\"attachment-medium size-medium\" alt=\"\" loading=\"lazy\" aria-describedby=\"gallery-12-1620\" srcset=\"https:\/\/www.studiolegalesenatore.it\/avvocati\/wp-content\/uploads\/2021\/03\/torino_ezio_Ghidini_Citro-1-300x199.jpg 300w, https:\/\/www.studiolegalesenatore.it\/avvocati\/wp-content\/uploads\/2021\/03\/torino_ezio_Ghidini_Citro-1-360x240.jpg 360w, https:\/\/www.studiolegalesenatore.it\/avvocati\/wp-content\/uploads\/2021\/03\/torino_ezio_Ghidini_Citro-1-600x400.jpg 600w, https:\/\/www.studiolegalesenatore.it\/avvocati\/wp-content\/uploads\/2021\/03\/torino_ezio_Ghidini_Citro-1-90x60.jpg 90w, https:\/\/www.studiolegalesenatore.it\/avvocati\/wp-content\/uploads\/2021\/03\/torino_ezio_Ghidini_Citro-1-420x280.jpg 420w, https:\/\/www.studiolegalesenatore.it\/avvocati\/wp-content\/uploads\/2021\/03\/torino_ezio_Ghidini_Citro-1-640x425.jpg 640w, https:\/\/www.studiolegalesenatore.it\/avvocati\/wp-content\/uploads\/2021\/03\/torino_ezio_Ghidini_Citro-1.jpg 720w\" sizes=\"(max-width: 300px) 100vw, 300px\" \/><\/a>\n\t\t\t<\/dt>\n\t\t\t\t<dd class='wp-caption-text gallery-caption' id='gallery-12-1620'>\n\t\t\t\tEzio Ghidini e Alessandro Senatore \n\t\t\t\t<\/dd><\/dl><dl class='gallery-item'>\n\t\t\t<dt class='gallery-icon landscape'>\n\t\t\t\t<a href='https:\/\/www.studiolegalesenatore.it\/avvocati\/wp-content\/uploads\/2021\/03\/torino_senatore_anarchico_fiera.jpg'><img width=\"300\" height=\"199\" src=\"https:\/\/www.studiolegalesenatore.it\/avvocati\/wp-content\/uploads\/2021\/03\/torino_senatore_anarchico_fiera-300x199.jpg\" class=\"attachment-medium size-medium\" alt=\"\" loading=\"lazy\" aria-describedby=\"gallery-12-1852\" srcset=\"https:\/\/www.studiolegalesenatore.it\/avvocati\/wp-content\/uploads\/2021\/03\/torino_senatore_anarchico_fiera-300x199.jpg 300w, https:\/\/www.studiolegalesenatore.it\/avvocati\/wp-content\/uploads\/2021\/03\/torino_senatore_anarchico_fiera.jpg 640w\" sizes=\"(max-width: 300px) 100vw, 300px\" \/><\/a>\n\t\t\t<\/dt>\n\t\t\t\t<dd class='wp-caption-text gallery-caption' id='gallery-12-1852'>\n\t\t\t\tMarco Gobetti e Alessandro Senatore\n\t\t\t\t<\/dd><\/dl><br style=\"clear: both\" \/>\n\t\t<\/div>\n\n<div class=\"su-divider su-divider-style-dashed\" style=\"margin:15px 0;border-width:3px;border-color:#999999\"><\/div>\n<p>&nbsp;<\/p>\n<h3 id=\"romaiila\"><strong>Roma, IILA\u00a0(Istituto Italo Latino Americano), Palazzo Santacroce,\u00a016\u00a0marzo 2010<\/strong><\/h3>\n<p>In collaborazione con l\u2019<strong>Ambasciata di Cuba<\/strong>, verr\u00e0 presentato marted\u00ec 16 marzo alle 18 a Roma nella sede dell\u2019<strong>\u00a0IILA<\/strong>,\u00a0<strong>Istituto Italo Latino Americano\u00a0<\/strong>(Palazzo Santacroce, piazza Benedetto Cairoli n. 3) il volume \u201c<em><strong>L\u2019Anarchico elegante<\/strong><\/em>\u201d di Alessandro Senatore, avvocato e presidente dell\u2019Istituto Italia-Cuba.<\/p>\n<p><a href=\"http:\/\/www.eclipse-magazine.it\/cultura\/letteratura\/concorsi-ed-eventi-letterari\/alessandro-senatore-qlanarchico-eleganteq.html\">Link di approfondimento<\/a><\/p>\n\n\t\t<style type=\"text\/css\">\n\t\t\t#gallery-13 {\n\t\t\t\tmargin: auto;\n\t\t\t}\n\t\t\t#gallery-13 .gallery-item {\n\t\t\t\tfloat: left;\n\t\t\t\tmargin-top: 10px;\n\t\t\t\ttext-align: center;\n\t\t\t\twidth: 33%;\n\t\t\t}\n\t\t\t#gallery-13 img {\n\t\t\t\tborder: 2px solid #cfcfcf;\n\t\t\t}\n\t\t\t#gallery-13 .gallery-caption {\n\t\t\t\tmargin-left: 0;\n\t\t\t}\n\t\t\t\/* see gallery_shortcode() in wp-includes\/media.php *\/\n\t\t<\/style>\n\t\t<div id='gallery-13' class='gallery galleryid-1514 gallery-columns-3 gallery-size-medium'><dl class='gallery-item'>\n\t\t\t<dt class='gallery-icon portrait'>\n\t\t\t\t<a href='https:\/\/www.studiolegalesenatore.it\/avvocati\/wp-content\/uploads\/2021\/03\/senarore_elegante-219x300.jpeg'><img width=\"219\" height=\"300\" src=\"https:\/\/www.studiolegalesenatore.it\/avvocati\/wp-content\/uploads\/2021\/03\/senarore_elegante-219x300-219x300.jpeg\" class=\"attachment-medium size-medium\" alt=\"\" loading=\"lazy\" aria-describedby=\"gallery-13-1584\" srcset=\"https:\/\/www.studiolegalesenatore.it\/avvocati\/wp-content\/uploads\/2021\/03\/senarore_elegante-219x300.jpeg 219w, https:\/\/www.studiolegalesenatore.it\/avvocati\/wp-content\/uploads\/2021\/03\/senarore_elegante-219x300-44x60.jpeg 44w\" sizes=\"(max-width: 219px) 100vw, 219px\" \/><\/a>\n\t\t\t<\/dt>\n\t\t\t\t<dd class='wp-caption-text gallery-caption' id='gallery-13-1584'>\n\t\t\t\tPrima edizione Anarchico Elegante\n\t\t\t\t<\/dd><\/dl><dl class='gallery-item'>\n\t\t\t<dt class='gallery-icon portrait'>\n\t\t\t\t<a href='https:\/\/www.studiolegalesenatore.it\/avvocati\/wp-content\/uploads\/2021\/03\/ferraras.jpg'><img width=\"228\" height=\"300\" src=\"https:\/\/www.studiolegalesenatore.it\/avvocati\/wp-content\/uploads\/2021\/03\/ferraras-228x300.jpg\" class=\"attachment-medium size-medium\" alt=\"\" loading=\"lazy\" aria-describedby=\"gallery-13-1875\" srcset=\"https:\/\/www.studiolegalesenatore.it\/avvocati\/wp-content\/uploads\/2021\/03\/ferraras-228x300.jpg 228w, https:\/\/www.studiolegalesenatore.it\/avvocati\/wp-content\/uploads\/2021\/03\/ferraras.jpg 276w\" sizes=\"(max-width: 228px) 100vw, 228px\" \/><\/a>\n\t\t\t<\/dt>\n\t\t\t\t<dd class='wp-caption-text gallery-caption' id='gallery-13-1875'>\n\t\t\t\tRitratto Fotografico di Oreste Ferrara\n\t\t\t\t<\/dd><\/dl><dl class='gallery-item'>\n\t\t\t<dt class='gallery-icon landscape'>\n\t\t\t\t<a href='https:\/\/www.studiolegalesenatore.it\/avvocati\/wp-content\/uploads\/2021\/03\/Schermata-2021-03-19-alle-00.01.48.png'><img width=\"300\" height=\"225\" src=\"https:\/\/www.studiolegalesenatore.it\/avvocati\/wp-content\/uploads\/2021\/03\/Schermata-2021-03-19-alle-00.01.48-300x225.png\" class=\"attachment-medium size-medium\" alt=\"\" loading=\"lazy\" aria-describedby=\"gallery-13-1813\" srcset=\"https:\/\/www.studiolegalesenatore.it\/avvocati\/wp-content\/uploads\/2021\/03\/Schermata-2021-03-19-alle-00.01.48-300x225.png 300w, https:\/\/www.studiolegalesenatore.it\/avvocati\/wp-content\/uploads\/2021\/03\/Schermata-2021-03-19-alle-00.01.48-768x577.png 768w, https:\/\/www.studiolegalesenatore.it\/avvocati\/wp-content\/uploads\/2021\/03\/Schermata-2021-03-19-alle-00.01.48-1024x769.png 1024w, https:\/\/www.studiolegalesenatore.it\/avvocati\/wp-content\/uploads\/2021\/03\/Schermata-2021-03-19-alle-00.01.48-80x60.png 80w, https:\/\/www.studiolegalesenatore.it\/avvocati\/wp-content\/uploads\/2021\/03\/Schermata-2021-03-19-alle-00.01.48-245x184.png 245w, https:\/\/www.studiolegalesenatore.it\/avvocati\/wp-content\/uploads\/2021\/03\/Schermata-2021-03-19-alle-00.01.48-260x195.png 260w, https:\/\/www.studiolegalesenatore.it\/avvocati\/wp-content\/uploads\/2021\/03\/Schermata-2021-03-19-alle-00.01.48-640x481.png 640w, https:\/\/www.studiolegalesenatore.it\/avvocati\/wp-content\/uploads\/2021\/03\/Schermata-2021-03-19-alle-00.01.48.png 1424w\" sizes=\"(max-width: 300px) 100vw, 300px\" \/><\/a>\n\t\t\t<\/dt>\n\t\t\t\t<dd class='wp-caption-text gallery-caption' id='gallery-13-1813'>\n\t\t\t\tPalazzo Santacroce\n\t\t\t\t<\/dd><\/dl><br style=\"clear: both\" \/>\n\t\t<\/div>\n\n<div class=\"su-divider su-divider-style-dashed\" style=\"margin:15px 0;border-width:3px;border-color:#999999\"><\/div>\n<h3 id=\"giambattistaviconapoli\"><strong>\u00a0<\/strong><strong>Napoli, Giambattista Vico, 15 Marzo 2010<\/strong><\/h3>\n<div dir=\"auto\">Questa foto ricorda uno dei momenti pi\u00f9 belli della mia vita.<\/div>\n<div dir=\"auto\">Fu scattata sei anni fa nell&#8217;aula di scienze del liceo Vico, al termine della presentazione del mio libro &#8220;l&#8217;anarchico elegante&#8221;.<\/div>\n<div dir=\"auto\">L&#8217;avv. Franzo Grande Stevens mi fece l&#8217;onore di venire appositamente da Torino per commentarlo e tenne un approfondito intervento di elogio del libro e della figura di Oreste Ferrara. Emozionante fu il ricordo dei suoi anni di scuola, trascorsi proprio al Vico, e l&#8217;elogio dei suoi professori, prima tra tutti la professoressa Arcuno.<\/div>\n<div dir=\"auto\">Anche il dr Lello Marino fece un ottimo intervento sul libro, elogiandone la scrittura.<\/div>\n<div dir=\"auto\">Per me fu ancora pi\u00f9 emozionante perch\u00e8 quella presentazione si tenne nell&#8217;aula magna di quello che era stato il mio liceo, alla presenza di amici e tanti studenti, tra i quali c&#8217;erano anche i miei figli Marco e Claudia, che al tempo frequentavano il Vico e di mia moglie Giovanna, che fu mia compagna di banco.<\/div>\n<div dir=\"auto\">Nella foto ci sono tanti amici carissimi amici ex studenti del Vico ma il mio pensiero va a due amici che purtroppo ci hanno lasciato: l&#8217;indimenticabile Prof. Vincenzo Scirocco, che volle fortemente quell&#8217;evento e Diego Peduto, mio carissimo amico<\/div>\n<p>&nbsp;<\/p>\n\n\t\t<style type=\"text\/css\">\n\t\t\t#gallery-14 {\n\t\t\t\tmargin: auto;\n\t\t\t}\n\t\t\t#gallery-14 .gallery-item {\n\t\t\t\tfloat: left;\n\t\t\t\tmargin-top: 10px;\n\t\t\t\ttext-align: center;\n\t\t\t\twidth: 33%;\n\t\t\t}\n\t\t\t#gallery-14 img {\n\t\t\t\tborder: 2px solid #cfcfcf;\n\t\t\t}\n\t\t\t#gallery-14 .gallery-caption {\n\t\t\t\tmargin-left: 0;\n\t\t\t}\n\t\t\t\/* see gallery_shortcode() in wp-includes\/media.php *\/\n\t\t<\/style>\n\t\t<div id='gallery-14' class='gallery galleryid-1514 gallery-columns-3 gallery-size-medium'><dl class='gallery-item'>\n\t\t\t<dt class='gallery-icon landscape'>\n\t\t\t\t<a href='https:\/\/www.studiolegalesenatore.it\/avvocati\/wp-content\/uploads\/2021\/03\/liceo-gianbattista-vico.jpg'><img width=\"300\" height=\"199\" src=\"https:\/\/www.studiolegalesenatore.it\/avvocati\/wp-content\/uploads\/2021\/03\/liceo-gianbattista-vico-300x199.jpg\" class=\"attachment-medium size-medium\" alt=\"\" loading=\"lazy\" aria-describedby=\"gallery-14-1850\" srcset=\"https:\/\/www.studiolegalesenatore.it\/avvocati\/wp-content\/uploads\/2021\/03\/liceo-gianbattista-vico-300x199.jpg 300w, https:\/\/www.studiolegalesenatore.it\/avvocati\/wp-content\/uploads\/2021\/03\/liceo-gianbattista-vico-640x425.jpg 640w, https:\/\/www.studiolegalesenatore.it\/avvocati\/wp-content\/uploads\/2021\/03\/liceo-gianbattista-vico.jpg 720w\" sizes=\"(max-width: 300px) 100vw, 300px\" \/><\/a>\n\t\t\t<\/dt>\n\t\t\t\t<dd class='wp-caption-text gallery-caption' id='gallery-14-1850'>\n\t\t\t\tLiceo Gianbattista Vico di Napoli\n\t\t\t\t<\/dd><\/dl><dl class='gallery-item'>\n\t\t\t<dt class='gallery-icon landscape'>\n\t\t\t\t<a href='https:\/\/www.studiolegalesenatore.it\/avvocati\/wp-content\/uploads\/2021\/03\/Senatore_stevens_napoli.jpg'><img width=\"300\" height=\"199\" src=\"https:\/\/www.studiolegalesenatore.it\/avvocati\/wp-content\/uploads\/2021\/03\/Senatore_stevens_napoli-300x199.jpg\" class=\"attachment-medium size-medium\" alt=\"\" loading=\"lazy\" aria-describedby=\"gallery-14-1977\" srcset=\"https:\/\/www.studiolegalesenatore.it\/avvocati\/wp-content\/uploads\/2021\/03\/Senatore_stevens_napoli-300x199.jpg 300w, https:\/\/www.studiolegalesenatore.it\/avvocati\/wp-content\/uploads\/2021\/03\/Senatore_stevens_napoli-640x425.jpg 640w, https:\/\/www.studiolegalesenatore.it\/avvocati\/wp-content\/uploads\/2021\/03\/Senatore_stevens_napoli.jpg 720w\" sizes=\"(max-width: 300px) 100vw, 300px\" \/><\/a>\n\t\t\t<\/dt>\n\t\t\t\t<dd class='wp-caption-text gallery-caption' id='gallery-14-1977'>\n\t\t\t\tPresentazione del libro nell&#8217;aula Magna con Franzo Grande Stevens,Vincenzo Scirocco, Raffaele Marino e Alessandro Senatore\n\t\t\t\t<\/dd><\/dl><dl class='gallery-item'>\n\t\t\t<dt class='gallery-icon landscape'>\n\t\t\t\t<a href='https:\/\/www.studiolegalesenatore.it\/avvocati\/wp-content\/uploads\/2021\/03\/vico.jpg'><img width=\"300\" height=\"199\" src=\"https:\/\/www.studiolegalesenatore.it\/avvocati\/wp-content\/uploads\/2021\/03\/vico-300x199.jpg\" class=\"attachment-medium size-medium\" alt=\"\" loading=\"lazy\" aria-describedby=\"gallery-14-1618\" srcset=\"https:\/\/www.studiolegalesenatore.it\/avvocati\/wp-content\/uploads\/2021\/03\/vico-300x199.jpg 300w, https:\/\/www.studiolegalesenatore.it\/avvocati\/wp-content\/uploads\/2021\/03\/vico-1024x681.jpg 1024w, https:\/\/www.studiolegalesenatore.it\/avvocati\/wp-content\/uploads\/2021\/03\/vico-768x511.jpg 768w, https:\/\/www.studiolegalesenatore.it\/avvocati\/wp-content\/uploads\/2021\/03\/vico-360x240.jpg 360w, https:\/\/www.studiolegalesenatore.it\/avvocati\/wp-content\/uploads\/2021\/03\/vico-600x400.jpg 600w, https:\/\/www.studiolegalesenatore.it\/avvocati\/wp-content\/uploads\/2021\/03\/vico-800x530.jpg 800w, https:\/\/www.studiolegalesenatore.it\/avvocati\/wp-content\/uploads\/2021\/03\/vico-90x60.jpg 90w, https:\/\/www.studiolegalesenatore.it\/avvocati\/wp-content\/uploads\/2021\/03\/vico-420x280.jpg 420w, https:\/\/www.studiolegalesenatore.it\/avvocati\/wp-content\/uploads\/2021\/03\/vico-640x425.jpg 640w, https:\/\/www.studiolegalesenatore.it\/avvocati\/wp-content\/uploads\/2021\/03\/vico.jpg 1083w\" sizes=\"(max-width: 300px) 100vw, 300px\" \/><\/a>\n\t\t\t<\/dt>\n\t\t\t\t<dd class='wp-caption-text gallery-caption' id='gallery-14-1618'>\n\t\t\t\tRitorno in classe di alcuni ex allievi del Vico tra i quali Franzo Grande Stevens, Mimmo Sica, Giovanna Romano, Giuseppe Vozzi, Marilena Romano, Alfredo Apa, Lello Marino, Gianpaolo Paladino, Geppino Fiorenza e Diego Peduto.\n\t\t\t\t<\/dd><\/dl><br style=\"clear: both\" \/>\n\t\t<\/div>\n\n<div class=\"su-spoiler su-spoiler-style-fancy su-spoiler-icon-plus su-spoiler-closed\" data-scroll-offset=\"0\" data-anchor-in-url=\"no\"><div class=\"su-spoiler-title\" tabindex=\"0\" role=\"button\"><span class=\"su-spoiler-icon\"><\/span>Visualizza la galleria<\/div><div class=\"su-spoiler-content su-u-clearfix su-u-trim\">\n\n\t\t<style type=\"text\/css\">\n\t\t\t#gallery-15 {\n\t\t\t\tmargin: auto;\n\t\t\t}\n\t\t\t#gallery-15 .gallery-item {\n\t\t\t\tfloat: left;\n\t\t\t\tmargin-top: 10px;\n\t\t\t\ttext-align: center;\n\t\t\t\twidth: 33%;\n\t\t\t}\n\t\t\t#gallery-15 img {\n\t\t\t\tborder: 2px solid #cfcfcf;\n\t\t\t}\n\t\t\t#gallery-15 .gallery-caption {\n\t\t\t\tmargin-left: 0;\n\t\t\t}\n\t\t\t\/* see gallery_shortcode() in wp-includes\/media.php *\/\n\t\t<\/style>\n\t\t<div id='gallery-15' class='gallery galleryid-1514 gallery-columns-3 gallery-size-medium'><dl class='gallery-item'>\n\t\t\t<dt class='gallery-icon landscape'>\n\t\t\t\t<a href='https:\/\/www.studiolegalesenatore.it\/avvocati\/wp-content\/uploads\/2021\/03\/1916624_1308825815241_5143040_n-1.jpeg'><img width=\"300\" height=\"199\" src=\"https:\/\/www.studiolegalesenatore.it\/avvocati\/wp-content\/uploads\/2021\/03\/1916624_1308825815241_5143040_n-1-300x199.jpeg\" class=\"attachment-medium size-medium\" alt=\"\" loading=\"lazy\" aria-describedby=\"gallery-15-1979\" srcset=\"https:\/\/www.studiolegalesenatore.it\/avvocati\/wp-content\/uploads\/2021\/03\/1916624_1308825815241_5143040_n-1-300x199.jpeg 300w, https:\/\/www.studiolegalesenatore.it\/avvocati\/wp-content\/uploads\/2021\/03\/1916624_1308825815241_5143040_n-1-640x425.jpeg 640w, https:\/\/www.studiolegalesenatore.it\/avvocati\/wp-content\/uploads\/2021\/03\/1916624_1308825815241_5143040_n-1.jpeg 720w\" sizes=\"(max-width: 300px) 100vw, 300px\" \/><\/a>\n\t\t\t<\/dt>\n\t\t\t\t<dd class='wp-caption-text gallery-caption' id='gallery-15-1979'>\n\t\t\t\tPresentazione del libro nell&#8217;aula Magna con Franzo Grande Stevens, Raffaele Marino e Alessandro Senatore\n\t\t\t\t<\/dd><\/dl>\n\t\t\t<br style='clear: both' \/>\n\t\t<\/div>\n\n<p><em>\u00a0<\/em><\/div><\/div>\n<div class=\"su-divider su-divider-style-dashed\" style=\"margin:15px 0;border-width:3px;border-color:#999999\"><\/div>\n<h3><\/h3>\n<h3><\/h3>\n<h3 id=\"sebetiater\"><strong>Centro Studi di Arte e Cultura di Napoli \u201cSebetia-Ter\u201d, Napoli\u00a0\u00a0Circolo Ufficiali della Marina Militare Italiana, 5 marzo 2010<\/strong><\/h3>\n<p>Il 5 marzo 2010 si \u00e8 svolto a Napoli presso il Salone dei Convegni del Circolo Ufficiali della Marina Militare Italiana, la presentazione del libro \u201cL\u2019anarchico Elgante\u201d di Alessandro Senatore.<\/p>\n<p><a href=\"http:\/\/www.studiolegalesenatore.it\/avvocati\/presentazione-lanarchico-elegante\/\">Link di approfondimento<\/a><\/p>\n\n\t\t<style type=\"text\/css\">\n\t\t\t#gallery-16 {\n\t\t\t\tmargin: auto;\n\t\t\t}\n\t\t\t#gallery-16 .gallery-item {\n\t\t\t\tfloat: left;\n\t\t\t\tmargin-top: 10px;\n\t\t\t\ttext-align: center;\n\t\t\t\twidth: 33%;\n\t\t\t}\n\t\t\t#gallery-16 img {\n\t\t\t\tborder: 2px solid #cfcfcf;\n\t\t\t}\n\t\t\t#gallery-16 .gallery-caption {\n\t\t\t\tmargin-left: 0;\n\t\t\t}\n\t\t\t\/* see gallery_shortcode() in wp-includes\/media.php *\/\n\t\t<\/style>\n\t\t<div id='gallery-16' class='gallery galleryid-1514 gallery-columns-3 gallery-size-medium'><dl class='gallery-item'>\n\t\t\t<dt class='gallery-icon portrait'>\n\t\t\t\t<a href='https:\/\/www.studiolegalesenatore.it\/avvocati\/wp-content\/uploads\/2021\/03\/Locandina-evanto.png'><img width=\"205\" height=\"300\" src=\"https:\/\/www.studiolegalesenatore.it\/avvocati\/wp-content\/uploads\/2021\/03\/Locandina-evanto-205x300.png\" class=\"attachment-medium size-medium\" alt=\"\" loading=\"lazy\" aria-describedby=\"gallery-16-1858\" srcset=\"https:\/\/www.studiolegalesenatore.it\/avvocati\/wp-content\/uploads\/2021\/03\/Locandina-evanto-205x300.png 205w, https:\/\/www.studiolegalesenatore.it\/avvocati\/wp-content\/uploads\/2021\/03\/Locandina-evanto-768x1122.png 768w, https:\/\/www.studiolegalesenatore.it\/avvocati\/wp-content\/uploads\/2021\/03\/Locandina-evanto-701x1024.png 701w, https:\/\/www.studiolegalesenatore.it\/avvocati\/wp-content\/uploads\/2021\/03\/Locandina-evanto-640x935.png 640w, https:\/\/www.studiolegalesenatore.it\/avvocati\/wp-content\/uploads\/2021\/03\/Locandina-evanto.png 1108w\" sizes=\"(max-width: 205px) 100vw, 205px\" \/><\/a>\n\t\t\t<\/dt>\n\t\t\t\t<dd class='wp-caption-text gallery-caption' id='gallery-16-1858'>\n\t\t\t\tLocandina della presentazione\n\t\t\t\t<\/dd><\/dl><dl class='gallery-item'>\n\t\t\t<dt class='gallery-icon landscape'>\n\t\t\t\t<a href='https:\/\/www.studiolegalesenatore.it\/avvocati\/wp-content\/uploads\/2021\/03\/21.jpeg'><img width=\"300\" height=\"200\" src=\"https:\/\/www.studiolegalesenatore.it\/avvocati\/wp-content\/uploads\/2021\/03\/21-300x200.jpeg\" class=\"attachment-medium size-medium\" alt=\"\" loading=\"lazy\" aria-describedby=\"gallery-16-1601\" srcset=\"https:\/\/www.studiolegalesenatore.it\/avvocati\/wp-content\/uploads\/2021\/03\/21-300x200.jpeg 300w, https:\/\/www.studiolegalesenatore.it\/avvocati\/wp-content\/uploads\/2021\/03\/21-360x240.jpeg 360w, https:\/\/www.studiolegalesenatore.it\/avvocati\/wp-content\/uploads\/2021\/03\/21-90x60.jpeg 90w, https:\/\/www.studiolegalesenatore.it\/avvocati\/wp-content\/uploads\/2021\/03\/21-420x280.jpeg 420w, https:\/\/www.studiolegalesenatore.it\/avvocati\/wp-content\/uploads\/2021\/03\/21.jpeg 600w\" sizes=\"(max-width: 300px) 100vw, 300px\" \/><\/a>\n\t\t\t<\/dt>\n\t\t\t\t<dd class='wp-caption-text gallery-caption' id='gallery-16-1601'>\n\t\t\t\tPresentazione del libro L&#8217;Anarchico Elegante\n\t\t\t\t<\/dd><\/dl><dl class='gallery-item'>\n\t\t\t<dt class='gallery-icon landscape'>\n\t\t\t\t<a href='https:\/\/www.studiolegalesenatore.it\/avvocati\/wp-content\/uploads\/2021\/03\/6-2.jpeg'><img width=\"300\" height=\"199\" src=\"https:\/\/www.studiolegalesenatore.it\/avvocati\/wp-content\/uploads\/2021\/03\/6-2-300x199.jpeg\" class=\"attachment-medium size-medium\" alt=\"\" loading=\"lazy\" aria-describedby=\"gallery-16-1602\" srcset=\"https:\/\/www.studiolegalesenatore.it\/avvocati\/wp-content\/uploads\/2021\/03\/6-2-300x199.jpeg 300w, https:\/\/www.studiolegalesenatore.it\/avvocati\/wp-content\/uploads\/2021\/03\/6-2-360x240.jpeg 360w, https:\/\/www.studiolegalesenatore.it\/avvocati\/wp-content\/uploads\/2021\/03\/6-2-90x60.jpeg 90w, https:\/\/www.studiolegalesenatore.it\/avvocati\/wp-content\/uploads\/2021\/03\/6-2-420x280.jpeg 420w, https:\/\/www.studiolegalesenatore.it\/avvocati\/wp-content\/uploads\/2021\/03\/6-2.jpeg 600w\" sizes=\"(max-width: 300px) 100vw, 300px\" \/><\/a>\n\t\t\t<\/dt>\n\t\t\t\t<dd class='wp-caption-text gallery-caption' id='gallery-16-1602'>\n\t\t\t\tEzio Ghidini, Massimo Milone, Francesco Caia e Vincenzo Siniscalchi\n\t\t\t\t<\/dd><\/dl><br style=\"clear: both\" \/>\n\t\t<\/div>\n\n<p style=\"text-align: right;\"><div class=\"su-spoiler su-spoiler-style-fancy su-spoiler-icon-plus su-spoiler-closed\" data-scroll-offset=\"0\" data-anchor-in-url=\"no\"><div class=\"su-spoiler-title\" tabindex=\"0\" role=\"button\"><span class=\"su-spoiler-icon\"><\/span>Visualizza la galleria<\/div><div class=\"su-spoiler-content su-u-clearfix su-u-trim\">\n\n\t\t<style type=\"text\/css\">\n\t\t\t#gallery-17 {\n\t\t\t\tmargin: auto;\n\t\t\t}\n\t\t\t#gallery-17 .gallery-item {\n\t\t\t\tfloat: left;\n\t\t\t\tmargin-top: 10px;\n\t\t\t\ttext-align: center;\n\t\t\t\twidth: 33%;\n\t\t\t}\n\t\t\t#gallery-17 img {\n\t\t\t\tborder: 2px solid #cfcfcf;\n\t\t\t}\n\t\t\t#gallery-17 .gallery-caption {\n\t\t\t\tmargin-left: 0;\n\t\t\t}\n\t\t\t\/* see gallery_shortcode() in wp-includes\/media.php *\/\n\t\t<\/style>\n\t\t<div id='gallery-17' class='gallery galleryid-1514 gallery-columns-3 gallery-size-medium'><dl class='gallery-item'>\n\t\t\t<dt class='gallery-icon landscape'>\n\t\t\t\t<a href='https:\/\/www.studiolegalesenatore.it\/avvocati\/wp-content\/uploads\/2015\/08\/2.jpg'><img width=\"300\" height=\"199\" src=\"https:\/\/www.studiolegalesenatore.it\/avvocati\/wp-content\/uploads\/2015\/08\/2-300x199.jpg\" class=\"attachment-medium size-medium\" alt=\"\" loading=\"lazy\" srcset=\"https:\/\/www.studiolegalesenatore.it\/avvocati\/wp-content\/uploads\/2015\/08\/2-300x199.jpg 300w, https:\/\/www.studiolegalesenatore.it\/avvocati\/wp-content\/uploads\/2015\/08\/2-360x240.jpg 360w, https:\/\/www.studiolegalesenatore.it\/avvocati\/wp-content\/uploads\/2015\/08\/2-90x60.jpg 90w, https:\/\/www.studiolegalesenatore.it\/avvocati\/wp-content\/uploads\/2015\/08\/2-420x280.jpg 420w, https:\/\/www.studiolegalesenatore.it\/avvocati\/wp-content\/uploads\/2015\/08\/2.jpg 600w\" sizes=\"(max-width: 300px) 100vw, 300px\" \/><\/a>\n\t\t\t<\/dt><\/dl><dl class='gallery-item'>\n\t\t\t<dt class='gallery-icon landscape'>\n\t\t\t\t<a href='https:\/\/www.studiolegalesenatore.it\/avvocati\/wp-content\/uploads\/2015\/08\/3.jpg'><img width=\"300\" height=\"199\" src=\"https:\/\/www.studiolegalesenatore.it\/avvocati\/wp-content\/uploads\/2015\/08\/3-300x199.jpg\" class=\"attachment-medium size-medium\" alt=\"\" loading=\"lazy\" srcset=\"https:\/\/www.studiolegalesenatore.it\/avvocati\/wp-content\/uploads\/2015\/08\/3-300x199.jpg 300w, https:\/\/www.studiolegalesenatore.it\/avvocati\/wp-content\/uploads\/2015\/08\/3-360x240.jpg 360w, https:\/\/www.studiolegalesenatore.it\/avvocati\/wp-content\/uploads\/2015\/08\/3-90x60.jpg 90w, https:\/\/www.studiolegalesenatore.it\/avvocati\/wp-content\/uploads\/2015\/08\/3-420x280.jpg 420w, https:\/\/www.studiolegalesenatore.it\/avvocati\/wp-content\/uploads\/2015\/08\/3.jpg 600w\" sizes=\"(max-width: 300px) 100vw, 300px\" \/><\/a>\n\t\t\t<\/dt><\/dl><dl class='gallery-item'>\n\t\t\t<dt class='gallery-icon landscape'>\n\t\t\t\t<a href='https:\/\/www.studiolegalesenatore.it\/avvocati\/wp-content\/uploads\/2015\/08\/1.jpg'><img width=\"300\" height=\"199\" src=\"https:\/\/www.studiolegalesenatore.it\/avvocati\/wp-content\/uploads\/2015\/08\/1-300x199.jpg\" class=\"attachment-medium size-medium\" alt=\"\" loading=\"lazy\" srcset=\"https:\/\/www.studiolegalesenatore.it\/avvocati\/wp-content\/uploads\/2015\/08\/1-300x199.jpg 300w, https:\/\/www.studiolegalesenatore.it\/avvocati\/wp-content\/uploads\/2015\/08\/1-360x240.jpg 360w, https:\/\/www.studiolegalesenatore.it\/avvocati\/wp-content\/uploads\/2015\/08\/1-90x60.jpg 90w, https:\/\/www.studiolegalesenatore.it\/avvocati\/wp-content\/uploads\/2015\/08\/1-420x280.jpg 420w, https:\/\/www.studiolegalesenatore.it\/avvocati\/wp-content\/uploads\/2015\/08\/1.jpg 600w\" sizes=\"(max-width: 300px) 100vw, 300px\" \/><\/a>\n\t\t\t<\/dt><\/dl><br style=\"clear: both\" \/><dl class='gallery-item'>\n\t\t\t<dt class='gallery-icon landscape'>\n\t\t\t\t<a href='https:\/\/www.studiolegalesenatore.it\/avvocati\/wp-content\/uploads\/2015\/08\/121.jpg'><img width=\"300\" height=\"199\" src=\"https:\/\/www.studiolegalesenatore.it\/avvocati\/wp-content\/uploads\/2015\/08\/121-300x199.jpg\" class=\"attachment-medium size-medium\" alt=\"\" loading=\"lazy\" srcset=\"https:\/\/www.studiolegalesenatore.it\/avvocati\/wp-content\/uploads\/2015\/08\/121-300x199.jpg 300w, https:\/\/www.studiolegalesenatore.it\/avvocati\/wp-content\/uploads\/2015\/08\/121-360x240.jpg 360w, https:\/\/www.studiolegalesenatore.it\/avvocati\/wp-content\/uploads\/2015\/08\/121-90x60.jpg 90w, https:\/\/www.studiolegalesenatore.it\/avvocati\/wp-content\/uploads\/2015\/08\/121-420x280.jpg 420w, https:\/\/www.studiolegalesenatore.it\/avvocati\/wp-content\/uploads\/2015\/08\/121.jpg 600w\" sizes=\"(max-width: 300px) 100vw, 300px\" \/><\/a>\n\t\t\t<\/dt><\/dl><dl class='gallery-item'>\n\t\t\t<dt class='gallery-icon landscape'>\n\t\t\t\t<a href='https:\/\/www.studiolegalesenatore.it\/avvocati\/wp-content\/uploads\/2015\/08\/141.jpg'><img width=\"300\" height=\"199\" src=\"https:\/\/www.studiolegalesenatore.it\/avvocati\/wp-content\/uploads\/2015\/08\/141-300x199.jpg\" class=\"attachment-medium size-medium\" alt=\"\" loading=\"lazy\" srcset=\"https:\/\/www.studiolegalesenatore.it\/avvocati\/wp-content\/uploads\/2015\/08\/141-300x199.jpg 300w, https:\/\/www.studiolegalesenatore.it\/avvocati\/wp-content\/uploads\/2015\/08\/141-360x240.jpg 360w, https:\/\/www.studiolegalesenatore.it\/avvocati\/wp-content\/uploads\/2015\/08\/141-90x60.jpg 90w, https:\/\/www.studiolegalesenatore.it\/avvocati\/wp-content\/uploads\/2015\/08\/141-420x280.jpg 420w, https:\/\/www.studiolegalesenatore.it\/avvocati\/wp-content\/uploads\/2015\/08\/141.jpg 600w\" sizes=\"(max-width: 300px) 100vw, 300px\" \/><\/a>\n\t\t\t<\/dt><\/dl><dl class='gallery-item'>\n\t\t\t<dt class='gallery-icon landscape'>\n\t\t\t\t<a href='https:\/\/www.studiolegalesenatore.it\/avvocati\/wp-content\/uploads\/2015\/08\/15.jpg'><img width=\"300\" height=\"199\" src=\"https:\/\/www.studiolegalesenatore.it\/avvocati\/wp-content\/uploads\/2015\/08\/15-300x199.jpg\" class=\"attachment-medium size-medium\" alt=\"\" loading=\"lazy\" srcset=\"https:\/\/www.studiolegalesenatore.it\/avvocati\/wp-content\/uploads\/2015\/08\/15-300x199.jpg 300w, https:\/\/www.studiolegalesenatore.it\/avvocati\/wp-content\/uploads\/2015\/08\/15-360x240.jpg 360w, https:\/\/www.studiolegalesenatore.it\/avvocati\/wp-content\/uploads\/2015\/08\/15-90x60.jpg 90w, https:\/\/www.studiolegalesenatore.it\/avvocati\/wp-content\/uploads\/2015\/08\/15-420x280.jpg 420w, https:\/\/www.studiolegalesenatore.it\/avvocati\/wp-content\/uploads\/2015\/08\/15.jpg 600w\" sizes=\"(max-width: 300px) 100vw, 300px\" \/><\/a>\n\t\t\t<\/dt><\/dl><br style=\"clear: both\" \/><dl class='gallery-item'>\n\t\t\t<dt class='gallery-icon landscape'>\n\t\t\t\t<a href='https:\/\/www.studiolegalesenatore.it\/avvocati\/wp-content\/uploads\/2015\/08\/6.jpg'><img width=\"300\" height=\"199\" src=\"https:\/\/www.studiolegalesenatore.it\/avvocati\/wp-content\/uploads\/2015\/08\/6-300x199.jpg\" class=\"attachment-medium size-medium\" alt=\"\" loading=\"lazy\" srcset=\"https:\/\/www.studiolegalesenatore.it\/avvocati\/wp-content\/uploads\/2015\/08\/6-300x199.jpg 300w, https:\/\/www.studiolegalesenatore.it\/avvocati\/wp-content\/uploads\/2015\/08\/6-360x240.jpg 360w, https:\/\/www.studiolegalesenatore.it\/avvocati\/wp-content\/uploads\/2015\/08\/6-90x60.jpg 90w, https:\/\/www.studiolegalesenatore.it\/avvocati\/wp-content\/uploads\/2015\/08\/6-420x280.jpg 420w, https:\/\/www.studiolegalesenatore.it\/avvocati\/wp-content\/uploads\/2015\/08\/6.jpg 600w\" sizes=\"(max-width: 300px) 100vw, 300px\" \/><\/a>\n\t\t\t<\/dt><\/dl><dl class='gallery-item'>\n\t\t\t<dt class='gallery-icon landscape'>\n\t\t\t\t<a href='https:\/\/www.studiolegalesenatore.it\/avvocati\/wp-content\/uploads\/2015\/08\/18.jpg'><img width=\"300\" height=\"199\" src=\"https:\/\/www.studiolegalesenatore.it\/avvocati\/wp-content\/uploads\/2015\/08\/18-300x199.jpg\" class=\"attachment-medium size-medium\" alt=\"\" loading=\"lazy\" srcset=\"https:\/\/www.studiolegalesenatore.it\/avvocati\/wp-content\/uploads\/2015\/08\/18-300x199.jpg 300w, https:\/\/www.studiolegalesenatore.it\/avvocati\/wp-content\/uploads\/2015\/08\/18-360x240.jpg 360w, https:\/\/www.studiolegalesenatore.it\/avvocati\/wp-content\/uploads\/2015\/08\/18-90x60.jpg 90w, https:\/\/www.studiolegalesenatore.it\/avvocati\/wp-content\/uploads\/2015\/08\/18-420x280.jpg 420w, https:\/\/www.studiolegalesenatore.it\/avvocati\/wp-content\/uploads\/2015\/08\/18.jpg 600w\" sizes=\"(max-width: 300px) 100vw, 300px\" \/><\/a>\n\t\t\t<\/dt><\/dl><dl class='gallery-item'>\n\t\t\t<dt class='gallery-icon landscape'>\n\t\t\t\t<a href='https:\/\/www.studiolegalesenatore.it\/avvocati\/wp-content\/uploads\/2015\/08\/16.jpg'><img width=\"300\" height=\"199\" src=\"https:\/\/www.studiolegalesenatore.it\/avvocati\/wp-content\/uploads\/2015\/08\/16-300x199.jpg\" class=\"attachment-medium size-medium\" alt=\"\" loading=\"lazy\" srcset=\"https:\/\/www.studiolegalesenatore.it\/avvocati\/wp-content\/uploads\/2015\/08\/16-300x199.jpg 300w, https:\/\/www.studiolegalesenatore.it\/avvocati\/wp-content\/uploads\/2015\/08\/16-360x240.jpg 360w, https:\/\/www.studiolegalesenatore.it\/avvocati\/wp-content\/uploads\/2015\/08\/16-90x60.jpg 90w, https:\/\/www.studiolegalesenatore.it\/avvocati\/wp-content\/uploads\/2015\/08\/16-420x280.jpg 420w, https:\/\/www.studiolegalesenatore.it\/avvocati\/wp-content\/uploads\/2015\/08\/16.jpg 600w\" sizes=\"(max-width: 300px) 100vw, 300px\" \/><\/a>\n\t\t\t<\/dt><\/dl><br style=\"clear: both\" \/>\n\t\t<\/div>\n\n<p><em>\u00a0<\/em><\/div><\/div>\n<p>&nbsp;<\/p>\n<div class=\"su-divider su-divider-style-dashed\" style=\"margin:15px 0;border-width:3px;border-color:#999999\"><\/div>\n<h2><\/h2>\n<h2 id=\"hannodettodellibro\"><span style=\"color: #003366;\"><strong>Hanno detto\u00a0del libro<\/strong><\/span><\/h2>\n<p>&nbsp;<\/p>\n<p class=\"p3\"><b>&#8211;<\/b><span class=\"s2\"><b>Eusebio Leal Spengler<\/b><\/span>\u00a0&#8211; Historiador de la Ciudad de la Habana:\u00a0<em>&#8220;Gracias por el libro \u00a1es maravilloso!\u00a0 Una edici\u00f3n espa\u00f1ola que me parece excelente&#8221;<\/em><\/p>\n<p class=\"p3\"><b>&#8211;<\/b><span class=\"s2\"><b>Vincenzo Siniscalchi<\/b><\/span>\u00a0&#8211; avvocato: <em>&#8220;Il libro di Senatore merita di essere portato sullo schermo e la Rai dovrebbe produrre una fiction sulla vita di Oreste Ferrara.&#8221;<\/em><\/p>\n<p class=\"p3\"><b>-Massimo Milone<\/b> &#8211; giornalista : <em>&#8220;si capisce bene che Senatore voleva stare a Cuba a combattere\u00a0al fianco del giovane Oreste.&#8221;<\/em><\/p>\n<p class=\"p3\"><b>&#8211;<\/b><span class=\"s2\"><b>Alessandra Riccio<\/b><\/span>\u00a0&#8211; ispanista: <em>&#8220;Senatore dice nel suo libro la verit\u00e0 ed \u00e8 con grande dispiacere che deve confessare al lettore la sua delusione per un uomo che ha scelto di continuare a giocare con la vita rinunciando per\u00f2 a lottare per migliorare le condizioni di esistenza degli altri.&#8221;<\/em><\/p>\n<p class=\"p3\"><b>-Franzo Grande Stevens<\/b> &#8211; Avvocato: &#8220;<em>Non a caso Senatore ha scritto questo bel libro di storia perch\u00e9 appartiene alla grande tradizione dell&#8217;avvocato intellettuale napoletano.&#8221;<\/em><\/p>\n<p class=\"p3\"><b>-Raffaele Marino<\/b> -magistrato : &#8220;<em>Senatore ha un modo antico di scrivere che affascina.&#8221;<\/em><\/p>\n<p class=\"p3\"><b><div class=\"su-spoiler su-spoiler-style-fancy su-spoiler-icon-plus su-spoiler-closed\" data-scroll-offset=\"0\" data-anchor-in-url=\"no\"><div class=\"su-spoiler-title\" tabindex=\"0\" role=\"button\"><span class=\"su-spoiler-icon\"><\/span>Continua a leggere<\/div><div class=\"su-spoiler-content su-u-clearfix su-u-trim\"><\/b><\/p>\n<p class=\"p3\"><b>&#8211;<\/b><span class=\"s2\"><b>Mimmo Sica<\/b><\/span>\u00a0&#8211; giornalista : <em>&#8220;Senatore non emette giudizi ma lascia parlare la storia.&#8221;<\/em><\/p>\n<p class=\"p3\"><b>&#8211;<\/b><span class=\"s2\"><b>Marco Gobetti<\/b><\/span>\u00a0&#8211; attore :<em> &#8220;E&#8217; un libro che va letto lentamente e dal quale ti aspetti sempre nuove emozioni.&#8221;<\/em><\/p>\n<p class=\"p3\"><span class=\"s2\"><b>-Raffaele Porta<\/b><\/span>\u00a0prof.universitario :<em> &#8220;Il testo \u00e8 perfetto per una trasfigurazione cinematografica. Dico questo perch\u00e9 la storia non \u00e8 fatta solo dai cosiddetti grandi personaggi e dalle masse. Non sono solo i Napoleone e i Garibaldi, insieme ai giacobini e ai mille di Quarto, a cambiare la faccia del pianeta, ma sono i tanti Oreste Ferrara &#8211; che se non vengono raccontati, come magistralmente \u00e8 stato fatto nel libro, &#8220;non esistono&#8221; &#8211; ad incidere pesantemente sugli eventi umani.\u201d<\/em><\/p>\n<p class=\"p3\"><b>-Antonio Fiore<\/b> &#8211; giornalista: <em>&#8220;Senatore che oltre a scavare con passione nella biografia di Ferrara &#8211; riempiendone i vuoti con acutezza del narratore- si interroga sui motivi che indussero il focoso \u201cgaribaldino\u201d \u2026 intellettuale nutrito di nobili ideali farsi suddito di quel potere che aveva sempre disprezzato?&#8221;<\/em><\/p>\n<p class=\"p3\"><b>&#8211;<\/b><strong>Michele Grimaldi<\/strong>: <em>&#8220;Tra i meriti dell\u2019autore di questo romanzo storico vi \u00e8 certamente quello di aver fatto luce su un periodo della storia cubana, che va dalla fine dell\u2019800 fino agli anni \u201940 del secolo scorso, attraverso la narrazione della vicenda umana di Oreste Ferrara, che ripercorre trenta anni essenziali della sua esistenza e che ha inizio all\u2019insegna della straordinaria sensibilit\u00e0 politica per le vicende di quei paesi che combattevano per la propria sovranit\u00e0 contro le occupazioni straniere e Cuba era uno di quelli.&#8221;<\/em><\/p>\n<p class=\"p3\"><strong>-Essid Abdelaziz:\u00a0<\/strong>\u00a0<em>&#8220;Alessandro Senatore: Con il suo &#8220;anarchico elegante&#8221; Alessandro Senatore ha arricchito il racconto storico con un poetico pensiero attuale , sempre fedele alla sua anima Napolitana.&#8221;<\/em><\/p>\n<p class=\"p3\"><b>-Aldo Garzia<\/b> &#8211; giornalista. <em>&#8220;Il libro si legge bene e ci da una visione diversa di un personaggio controverso come Ferrara, che ha avuto un ruolo importante nella storia di Cuba&#8221;.<\/div><\/div><\/em><\/p>\n<p class=\"p3\"><div class=\"su-divider su-divider-style-dashed\" style=\"margin:15px 0;border-width:3px;border-color:#999999\"><\/div>\n<h2><\/h2>\n<h2 id=\"mandacilatuafoto\"><span style=\"color: #003366;\"><strong>Mandaci la tua foto con il libro<\/strong><\/span><\/h2>\n<p>&nbsp;<\/p>\n\n\t\t<style type=\"text\/css\">\n\t\t\t#gallery-18 {\n\t\t\t\tmargin: auto;\n\t\t\t}\n\t\t\t#gallery-18 .gallery-item {\n\t\t\t\tfloat: left;\n\t\t\t\tmargin-top: 10px;\n\t\t\t\ttext-align: center;\n\t\t\t\twidth: 33%;\n\t\t\t}\n\t\t\t#gallery-18 img {\n\t\t\t\tborder: 2px solid #cfcfcf;\n\t\t\t}\n\t\t\t#gallery-18 .gallery-caption {\n\t\t\t\tmargin-left: 0;\n\t\t\t}\n\t\t\t\/* see gallery_shortcode() in wp-includes\/media.php *\/\n\t\t<\/style>\n\t\t<div id='gallery-18' class='gallery galleryid-1514 gallery-columns-3 gallery-size-medium'><dl class='gallery-item'>\n\t\t\t<dt class='gallery-icon landscape'>\n\t\t\t\t<a href='https:\/\/www.studiolegalesenatore.it\/avvocati\/wp-content\/uploads\/2021\/03\/senatore_mingarro.jpg'><img width=\"300\" height=\"199\" src=\"https:\/\/www.studiolegalesenatore.it\/avvocati\/wp-content\/uploads\/2021\/03\/senatore_mingarro-300x199.jpg\" class=\"attachment-medium size-medium\" alt=\"\" loading=\"lazy\" aria-describedby=\"gallery-18-1848\" srcset=\"https:\/\/www.studiolegalesenatore.it\/avvocati\/wp-content\/uploads\/2021\/03\/senatore_mingarro-300x199.jpg 300w, https:\/\/www.studiolegalesenatore.it\/avvocati\/wp-content\/uploads\/2021\/03\/senatore_mingarro.jpg 600w\" sizes=\"(max-width: 300px) 100vw, 300px\" \/><\/a>\n\t\t\t<\/dt>\n\t\t\t\t<dd class='wp-caption-text gallery-caption' id='gallery-18-1848'>\n\t\t\t\tAlessandro Senatore con  l&#8217;ambasciatore della Repubblica di Cuba in Italia Jos\u00e9 Carlos Rodriguez Ruiz\n\t\t\t\t<\/dd><\/dl><dl class='gallery-item'>\n\t\t\t<dt class='gallery-icon landscape'>\n\t\t\t\t<a href='https:\/\/www.studiolegalesenatore.it\/avvocati\/wp-content\/uploads\/2021\/03\/last_senatore.jpg'><img width=\"300\" height=\"199\" src=\"https:\/\/www.studiolegalesenatore.it\/avvocati\/wp-content\/uploads\/2021\/03\/last_senatore-300x199.jpg\" class=\"attachment-medium size-medium\" alt=\"\" loading=\"lazy\" aria-describedby=\"gallery-18-1846\" srcset=\"https:\/\/www.studiolegalesenatore.it\/avvocati\/wp-content\/uploads\/2021\/03\/last_senatore-300x199.jpg 300w, https:\/\/www.studiolegalesenatore.it\/avvocati\/wp-content\/uploads\/2021\/03\/last_senatore.jpg 600w\" sizes=\"(max-width: 300px) 100vw, 300px\" \/><\/a>\n\t\t\t<\/dt>\n\t\t\t\t<dd class='wp-caption-text gallery-caption' id='gallery-18-1846'>\n\t\t\t\tGiovanna Romano, Maurizio De Giovanni e Alessandro Senatore\n\t\t\t\t<\/dd><\/dl><dl class='gallery-item'>\n\t\t\t<dt class='gallery-icon landscape'>\n\t\t\t\t<a href='https:\/\/www.studiolegalesenatore.it\/avvocati\/wp-content\/uploads\/2021\/03\/121.jpeg'><img width=\"300\" height=\"199\" src=\"https:\/\/www.studiolegalesenatore.it\/avvocati\/wp-content\/uploads\/2021\/03\/121-300x199.jpeg\" class=\"attachment-medium size-medium\" alt=\"\" loading=\"lazy\" aria-describedby=\"gallery-18-1934\" srcset=\"https:\/\/www.studiolegalesenatore.it\/avvocati\/wp-content\/uploads\/2021\/03\/121-300x199.jpeg 300w, https:\/\/www.studiolegalesenatore.it\/avvocati\/wp-content\/uploads\/2021\/03\/121.jpeg 600w\" sizes=\"(max-width: 300px) 100vw, 300px\" \/><\/a>\n\t\t\t<\/dt>\n\t\t\t\t<dd class='wp-caption-text gallery-caption' id='gallery-18-1934'>\n\t\t\t\tEzio Ghidini, Alessandro Senatore, Francesco Caia e Vincenzo Siniscalchi\n\t\t\t\t<\/dd><\/dl><br style=\"clear: both\" \/><dl class='gallery-item'>\n\t\t\t<dt class='gallery-icon landscape'>\n\t\t\t\t<a href='https:\/\/www.studiolegalesenatore.it\/avvocati\/wp-content\/uploads\/2021\/03\/compay.jpg'><img width=\"300\" height=\"199\" src=\"https:\/\/www.studiolegalesenatore.it\/avvocati\/wp-content\/uploads\/2021\/03\/compay-300x199.jpg\" class=\"attachment-medium size-medium\" alt=\"\" loading=\"lazy\" aria-describedby=\"gallery-18-1936\" srcset=\"https:\/\/www.studiolegalesenatore.it\/avvocati\/wp-content\/uploads\/2021\/03\/compay-300x199.jpg 300w, https:\/\/www.studiolegalesenatore.it\/avvocati\/wp-content\/uploads\/2021\/03\/compay.jpg 600w\" sizes=\"(max-width: 300px) 100vw, 300px\" \/><\/a>\n\t\t\t<\/dt>\n\t\t\t\t<dd class='wp-caption-text gallery-caption' id='gallery-18-1936'>\n\t\t\t\tAlessandro Di Costanzo, Alessandro Totaro, Maurizio Scoppa, Salvador Repilado hijo de Compay Segundo, Alessandro Senatore, Valerio Scoppa, Domenico Marrazzo\n\t\t\t\t<\/dd><\/dl><dl class='gallery-item'>\n\t\t\t<dt class='gallery-icon landscape'>\n\t\t\t\t<a href='https:\/\/www.studiolegalesenatore.it\/avvocati\/wp-content\/uploads\/2021\/03\/Palazzo-reale_libro_01.jpg'><img width=\"300\" height=\"184\" src=\"https:\/\/www.studiolegalesenatore.it\/avvocati\/wp-content\/uploads\/2021\/03\/Palazzo-reale_libro_01-300x184.jpg\" class=\"attachment-medium size-medium\" alt=\"\" loading=\"lazy\" aria-describedby=\"gallery-18-2085\" srcset=\"https:\/\/www.studiolegalesenatore.it\/avvocati\/wp-content\/uploads\/2021\/03\/Palazzo-reale_libro_01-300x184.jpg 300w, https:\/\/www.studiolegalesenatore.it\/avvocati\/wp-content\/uploads\/2021\/03\/Palazzo-reale_libro_01-768x472.jpg 768w, https:\/\/www.studiolegalesenatore.it\/avvocati\/wp-content\/uploads\/2021\/03\/Palazzo-reale_libro_01-640x393.jpg 640w, https:\/\/www.studiolegalesenatore.it\/avvocati\/wp-content\/uploads\/2021\/03\/Palazzo-reale_libro_01.jpg 960w\" sizes=\"(max-width: 300px) 100vw, 300px\" \/><\/a>\n\t\t\t<\/dt>\n\t\t\t\t<dd class='wp-caption-text gallery-caption' id='gallery-18-2085'>\n\t\t\t\tAlessandro Totaro, Ailyn Fiol, Iris Lo Bello\n\t\t\t\t<\/dd><\/dl><dl class='gallery-item'>\n\t\t\t<dt class='gallery-icon landscape'>\n\t\t\t\t<a href='https:\/\/www.studiolegalesenatore.it\/avvocati\/wp-content\/uploads\/2021\/03\/monica-piscicelli.jpg'><img width=\"300\" height=\"199\" src=\"https:\/\/www.studiolegalesenatore.it\/avvocati\/wp-content\/uploads\/2021\/03\/monica-piscicelli-300x199.jpg\" class=\"attachment-medium size-medium\" alt=\"\" loading=\"lazy\" aria-describedby=\"gallery-18-2093\" srcset=\"https:\/\/www.studiolegalesenatore.it\/avvocati\/wp-content\/uploads\/2021\/03\/monica-piscicelli-300x199.jpg 300w, https:\/\/www.studiolegalesenatore.it\/avvocati\/wp-content\/uploads\/2021\/03\/monica-piscicelli.jpg 600w\" sizes=\"(max-width: 300px) 100vw, 300px\" \/><\/a>\n\t\t\t<\/dt>\n\t\t\t\t<dd class='wp-caption-text gallery-caption' id='gallery-18-2093'>\n\t\t\t\tEnrico Schattenmann, Monica Piscitelli\n\t\t\t\t<\/dd><\/dl><br style=\"clear: both\" \/><dl class='gallery-item'>\n\t\t\t<dt class='gallery-icon landscape'>\n\t\t\t\t<a href='https:\/\/www.studiolegalesenatore.it\/avvocati\/wp-content\/uploads\/2021\/03\/anarchico_ele.jpg'><img width=\"300\" height=\"199\" src=\"https:\/\/www.studiolegalesenatore.it\/avvocati\/wp-content\/uploads\/2021\/03\/anarchico_ele-300x199.jpg\" class=\"attachment-medium size-medium\" alt=\"\" loading=\"lazy\" aria-describedby=\"gallery-18-2095\" srcset=\"https:\/\/www.studiolegalesenatore.it\/avvocati\/wp-content\/uploads\/2021\/03\/anarchico_ele-300x199.jpg 300w, https:\/\/www.studiolegalesenatore.it\/avvocati\/wp-content\/uploads\/2021\/03\/anarchico_ele.jpg 600w\" sizes=\"(max-width: 300px) 100vw, 300px\" \/><\/a>\n\t\t\t<\/dt>\n\t\t\t\t<dd class='wp-caption-text gallery-caption' id='gallery-18-2095'>\n\t\t\t\tAbdelaeziz Essid\n\t\t\t\t<\/dd><\/dl><dl class='gallery-item'>\n\t\t\t<dt class='gallery-icon landscape'>\n\t\t\t\t<a href='https:\/\/www.studiolegalesenatore.it\/avvocati\/wp-content\/uploads\/2021\/03\/ana_elegante_foto.jpg'><img width=\"300\" height=\"199\" src=\"https:\/\/www.studiolegalesenatore.it\/avvocati\/wp-content\/uploads\/2021\/03\/ana_elegante_foto-300x199.jpg\" class=\"attachment-medium size-medium\" alt=\"\" loading=\"lazy\" aria-describedby=\"gallery-18-2097\" srcset=\"https:\/\/www.studiolegalesenatore.it\/avvocati\/wp-content\/uploads\/2021\/03\/ana_elegante_foto-300x199.jpg 300w, https:\/\/www.studiolegalesenatore.it\/avvocati\/wp-content\/uploads\/2021\/03\/ana_elegante_foto.jpg 600w\" sizes=\"(max-width: 300px) 100vw, 300px\" \/><\/a>\n\t\t\t<\/dt>\n\t\t\t\t<dd class='wp-caption-text gallery-caption' id='gallery-18-2097'>\n\t\t\t\tMichele Lucherini\n\t\t\t\t<\/dd><\/dl>\n\t\t\t<br style='clear: both' \/>\n\t\t<\/div>\n\n<div class=\"su-divider su-divider-style-dashed\" style=\"margin:15px 0;border-width:3px;border-color:#999999\"><\/div>\n<p>&nbsp;<\/p>\n<h2><strong><span style=\"color: #003366;\">Rassegna Stampa<\/span><br \/>\n<\/strong><\/h2>\n<p><img loading=\"lazy\" class=\"alignnone size-full wp-image-1627\" src=\"http:\/\/www.studiolegalesenatore.it\/avvocati\/wp-content\/uploads\/2021\/03\/pubblicazione.jpg\" alt=\"\" width=\"1000\" height=\"600\" srcset=\"https:\/\/www.studiolegalesenatore.it\/avvocati\/wp-content\/uploads\/2021\/03\/pubblicazione.jpg 1000w, https:\/\/www.studiolegalesenatore.it\/avvocati\/wp-content\/uploads\/2021\/03\/pubblicazione-300x180.jpg 300w, https:\/\/www.studiolegalesenatore.it\/avvocati\/wp-content\/uploads\/2021\/03\/pubblicazione-768x461.jpg 768w, https:\/\/www.studiolegalesenatore.it\/avvocati\/wp-content\/uploads\/2021\/03\/pubblicazione-100x60.jpg 100w, https:\/\/www.studiolegalesenatore.it\/avvocati\/wp-content\/uploads\/2021\/03\/pubblicazione-750x450.jpg 750w, https:\/\/www.studiolegalesenatore.it\/avvocati\/wp-content\/uploads\/2021\/03\/pubblicazione-640x384.jpg 640w\" sizes=\"(max-width: 1000px) 100vw, 1000px\" \/><\/p>\n<p>&nbsp;<\/p>\n<h3 id=\"intervistaperiodico22\"><strong>L&#8217;Anarchico Elegante sulla rivista spagnola &#8220;22Periodico.es&#8221;<\/strong><\/h3>\n<h4><a href=\"https:\/\/www.22periodico.es\/el-anarquista-elegante\/\" class=\"su-button su-button-style-default\" style=\"color:#FFFFFF;background-color:#2D89EF;border-color:#246ec0;border-radius:5px;-moz-border-radius:5px;-webkit-border-radius:5px\" target=\"_self\"><span style=\"color:#FFFFFF;padding:0px 16px;font-size:13px;line-height:26px;border-color:#6cadf4;border-radius:5px;-moz-border-radius:5px;-webkit-border-radius:5px;text-shadow:none;-moz-text-shadow:none;-webkit-text-shadow:none\"> Leggi l&#8217;articolo in spagnolo<\/span><\/a><\/h4>\n<p><img loading=\"lazy\" class=\"wp-image-1720 alignright\" src=\"http:\/\/www.studiolegalesenatore.it\/avvocati\/wp-content\/uploads\/2021\/03\/Schermata-2021-03-17-alle-16.55.52.png\" alt=\"\" width=\"195\" height=\"153\" srcset=\"https:\/\/www.studiolegalesenatore.it\/avvocati\/wp-content\/uploads\/2021\/03\/Schermata-2021-03-17-alle-16.55.52.png 2508w, https:\/\/www.studiolegalesenatore.it\/avvocati\/wp-content\/uploads\/2021\/03\/Schermata-2021-03-17-alle-16.55.52-300x235.png 300w, https:\/\/www.studiolegalesenatore.it\/avvocati\/wp-content\/uploads\/2021\/03\/Schermata-2021-03-17-alle-16.55.52-1024x803.png 1024w, https:\/\/www.studiolegalesenatore.it\/avvocati\/wp-content\/uploads\/2021\/03\/Schermata-2021-03-17-alle-16.55.52-768x602.png 768w, https:\/\/www.studiolegalesenatore.it\/avvocati\/wp-content\/uploads\/2021\/03\/Schermata-2021-03-17-alle-16.55.52-1536x1204.png 1536w, https:\/\/www.studiolegalesenatore.it\/avvocati\/wp-content\/uploads\/2021\/03\/Schermata-2021-03-17-alle-16.55.52-2048x1605.png 2048w\" sizes=\"(max-width: 195px) 100vw, 195px\" \/><\/p>\n<p>&nbsp;<\/p>\n<div class=\"kvgmc6g5 cxmmr5t8 oygrvhab hcukyx3x c1et5uql ii04i59q\"><strong>Intervista in italiano<\/strong><\/div>\n<div class=\"kvgmc6g5 cxmmr5t8 oygrvhab hcukyx3x c1et5uql ii04i59q\"><\/div>\n<div class=\"kvgmc6g5 cxmmr5t8 oygrvhab hcukyx3x c1et5uql ii04i59q\">\n<p class=\"p1\">L&#8217;Anarchico Elegante sbarca in Spagna dopo Napoli e l&#8217;Avana non a caso sbarca a Siviglia, che fu la porta d&#8217;Europa verso le Americhe.<\/p>\n<p class=\"p1\">Un grazie doveroso al giornalista Giovanni Giacchi che mi ha fatto questa bella intervista pubblicata sulla rivista spagnola on line 22periodico.es.<\/p>\n<p class=\"p1\">Napoli \u00e8 la citt\u00e0 pi\u00f9 avanera del mondo, cos\u00ec come l\u2019Avana \u00e8 la pi\u00f9 napoletana, non solo perch\u00e9 sono entrambe citt\u00e0 di mare ma soprattutto perch\u00e9 sono abitate da due popoli refrattari ad ogni forma di omologazione. Comincia cos\u00ec il colloquio con l\u2019avv. Alessandro Senatore, autore del libro \u201cL\u2019Anarchico Elegante\u201d.<\/p>\n<p class=\"p1\"><div class=\"su-spoiler su-spoiler-style-fancy su-spoiler-icon-plus su-spoiler-closed\" data-scroll-offset=\"0\" data-anchor-in-url=\"no\"><div class=\"su-spoiler-title\" tabindex=\"0\" role=\"button\"><span class=\"su-spoiler-icon\"><\/span>Continua a leggere<\/div><div class=\"su-spoiler-content su-u-clearfix su-u-trim\">Non \u00e8 un caso se nella Napoli dell&#8217;anarchico Oreste &#8211; protagonista del libro, deluso dagli esiti garibaldini e con la rivoluzione in testa &#8211; e del suo autore &#8211; avvocato con la passione della letteratura e delle relazioni internazionali svolte anche nel campo dell\u2019avvocatura &#8211; che comincia la storia di questo libro.<\/p>\n<p class=\"p1\">Ma \u00e8 a Cuba che finisce, l\u00e0 dove Oreste Ferrara, dopo aver combattuto contro l\u2019esercito spagnolo per l&#8217;indipendenza dei cubani, si trasformer\u00e0 in un uomo di Stato e merc\u00e9 di quel potere che sin da giovane aveva combattuto, fino a diventare amico e solidale del sanguinario presidente Machado. Una scelta che i cubani non gli perdoneranno mai.<\/p>\n<p class=\"p1\">E&#8217; l\u2019italiano pi\u00f9 controverso della storia di Cuba racconta Alessandro Senatore, scrittore raffinato, che alla vicenda di Ferrara ha dedicato anni di studi e ricerche. Il libro, che prende spunto dall\u2019autobiografia di Ferrara\u00a0 Memorias sobre tres siglos si intitola L\u2019Anarchico elegante (Edizioni Metec Allegre) ed \u00e8 stato tradotto in spagnolo (El Anarquista Elegante &#8211; Ediciones Bolo\u00f1a) in una nuova edizione impreziosita dal prologo dell\u2019Historiador de la Ciudad de la Habana, Eusebio Leal Spengler, massima espressione della cultura cubana.<\/p>\n<p class=\"p1\"><b>Avvocato, chi era in verit\u00e0 Oreste Ferrara?<\/b><\/p>\n<p class=\"p1\">Oreste Ferrara \u00e8 stato un uomo che ha vissuto cento vite. Anarchico rivoluzionario, avvocato di prestigio, ricco banchiere (fond\u00f2 la Banca d\u2019America e d\u2019Italia), imprenditore di successo (fond\u00f2 la Compagnia Telefonica ITT), eminente politico, Oreste fu sempre protagonista della scena. Mi sono pi\u00f9 volte chiesto chi fosse veramente Ferrara; fu il giovane idealista che decise di partire per Cuba e morire per la libert\u00e0 del suo popolo o il politico realista che govern\u00f2 al fianco del sanguinario presidente Machado? Fu il governatore di Las Villas che denunci\u00f2 le ingerenze statunitensi nella vita pubblica cubana o il potente ambasciatore che alla \u201cCumbre\u201d dei paesi latinoamericani del 1928, difese l\u2019interventismo statunitense nella vita politica degli altri Paesi? Ferrara, in realt\u00e0, fu un uomo nel quale le contraddizioni si manifestarono ai massimi livelli, egocentrico al punto da sognare una morte gloriosa, affascinato dalla bella vita e dal potere, am\u00f2 vivere intensamente il suo tempo. Pericoloso rivoluzionario, esponente di spicco dell\u2019internazionale anarchica si definir\u00e0 nel suo libro di memorie &#8211; un liberale che aveva lottato sempre contro l\u2019egualitarismo. Giovane ribelle che, a Napoli, guidava i cortei di protesta e in guerra, a Cuba, affrontava senza timore il pericolo, in et\u00e0 matura si mostr\u00f2 acuto intellettuale, professore di diritto autore di oltre 40 libri di storia. E\u2019indubbio che il fascino di questo personaggio, al di l\u00e0 dei giudizi morali e politici che il lettore intender\u00e0 dare, sta nella sua poliedricit\u00e0.<\/p>\n<p class=\"p1\"><b>In che contesto storico vive la sua vita &#8220;l&#8217;Anarchico Elegante&#8221;?<\/b><\/p>\n<p class=\"p1\">Sono gli anni tra il 1896 e il 1933. Ma il libro, nel raccontare i primi anni della Repubblica cubana, si sofferma sugli anni immediatamente successivi alla grande crisi del 1929. Un periodo che presenta caratteri molto simili alla crisi del 2008. Quando usc\u00ec la prima edizione del libro &#8211; nel 2010- invitai il lettore a riflettere sulle conseguenze negative che la crisi del 2008 avrebbe potuto avere nel mondo, ricordando che la crisi del 29 aveva portato in Germania, all\u2019ascesa del nazismo e a Cuba quella di Machado, che fu definito il Mussolini Tropicale. Se penso alle conseguenze di quella crisi &#8211; ancora presenti- aggravate oggi dalla pandemia- e ai pericoli di un riaffacciarsi dei sovranismi in Europa e negli USA \u2013 dove l\u2019assalto a Capitol Hill ha mostrato, in tutta la sua drammaticit\u00e0, la debolezza delle democrazie occidentali, \u00e8 evidente che bisogna ancora mantenere alta la guardia.<\/p>\n<p class=\"p1\">Il viaggio rivoluzionario di Ferrara nasce da una delusione, quella degli anarchici meridionali.<\/p>\n<p class=\"p1\">Ho voluto ricordare il grande apporto che gli italiani hanno dato nella Guerra d\u2019Indipendenza cubana. Nel maggio del 1896 part\u00ec una nave di volontari pronti a combattere per la libert\u00e0 di Cuba, combattenti mossi da quegli ideali risorgimentali che il governo sabaudo aveva tradito e ispirati dalle stesse idee per le quali uomini e donne non avevano avuto paura n\u00e9 di lottare n\u00e9 di subire le terribili conseguenze di anni di carcere duro e lavori forzati. La nave fu bloccata a New York dalle autorit\u00e0 statunitensi che non gradivano la presenza di questi rivoluzionari perch\u00e9 gli USA erano intervenuti militarmente- in quella che fu definita \u201cla splendida piccola guerra\u201d ispano-americana &#8211; e avevano sconfitto gli spagnoli nella battaglia navale di Santiago. Questa guerra segner\u00e0 la sconfitta dei latini e la nascita dell\u2019imperialismo statunitense. Questo libro, pieno di aneddoti e di avventure, ci fa vivere i primi esaltanti momenti della repubblica cubana, nei quali i giovani \u201cmambisti\u201d(cos\u00ec venivano denominati i ribelli) sognavano un mondo migliore e poi i drammatici momenti successivi che porteranno la pi\u00f9 grande isola caraibica ad un insopportabile degrado economico e morale. Il lettore, che ha amato le gesta del giovane Oreste si chieder\u00e0 come \u00e8 stato possibile che quella generazione di giovani mambisti che avevano lottato per l\u2019indipendenza del loro Paese, si piegheranno alla politica del dollaro e accetteranno che Cuba fosse trattata anche dagli USA come una colonia,<\/p>\n<p class=\"p1\">Il libro ha avuto successo e poi &#8220;una seconda vita&#8221;. Potrebbe &#8211; e dovrebbe &#8211; essere una fiction della televisiva.<\/p>\n<p class=\"p1\">Per me sarebbe un sogno. Ho ricevuto alcune proposte. Vedremo. Quando il libro usc\u00ec ebbe un buon successo di critica. Ora sta vivendo una nuova vita sia perch\u00e9 ho continuato le mie ricerche su Ferrara sia perch\u00e9 due anni fa il compianto Eusebio Leal mi offr\u00ec la possibilit\u00e0 di pubblicare con Ediciones Bolo\u00f1a la versione spagnola del libro. Eusebio non solo mi concesse l\u2019onore di presentarlo nel salone del Museo Napoleonico &#8211; che al tempo era stata la casa di Ferrara &#8211; durante le celebrazioni dei 500 anni della fondazione della citt\u00e0, e con estrema generosit\u00e0 nonostante le sue gravi condizioni fisiche si offr\u00ec di scrivere il prologo de \u201cEl anarquista elegante\u201d<\/p>\n<p class=\"p1\"><b>Cosa ha rappresentato per gli spagnoli la perdita di Cuba?<\/b><\/p>\n<p class=\"p1\">La perdita della guerra ispano-americana, rappresenta per gli spagnoli la fine del sogno di grandezza rappresentato dall\u2019impero spagnolo, perch\u00e9 con il Trattato di Parigi fu formalizzata la cessione agli USA per 20 milioni di dollari di Portorico, le Filippine e Guam nel Pacifico. E\u2019un trauma della loro storia che gli spagnoli dopo 123 anni devono elaborare pienamente. Voglio a tal proposito ringraziare in particolar modo Luis Mart\u00ec Mingarro, eccellente avvocato spagnolo che \u00e8 stato per anni decano dell\u2019Ilustre Colegio de Abogados de Madrid e Presidente dell&#8217;UIBA (Union Iberoamericana de colegios de abogados) che onorandomi della sua presenza tenne un ottimo intervento su Ferrara in occasione della presentazione della nuova edizione del mio libro che si svolse al Palazzo Reale di Napoli.<\/p>\n<p class=\"p1\">Una nota finale. L&#8217;avvocato Senatore, oltre ad essere un fine intellettuale, \u00e8 un innamorato di Cuba &#8211; le ragioni della scrittura sono<\/p>\n<p class=\"p1\">sempre sentimentali &#8211; e anche il Presidente dell\u2019Istituto di Cooperazione e Sviluppo Italia Cuba che da anni promuove le relazioni economiche e culturali tra il sud Italia e Cuba.<\/p>\n<p class=\"p1\">La storia cominciata appunto da Napoli con Ferrara, ha compiuto il viaggio al contrario ed ora, con l&#8217;appassionato libro di Senatore si accinge a riprendere il ciclo storico tra due citt\u00e0 uniche al mondo.<\/div><\/div>\n<\/div>\n<div class=\"kvgmc6g5 cxmmr5t8 oygrvhab hcukyx3x c1et5uql ii04i59q\"><\/div>\n<div dir=\"auto\">\n<p><strong>Intervista in spagnolo<\/strong><\/p>\n<p>N\u00e1poles es la ciudad m\u00e1s habanera del mundo, del mismo modo en que La Habana es la m\u00e1s napolitana, no solo porque ambas son ciudades costeras, sino, sobre todo, porque est\u00e1n habitadas por dos pueblos refractarios a cualquier forma de homologaci\u00f3n.\u00a0 As\u00ed comienza la conversaci\u00f3n con el abogado Alessandro Senatore, autor del libro \u201cEl Anarquista Elegante\u201d.<\/p>\n<div class=\"su-spoiler su-spoiler-style-fancy su-spoiler-icon-plus su-spoiler-closed\" data-scroll-offset=\"0\" data-anchor-in-url=\"no\"><div class=\"su-spoiler-title\" tabindex=\"0\" role=\"button\"><span class=\"su-spoiler-icon\"><\/span>Continua a leggere<\/div><div class=\"su-spoiler-content su-u-clearfix su-u-trim\">No es casualidad que sea en la N\u00e1poles del anarquista Orestes -protagonista del libro, decepcionado por los resultados de garibaldinos y con la revoluci\u00f3n en mente- y de su autor -un abogado apasionado por la literatura y las relaciones internacionales, ejercidas en el \u00e1mbito de la abogac\u00eda- donde comienza la historia de este libro.<\/p>\n<p>Pero es en Cuba donde termina, donde Oreste Ferrara, despu\u00e9s de haber luchado contra el ej\u00e9rcito espa\u00f1ol por la independencia de los cubanos, se transformar\u00e1 en un hombre de Estado y, a la merced de ese poder que hab\u00eda combatido desde su juventud, se convertir\u00e1 en amigo y partidario del sanguinario presidente Machado. Una elecci\u00f3n que los cubanos nunca le perdonar\u00e1n.<\/p>\n<p>\u201cEs el italiano m\u00e1s controvertido de la historia de Cuba\u201d, dice Alessandro Senatore, un refinado escritor, que ha dedicado a\u00f1os de estudio e investigaci\u00f3n al asunto Ferrara. El libro, que se inspira en la autobiograf\u00eda de Ferrara \u201cMemorias sobre tres siglos\u201d se titula \u201cL\u2019Anarchico elegante\u201d (Edizioni Metec Allegre) y ha sido traducido al espa\u00f1ol (\u201cEl Anarquista Elegante\u201d \u2013 Ediciones Bolo\u00f1a) en una nueva edici\u00f3n enriquecida con el pr\u00f3logo del Historiador de la Ciudad de la Habana, Eusebio Leal Spengler, m\u00e1xima expresi\u00f3n de la cultura cubana.<\/p>\n<p><strong>Abogado, \u00bfqui\u00e9n era realmente Oreste Ferrara?<\/strong><\/p>\n<p>Oreste Ferrara fue un hombre que vivi\u00f3 cien vidas. Anarquista revolucionario, abogado prestigioso, banquero rico (fund\u00f3 el Banco de Am\u00e9rica e Italia), empresario de \u00e9xito (fund\u00f3 la ITT Telephone Company), pol\u00edtico eminente, Oreste fue siempre protagonista de la escena. A menudo me he preguntado qui\u00e9n era realmente Ferrara: \u00bffue el joven idealista que decidi\u00f3 marcharse a Cuba y morir por la libertad de su pueblo o fue el pol\u00edtico realista que gobern\u00f3 junto al sanguinario presidente Machado? \u00bfFue el gobernador de Las Villas que denunci\u00f3 las injerencias estadounidenses en la vida p\u00fablica cubana o fue el poderoso embajador que, en la \u201cCumbre\u201d de los pa\u00edses latinoamericanos de 1928, defendi\u00f3 el intervencionismo estadounidense en la vida pol\u00edtica de otros pa\u00edses? Ferrara, en realidad, fue un hombre en el que las contradicciones se manifestaron en los m\u00e1s altos niveles, egoc\u00e9ntrico hasta el punto de so\u00f1ar con una muerte gloriosa, fascinado por la buena vida y el poder, disfrut\u00f3 viviendo intensamente su tiempo. Peligroso revolucionario, principal exponente de la Internacional Anarquista, se definir\u00e1 en sus memorias como un liberal que siempre luch\u00f3 contra el igualitarismo. Joven rebelde que, en N\u00e1poles, encabez\u00f3 las marchas de protesta y en la guerra, en Cuba, se enfrent\u00f3 sin miedo al peligro, en su madurez se mostr\u00f3 como un agudo intelectual, profesor de derecho y autor de m\u00e1s de 40 libros de historia. No cabe duda de que, el encanto de este personaje, m\u00e1s all\u00e1 de los juicios morales y pol\u00edticos que el lector se formar\u00e1, reside en su versatilidad.<\/p>\n<p><strong>\u00bfEn qu\u00e9 contexto hist\u00f3rico vive su vida \u201cel anarquista elegante\u201d?<\/strong><\/p>\n<p>Son los a\u00f1os comprendidos entre 1896 y 1933. Pero el libro, al relatar los primeros a\u00f1os de la Rep\u00fablica Cubana, se centra en los a\u00f1os inmediatamente posteriores a la gran crisis de 1929. Un periodo que presenta caracter\u00edsticas muy similares a la crisis de 2008. Cuando sali\u00f3 la primera edici\u00f3n del libro -en 2010- invit\u00e9 al lector a reflexionar sobre las consecuencias negativas que la crisis de 2008 pod\u00eda tener en el mundo, recordando que la crisis del 29 hab\u00eda llevado en Alemania al ascenso del nazismo y en Cuba al de Machado, al que llamaron el Mussolini tropical. Si pienso en las consecuencias de esa crisis -todav\u00eda presente, agravadas hoy por la pandemia- y en los peligros de un resurgimiento de los soberanismos en Europa y en Estados Unidos -donde el asalto al Capitolio ha mostrado, en todo su dramatismo, la debilidad de las democracias occidentales-, est\u00e1 claro que debemos seguir manteniendo la guardia alta.<\/p>\n<p><strong>El viaje revolucionario de Ferrara naci\u00f3 de una decepci\u00f3n, la de los anarquistas del sur.<\/strong><\/p>\n<p>He querido recordar la gran contribuci\u00f3n de los italianos en la Guerra de la Independencia de Cuba. En mayo de 1896 parti\u00f3 un barco de voluntarios para luchar por la libertad de Cuba, combatientes movidos por aquellos ideales del Risorgimento que el gobierno de Saboya hab\u00eda traicionado e inspirados por las mismas ideas por las que hombres y mujeres no hab\u00edan temido luchar ni sufrir las terribles consecuencias de a\u00f1os de prisi\u00f3n y trabajos forzados. El barco fue bloqueado en Nueva York por las autoridades estadounidenses que no ve\u00edan con buenos ojos la presencia de estos revolucionarios porque Estados Unidos hab\u00eda intervenido militarmente -en lo que se llam\u00f3 la \u201cespl\u00e9ndida guerrita hispanoamericana\u201d- y hab\u00eda derrotado a los espa\u00f1oles en la batalla naval de Santiago. Esta guerra marcar\u00eda la derrota de los latinos y el nacimiento del imperialismo estadounidense. Este libro, lleno de an\u00e9cdotas y aventuras, nos permite vivir los emocionantes primeros momentos de la Rep\u00fablica Cubana, cuando los j\u00f3venes \u201cmambistas\u201d (como eran llamados los rebeldes) so\u00f1aban con un mundo mejor y los momentos dram\u00e1ticos que siguieron, que llevaron a la mayor isla del Caribe a una degradaci\u00f3n econ\u00f3mica y moral insoportable. El lector, que habr\u00e1 quedado fascinado por las haza\u00f1as del joven Orestes, se preguntar\u00e1 c\u00f3mo fue posible que aquella generaci\u00f3n de j\u00f3venes mambistas que hab\u00eda luchado por la independencia de su pa\u00eds, se plegara a la pol\u00edtica del d\u00f3lar y aceptara que Cuba fuera tratada tambi\u00e9n por Estados Unidos como una colonia.<\/p>\n<p><strong>El libro tuvo \u00e9xito y luego \u201cuna segunda vida\u201d. Podr\u00eda -y deber\u00eda- ser un drama televisivo.<\/strong><\/p>\n<p>Para m\u00ed ser\u00eda un sue\u00f1o. He recibido algunas propuestas. Ya veremos. Cuando el libro sali\u00f3 a la venta fue un buen \u00e9xito de cr\u00edtica. Ahora vive una nueva vida tanto porque he continuado mis investigaciones sobre Ferrara como porque hace dos a\u00f1os el fallecido Eusebio Leal me ofreci\u00f3 la posibilidad de publicar la versi\u00f3n espa\u00f1ola del libro con Ediciones Bolo\u00f1a. Eusebio no solo me concedi\u00f3 el honor de presentarlo en el sal\u00f3n del Museo Napole\u00f3nico -que en su momento fue la casa de Ferrara- durante las celebraciones del 500 aniversario de la fundaci\u00f3n de la ciudad, y, con extrema generosidad a pesar de su grave estado f\u00edsico, se ofreci\u00f3 a escribir el pr\u00f3logo de \u201cEl anarquista elegante\u201d.<\/p>\n<p><strong>\u00bfQu\u00e9 signific\u00f3 la p\u00e9rdida de Cuba para los espa\u00f1oles?<\/strong><\/p>\n<p>La p\u00e9rdida de la guerra hispano-estadounidense represent\u00f3 para los espa\u00f1oles el fin del sue\u00f1o de grandeza que representaba el imperio espa\u00f1ol, ya que el Tratado de Par\u00eds formaliz\u00f3 la cesi\u00f3n de Puerto Rico, Filipinas y Guam en el Pac\u00edfico a Estados Unidos por 20 millones de d\u00f3lares. Es un trauma en su historia que los espa\u00f1oles, despu\u00e9s de 123 a\u00f1os, deben procesar plenamente. Quiero agradecer especialmente a Luis Mart\u00ed Mingarro, excelente abogado espa\u00f1ol que durante a\u00f1os fue decano del Ilustre Colegio de Abogados de Madrid y presidente de la UIBA (Uni\u00f3n Iberoamericana de Colegios de Abogados), que me honr\u00f3 con su presencia y pronunci\u00f3 un excelente discurso sobre Ferrara en la presentaci\u00f3n de la nueva edici\u00f3n de mi libro en el Palazzo Reale de N\u00e1poles.<\/p>\n<p><strong>Una nota final.<\/strong><\/p>\n<p>El abogado Senatore, adem\u00e1s de ser un gran intelectual, es un enamorado de Cuba -los motivos para escribir son siempre sentimentales- y tambi\u00e9n el Presidente del Instituto de Cooperaci\u00f3n y Desarrollo Italia-Cuba, que desde hace a\u00f1os promueve las relaciones econ\u00f3micas y culturales entre el sur de Italia y Cuba.<\/p>\n<p>La historia, que comenz\u00f3 en N\u00e1poles con Ferrara, ha hecho el recorrido a la inversa y ahora, con el apasionante libro de Senatore, est\u00e1 a punto de reanudar el ciclo hist\u00f3rico entre dos ciudades \u00fanicas en el mundo.<\/div><\/div>\n<\/div>\n<h2 id=\"articoli\"><strong><span style=\"color: #003366;\">\u00a0<\/span><\/strong><\/h2>\n<p class=\"download\"><strong><a href=\"http:\/\/www.studiolegalesenatore.it\/images\/articoli\/ferrara.pdf\" target=\"_blank\" rel=\"noopener noreferrer\">Leggi l&#8217;articolo pubblicato sul Corriere del Mezzogiorno &#8211; 4\/03\/2010<\/a><\/strong><\/p>\n<p class=\"download\"><strong><a href=\"http:\/\/ricerca.repubblica.it\/repubblica\/archivio\/repubblica\/2011\/03\/05\/avventure-di-oreste-ferrara-anarchico-elegante-cuba.html\" target=\"_blank\" rel=\"noopener noreferrer\">Leggi l&#8217;articolo &#8211; C\u2019era una volta un garibaldino a Cuba &#8211; La repubblica &#8211; 3\/05\/2010<\/a><\/strong><\/p>\n<p class=\"download\"><strong><a href=\"http:\/\/www.studiolegalesenatore.it\/images\/articoli\/16-27-pag.pdf\" target=\"_blank\" rel=\"noopener noreferrer\">Leggi l&#8217;articolo pubblicato sul Roma &#8211; Notte e Giorno &#8211; 16\/03\/2010<\/a><\/strong><\/p>\n<p class=\"download\"><strong><a href=\"http:\/\/www.studiolegalesenatore.it\/images\/articoli\/il_roma.pdf\" target=\"_blank\" rel=\"noopener noreferrer\">Leggi l&#8217;articolo pubblicato sul Roma &#8211; Costume e Societ\u00e0 &#8211; C\u2019era una volta un garibaldino a Cuba 9\/03\/2010<\/a><\/strong><\/p>\n<p class=\"download\"><strong><a href=\"http:\/\/www.studiolegalesenatore.it\/images\/articoli\/guevara.pdf\" target=\"_blank\" rel=\"noopener noreferrer\">Leggi l&#8217;articolo pubblicato sul Corriere del Mezzogiorno &#8211; Economia &#8211; 8\/03\/2010<\/a><\/strong><\/p>\n<p class=\"stickynote\"><strong><a href=\"https:\/\/www.campaniachevai.it\/2010\/02\/5-marzo-2010-lanarchico-elegante-presentazione-del-libro-di-alessandro-senatore\/\" target=\"_blank\" rel=\"noopener noreferrer\">Leggi l&#8217;articolo su Campaniachevai<\/a><\/strong><\/p>\n<p class=\"blocknumber\"><strong><a href=\"http:\/\/www.eclipse-magazine.it\/concorsi-ed-eventi-letterari\/alessandro-senatore-qlanarchico-eleganteq.html\" target=\"_blank\" rel=\"noopener noreferrer\">Leggi l&#8217;articolo su eclipse-magazine!<\/a><\/strong><\/p>\n<p class=\"blocknumber\"><strong><a href=\"http:\/\/www.studiolegalesenatore.it\/avvocati\/cuba-morte-e-resurrezione-del-giovane-eroe-napoletano\/\" target=\"_blank\" rel=\"noopener noreferrer\">Cuba, morte e &#8220;resurrezione&#8221; del giovane eroe napoletano! &#8211; Mattino &#8211; Francesco Romanetti<\/a><\/strong><\/p>\n<p class=\"stickynote\"><strong><a title=\"L'anarchico Elegante - intervista - Lo Scaffale RAI3\" href=\"http:\/\/www.youtube.com\/v\/V4E_FD20Chk;hl=it&amp;fs=0&amp;autoplay=1\" rel=\"shadowbox;width=550;height=440;player=swf\">Vedi il video dell&#8217;intervista &#8211; Lo Scaffale Rai3<\/a><\/strong><\/p>\n<p class=\"stickynote\"><strong><a title=\"Ascolta - l'intervista - Radio Avana\" href=\"http:\/\/www.youtube.com\/v\/8k2PzHvII9E&amp;hl;hl=it&amp;fs=0&amp;autoplay=1\" rel=\"shadowbox;width=550;height=400;player=swf\">Ascolta &#8211; l&#8217;intervista su Radio Avana &#8211; PRIMA PARTE<\/a><\/strong><\/p>\n<p class=\"stickynote\"><strong><a title=\"Ascolta - l'intervista - Radio Avana\" href=\"http:\/\/www.youtube.com\/v\/tU7Hzmj2mh4&amp;hl;hl;hl=it&amp;fs=0&amp;autoplay=1\" rel=\"shadowbox;width=550;height=400;player=swf\">Ascolta &#8211; l&#8217;intervista su Radio Avana &#8211; SECONDA PARTE<\/a><\/strong><\/p>\n<p class=\"stickynote\"><div class=\"su-divider su-divider-style-dashed\" style=\"margin:15px 0;border-width:3px;border-color:#999999\"><\/div>\n<p class=\"stickynote\"><img src=\"http:\/\/www.studiolegalesenatore.it\/avvocati\/wp-content\/uploads\/2021\/03\/varie-edizioni-oreste.jpg\" \/><a href=\"http:\/\/www.metecalegre.com\/it\/home\/31-l-anarchico-elegante.html\" class=\"su-button su-button-style-default\" style=\"color:#FFFFFF;background-color:#2D89EF;border-color:#246ec0;border-radius:5px;-moz-border-radius:5px;-webkit-border-radius:5px\" target=\"_blank\" rel=\"noopener noreferrer\"><span style=\"color:#FFFFFF;padding:6px 16px;font-size:13px;line-height:20px;border-color:#6cadf4;border-radius:5px;-moz-border-radius:5px;-webkit-border-radius:5px;text-shadow:none;-moz-text-shadow:none;-webkit-text-shadow:none\"><i class=\"sui sui-arrow-right\" style=\"font-size:13px;color:#FFFFFF\"><\/i> Acquista la versione del libro in formato PDF<\/span><\/a>\u00a0 \u00a0 \u00a0<a href=\"https:\/\/www.amazon.it\/sciu%C3%A8-napoletana-maniera-Ernesto-Esposito\/dp\/8899928002\" class=\"su-button su-button-style-default\" style=\"color:#FFFFFF;background-color:#2D89EF;border-color:#246ec0;border-radius:5px;-moz-border-radius:5px;-webkit-border-radius:5px\" target=\"_blank\" rel=\"noopener noreferrer\"><span style=\"color:#FFFFFF;padding:6px 16px;font-size:13px;line-height:20px;border-color:#6cadf4;border-radius:5px;-moz-border-radius:5px;-webkit-border-radius:5px;text-shadow:none;-moz-text-shadow:none;-webkit-text-shadow:none\"><i class=\"sui sui-arrow-right\" style=\"font-size:13px;color:#FFFFFF\"><\/i> Edizione Spagnola disponibile su Amazon<\/span><\/a>\u00a0 \u00a0 \u00a0<a href=\"#\" class=\"su-button su-button-style-default\" style=\"color:#FFFFFF;background-color:#2D89EF;border-color:#246ec0;border-radius:5px;-moz-border-radius:5px;-webkit-border-radius:5px\" target=\"_self\"><span style=\"color:#FFFFFF;padding:6px 16px;font-size:13px;line-height:20px;border-color:#6cadf4;border-radius:5px;-moz-border-radius:5px;-webkit-border-radius:5px;text-shadow:none;-moz-text-shadow:none;-webkit-text-shadow:none\"><i class=\"sui sui-arrow-right\" style=\"font-size:13px;color:#FFFFFF\"><\/i> Per l&#8217;edizione Cartacea\u00a0telefona al +39 081 5784647<\/span><\/a>\n","protected":false},"excerpt":{"rendered":"<p>&nbsp; &#8220;Napoli fine ottocento. Un giovane anarchico trascinato dalla passione libertaria, decide di partire per Cuba e combattere al fianco degli insorti la guerra d\u2019indipendenza contro l\u2019impero coloniale spagnolo. Trovata la gloria, l\u2019amore e una nuova patria dovr\u00e0 scegliere se difendere i propri ideali o subire l\u2019attrazione fatale del potere &#8220;. &nbsp; \u00a0 \u00a0 \u00a0\u00a0 \u00a0 \u00a0 La vera storia di Oreste Ferrara Il protagonista di questo libro \u00e8 stato l&#8217;italiano che, da Colombo ad oggi, ha inciso maggiormente sulla vita pubblica cubana. Oltre ad essere stato un avvocato di prestigio, professore universitario e scrittore di livello internazionale ha rivestito, [&hellip;]<\/p>\n","protected":false},"author":1,"featured_media":1515,"comment_status":"closed","ping_status":"open","sticky":false,"template":"","format":"standard","meta":[],"categories":[18],"tags":[12,4,148,14,22],"_links":{"self":[{"href":"https:\/\/www.studiolegalesenatore.it\/avvocati\/wp-json\/wp\/v2\/posts\/1514"}],"collection":[{"href":"https:\/\/www.studiolegalesenatore.it\/avvocati\/wp-json\/wp\/v2\/posts"}],"about":[{"href":"https:\/\/www.studiolegalesenatore.it\/avvocati\/wp-json\/wp\/v2\/types\/post"}],"author":[{"embeddable":true,"href":"https:\/\/www.studiolegalesenatore.it\/avvocati\/wp-json\/wp\/v2\/users\/1"}],"replies":[{"embeddable":true,"href":"https:\/\/www.studiolegalesenatore.it\/avvocati\/wp-json\/wp\/v2\/comments?post=1514"}],"version-history":[{"count":382,"href":"https:\/\/www.studiolegalesenatore.it\/avvocati\/wp-json\/wp\/v2\/posts\/1514\/revisions"}],"predecessor-version":[{"id":2678,"href":"https:\/\/www.studiolegalesenatore.it\/avvocati\/wp-json\/wp\/v2\/posts\/1514\/revisions\/2678"}],"wp:featuredmedia":[{"embeddable":true,"href":"https:\/\/www.studiolegalesenatore.it\/avvocati\/wp-json\/wp\/v2\/media\/1515"}],"wp:attachment":[{"href":"https:\/\/www.studiolegalesenatore.it\/avvocati\/wp-json\/wp\/v2\/media?parent=1514"}],"wp:term":[{"taxonomy":"category","embeddable":true,"href":"https:\/\/www.studiolegalesenatore.it\/avvocati\/wp-json\/wp\/v2\/categories?post=1514"},{"taxonomy":"post_tag","embeddable":true,"href":"https:\/\/www.studiolegalesenatore.it\/avvocati\/wp-json\/wp\/v2\/tags?post=1514"}],"curies":[{"name":"wp","href":"https:\/\/api.w.org\/{rel}","templated":true}]}}